{"id":6501,"date":"2017-05-16T17:00:37","date_gmt":"2017-05-16T15:00:37","guid":{"rendered":"http:\/\/www.assocardan.org\/?p=6501"},"modified":"2017-06-09T14:21:13","modified_gmt":"2017-06-09T12:21:13","slug":"leitura-furiosa-2017-la-liste-des-textes","status":"publish","type":"post","link":"https:\/\/www.assocardan.org\/?p=6501","title":{"rendered":"[LEITURA FURIOSA 2017] &#8211; La liste des textes"},"content":{"rendered":"<p>Voici\u00a0la liste des textes de\u00a0Leitura Furiosa de cette ann\u00e9e\u00a02017.\u00a0<!--more--><\/p>\n<p>&nbsp;<\/p>\n<p>Pour lire les textes, cliquez sur les images.<\/p>\n<p>&nbsp;<\/p>\n<table border=\"0\">\n<tbody>\n<tr>\n<th style=\"text-align: center;\">Alice Bri\u00e8re-Haquet<\/th>\n<th style=\"text-align: center;\">C\u00e9cile Hennerolles<\/th>\n<\/tr>\n<tr>\n<td>\n<p><figure style=\"width: 210px\" class=\"wp-caption aligncenter\"><a href=\"http:\/\/www.assocardan.org\/?p=6395\" target=\"_blank\" rel=\"noopener noreferrer\"><img loading=\"lazy\" decoding=\"async\" class=\"aligncenter size-medium wp-image-6393\" src=\"http:\/\/www.assocardan.org\/wp-content\/uploads\/2017\/05\/LF2017-Briere-Haquet-vignette-210x300.png\" alt=\"\" width=\"210\" height=\"300\" srcset=\"https:\/\/www.assocardan.org\/wp-content\/uploads\/2017\/05\/LF2017-Briere-Haquet-vignette-210x300.png 210w, https:\/\/www.assocardan.org\/wp-content\/uploads\/2017\/05\/LF2017-Briere-Haquet-vignette-600x855.png 600w, https:\/\/www.assocardan.org\/wp-content\/uploads\/2017\/05\/LF2017-Briere-Haquet-vignette-400x570.png 400w, https:\/\/www.assocardan.org\/wp-content\/uploads\/2017\/05\/LF2017-Briere-Haquet-vignette-430x613.png 430w, https:\/\/www.assocardan.org\/wp-content\/uploads\/2017\/05\/LF2017-Briere-Haquet-vignette-150x214.png 150w, https:\/\/www.assocardan.org\/wp-content\/uploads\/2017\/05\/LF2017-Briere-Haquet-vignette-100x143.png 100w, https:\/\/www.assocardan.org\/wp-content\/uploads\/2017\/05\/LF2017-Briere-Haquet-vignette.png 623w\" sizes=\"auto, (max-width: 210px) 100vw, 210px\" \/><\/a><figcaption class=\"wp-caption-text\">Les enfants de Balzac<\/figcaption><\/figure><\/td>\n<td>\n<p><figure style=\"width: 213px\" class=\"wp-caption aligncenter\"><a href=\"http:\/\/www.assocardan.org\/?p=6415\" target=\"_blank\" rel=\"noopener noreferrer\"><img loading=\"lazy\" decoding=\"async\" class=\"aligncenter size-medium wp-image-6414\" src=\"http:\/\/www.assocardan.org\/wp-content\/uploads\/2017\/05\/HENNEROLLES-213x300.png\" alt=\"\" width=\"213\" height=\"300\" srcset=\"https:\/\/www.assocardan.org\/wp-content\/uploads\/2017\/05\/HENNEROLLES-213x300.png 213w, https:\/\/www.assocardan.org\/wp-content\/uploads\/2017\/05\/HENNEROLLES-600x845.png 600w, https:\/\/www.assocardan.org\/wp-content\/uploads\/2017\/05\/HENNEROLLES-400x563.png 400w, https:\/\/www.assocardan.org\/wp-content\/uploads\/2017\/05\/HENNEROLLES-430x605.png 430w, https:\/\/www.assocardan.org\/wp-content\/uploads\/2017\/05\/HENNEROLLES-150x211.png 150w, https:\/\/www.assocardan.org\/wp-content\/uploads\/2017\/05\/HENNEROLLES-100x141.png 100w, https:\/\/www.assocardan.org\/wp-content\/uploads\/2017\/05\/HENNEROLLES.png 630w\" sizes=\"auto, (max-width: 213px) 100vw, 213px\" \/><\/a><figcaption class=\"wp-caption-text\">Il suffirait de faire comme si c\u2019\u00e9tait un super-pouvoir, et que tu savais t\u2019en servir\u2026<\/figcaption><\/figure><\/td>\n<\/tr>\n<tr>\n<th style=\"text-align: center;\">Claire Ubac<\/th>\n<th style=\"text-align: center;\">Daniel Bonjour<\/th>\n<\/tr>\n<tr>\n<td>\n<p><figure style=\"width: 215px\" class=\"wp-caption aligncenter\"><a href=\"http:\/\/www.assocardan.org\/?p=6476\" target=\"_blank\" rel=\"noopener noreferrer\"><img loading=\"lazy\" decoding=\"async\" class=\"aligncenter size-medium wp-image-6475\" src=\"http:\/\/www.assocardan.org\/wp-content\/uploads\/2017\/05\/LF2017-ubac-vignette-215x300.png\" alt=\"\" width=\"215\" height=\"300\" srcset=\"https:\/\/www.assocardan.org\/wp-content\/uploads\/2017\/05\/LF2017-ubac-vignette-215x300.png 215w, https:\/\/www.assocardan.org\/wp-content\/uploads\/2017\/05\/LF2017-ubac-vignette-600x835.png 600w, https:\/\/www.assocardan.org\/wp-content\/uploads\/2017\/05\/LF2017-ubac-vignette-400x557.png 400w, https:\/\/www.assocardan.org\/wp-content\/uploads\/2017\/05\/LF2017-ubac-vignette-430x599.png 430w, https:\/\/www.assocardan.org\/wp-content\/uploads\/2017\/05\/LF2017-ubac-vignette-150x209.png 150w, https:\/\/www.assocardan.org\/wp-content\/uploads\/2017\/05\/LF2017-ubac-vignette-100x139.png 100w, https:\/\/www.assocardan.org\/wp-content\/uploads\/2017\/05\/LF2017-ubac-vignette.png 627w\" sizes=\"auto, (max-width: 215px) 100vw, 215px\" \/><\/a><figcaption class=\"wp-caption-text\">Ten messages in a bottle<\/figcaption><\/figure><\/td>\n<td>\n<p><figure style=\"width: 215px\" class=\"wp-caption aligncenter\"><a href=\"http:\/\/www.assocardan.org\/?p=6399\" target=\"_blank\" rel=\"noopener noreferrer\"><img loading=\"lazy\" decoding=\"async\" class=\"aligncenter size-medium wp-image-6398\" src=\"http:\/\/www.assocardan.org\/wp-content\/uploads\/2017\/05\/LF2017-Cadillac-Bonjour-vignette-215x300.png\" alt=\"\" width=\"215\" height=\"300\" srcset=\"https:\/\/www.assocardan.org\/wp-content\/uploads\/2017\/05\/LF2017-Cadillac-Bonjour-vignette-215x300.png 215w, https:\/\/www.assocardan.org\/wp-content\/uploads\/2017\/05\/LF2017-Cadillac-Bonjour-vignette-600x838.png 600w, https:\/\/www.assocardan.org\/wp-content\/uploads\/2017\/05\/LF2017-Cadillac-Bonjour-vignette-400x559.png 400w, https:\/\/www.assocardan.org\/wp-content\/uploads\/2017\/05\/LF2017-Cadillac-Bonjour-vignette-430x601.png 430w, https:\/\/www.assocardan.org\/wp-content\/uploads\/2017\/05\/LF2017-Cadillac-Bonjour-vignette-150x210.png 150w, https:\/\/www.assocardan.org\/wp-content\/uploads\/2017\/05\/LF2017-Cadillac-Bonjour-vignette-100x140.png 100w, https:\/\/www.assocardan.org\/wp-content\/uploads\/2017\/05\/LF2017-Cadillac-Bonjour-vignette.png 624w\" sizes=\"auto, (max-width: 215px) 100vw, 215px\" \/><\/a><figcaption class=\"wp-caption-text\">Un Vrai homme<\/figcaption><\/figure><\/td>\n<\/tr>\n<tr>\n<th style=\"text-align: center;\">Dominique Cornet<\/th>\n<th style=\"text-align: center;\">Dominique Sampiero<\/th>\n<\/tr>\n<tr>\n<td>\n<p><figure style=\"width: 214px\" class=\"wp-caption aligncenter\"><a href=\"http:\/\/www.assocardan.org\/?p=6407\" target=\"_blank\" rel=\"noopener noreferrer\"><img loading=\"lazy\" decoding=\"async\" class=\"aligncenter size-medium wp-image-6406\" src=\"http:\/\/www.assocardan.org\/wp-content\/uploads\/2017\/05\/LF2017-Cornet-vignette-214x300.png\" alt=\"\" width=\"214\" height=\"300\" srcset=\"https:\/\/www.assocardan.org\/wp-content\/uploads\/2017\/05\/LF2017-Cornet-vignette-214x300.png 214w, https:\/\/www.assocardan.org\/wp-content\/uploads\/2017\/05\/LF2017-Cornet-vignette-600x840.png 600w, https:\/\/www.assocardan.org\/wp-content\/uploads\/2017\/05\/LF2017-Cornet-vignette-400x560.png 400w, https:\/\/www.assocardan.org\/wp-content\/uploads\/2017\/05\/LF2017-Cornet-vignette-430x602.png 430w, https:\/\/www.assocardan.org\/wp-content\/uploads\/2017\/05\/LF2017-Cornet-vignette-150x210.png 150w, https:\/\/www.assocardan.org\/wp-content\/uploads\/2017\/05\/LF2017-Cornet-vignette-100x140.png 100w, https:\/\/www.assocardan.org\/wp-content\/uploads\/2017\/05\/LF2017-Cornet-vignette.png 628w\" sizes=\"auto, (max-width: 214px) 100vw, 214px\" \/><\/a><figcaption class=\"wp-caption-text\">R\u00eaver c\u2019est voyager<\/figcaption><\/figure><\/td>\n<td>\n<p><figure style=\"width: 211px\" class=\"wp-caption aligncenter\"><a href=\"http:\/\/www.assocardan.org\/?p=6466\" target=\"_blank\" rel=\"noopener noreferrer\"><img loading=\"lazy\" decoding=\"async\" class=\"aligncenter size-medium wp-image-6465\" src=\"http:\/\/www.assocardan.org\/wp-content\/uploads\/2017\/05\/LF2017-Sampiero-vignette-211x300.png\" alt=\"\" width=\"211\" height=\"300\" srcset=\"https:\/\/www.assocardan.org\/wp-content\/uploads\/2017\/05\/LF2017-Sampiero-vignette-211x300.png 211w, https:\/\/www.assocardan.org\/wp-content\/uploads\/2017\/05\/LF2017-Sampiero-vignette-600x854.png 600w, https:\/\/www.assocardan.org\/wp-content\/uploads\/2017\/05\/LF2017-Sampiero-vignette-400x569.png 400w, https:\/\/www.assocardan.org\/wp-content\/uploads\/2017\/05\/LF2017-Sampiero-vignette-430x612.png 430w, https:\/\/www.assocardan.org\/wp-content\/uploads\/2017\/05\/LF2017-Sampiero-vignette-150x213.png 150w, https:\/\/www.assocardan.org\/wp-content\/uploads\/2017\/05\/LF2017-Sampiero-vignette-100x142.png 100w, https:\/\/www.assocardan.org\/wp-content\/uploads\/2017\/05\/LF2017-Sampiero-vignette.png 622w\" sizes=\"auto, (max-width: 211px) 100vw, 211px\" \/><\/a><figcaption class=\"wp-caption-text\">Le silence des autres<\/figcaption><\/figure><\/td>\n<\/tr>\n<tr>\n<th style=\"text-align: center;\">Ella Balaert<\/th>\n<th style=\"text-align: center;\">Em\u00edlio Remelhe<\/th>\n<\/tr>\n<tr>\n<td>\n<p><figure style=\"width: 211px\" class=\"wp-caption aligncenter\"><a href=\"http:\/\/www.assocardan.org\/?p=6391\" target=\"_blank\" rel=\"noopener noreferrer\"><img loading=\"lazy\" decoding=\"async\" src=\"http:\/\/www.assocardan.org\/wp-content\/uploads\/2017\/05\/LF2017-Balaert-vignette.png\" alt=\"\" width=\"211\" height=\"300\" \/><\/a><figcaption class=\"wp-caption-text\">D\u2019apr\u00e8s &#8220;Je suis&#8221; de Bigflo et Oli<\/figcaption><\/figure><\/td>\n<td>\n<p><figure style=\"width: 211px\" class=\"wp-caption aligncenter\"><a href=\"http:\/\/www.assocardan.org\/?p=6458\" target=\"_blank\" rel=\"noopener noreferrer\"><img loading=\"lazy\" decoding=\"async\" src=\"http:\/\/www.assocardan.org\/wp-content\/uploads\/2017\/05\/LF2017-remelhe-vignette.png\" alt=\"\" width=\"211\" height=\"300\" \/><\/a><figcaption class=\"wp-caption-text\">Et si dans une cour un cours<\/figcaption><\/figure><\/td>\n<\/tr>\n<tr>\n<th style=\"text-align: center;\">Eric Sanvoisin<\/th>\n<th style=\"text-align: center;\">Filomena Marona Beja<\/th>\n<\/tr>\n<tr>\n<td>\n<p><figure style=\"width: 211px\" class=\"wp-caption aligncenter\"><a href=\"http:\/\/www.assocardan.org\/?p=6472\" target=\"_blank\" rel=\"noopener noreferrer\"><img loading=\"lazy\" decoding=\"async\" src=\"http:\/\/www.assocardan.org\/wp-content\/uploads\/2017\/05\/LF2017-sanvoisin-vignette.png\" alt=\"\" width=\"211\" height=\"300\" \/><\/a><figcaption class=\"wp-caption-text\">Des roues \u00e0 la place des pieds<\/figcaption><\/figure><\/td>\n<td>\n<p><figure style=\"width: 211px\" class=\"wp-caption aligncenter\"><a href=\"http:\/\/www.assocardan.org\/?p=6435\" target=\"_blank\" rel=\"noopener noreferrer\"><img loading=\"lazy\" decoding=\"async\" src=\"http:\/\/www.assocardan.org\/wp-content\/uploads\/2017\/05\/LF2017-Filomena-vignette.png\" alt=\"\" width=\"211\" height=\"300\" \/><\/a><figcaption class=\"wp-caption-text\">Au march\u00e9, avec Zapata et Lampi\u00e3o d\u2019Ailly<\/figcaption><\/figure><\/td>\n<\/tr>\n<tr>\n<th style=\"text-align: center;\">G\u00e9rard Alle<\/th>\n<th style=\"text-align: center;\">Guillaume Ch\u00e9rel<\/th>\n<\/tr>\n<tr>\n<td>\n<p><figure style=\"width: 211px\" class=\"wp-caption aligncenter\"><a href=\"http:\/\/www.assocardan.org\/?p=6387\" target=\"_blank\" rel=\"noopener noreferrer\"><img loading=\"lazy\" decoding=\"async\" src=\"http:\/\/www.assocardan.org\/wp-content\/uploads\/2017\/05\/LF2017-Alle-vignette.png\" alt=\"\" width=\"211\" height=\"300\" \/><\/a><figcaption class=\"wp-caption-text\">Au bout du monde d\u2019Ailly<\/figcaption><\/figure><\/td>\n<td>\n<p><figure style=\"width: 211px\" class=\"wp-caption aligncenter\"><a href=\"http:\/\/www.assocardan.org\/?p=6401\" target=\"_blank\" rel=\"noopener noreferrer\"><img loading=\"lazy\" decoding=\"async\" src=\"http:\/\/www.assocardan.org\/wp-content\/uploads\/2017\/05\/LF2017-Cherel-vignette.png\" alt=\"\" width=\"211\" height=\"300\" \/><\/a><figcaption class=\"wp-caption-text\">Soudain le Soudan !<\/figcaption><\/figure><\/td>\n<\/tr>\n<tr>\n<th style=\"text-align: center;\">Hafid AGGOUNE<\/th>\n<th style=\"text-align: center;\">Jean-Claude Lalumi\u00e8re<\/th>\n<\/tr>\n<tr>\n<td>\n<p><figure style=\"width: 211px\" class=\"wp-caption aligncenter\"><a href=\"http:\/\/www.assocardan.org\/?p=6378\" target=\"_blank\" rel=\"noopener noreferrer\"><img loading=\"lazy\" decoding=\"async\" src=\"http:\/\/www.assocardan.org\/wp-content\/uploads\/2017\/05\/LF2017-Aggoune-vignette.png\" alt=\"\" width=\"211\" height=\"300\" \/><\/a><figcaption class=\"wp-caption-text\">M\u00eame les pierres sont vivantes<\/figcaption><\/figure><\/td>\n<td>\n<p><figure style=\"width: 211px\" class=\"wp-caption aligncenter\"><a href=\"http:\/\/www.assocardan.org\/?p=6427\" target=\"_blank\" rel=\"noopener noreferrer\"><img loading=\"lazy\" decoding=\"async\" src=\"http:\/\/www.assocardan.org\/wp-content\/uploads\/2017\/05\/LF2017-Lalumiere-vignette.png\" alt=\"\" width=\"211\" height=\"300\" \/><\/a><figcaption class=\"wp-caption-text\">Le voyage sans bouger<\/figcaption><\/figure><\/td>\n<\/tr>\n<tr>\n<th style=\"text-align: center;\">Luca Argel<\/th>\n<th style=\"text-align: center;\">Nicolas Jaillet<\/th>\n<\/tr>\n<tr>\n<td>\n<p><figure style=\"width: 211px\" class=\"wp-caption aligncenter\"><a href=\"http:\/\/www.assocardan.org\/?p=6453\" target=\"_blank\" rel=\"noopener noreferrer\"><img loading=\"lazy\" decoding=\"async\" src=\"http:\/\/www.assocardan.org\/wp-content\/uploads\/2017\/05\/LF2017-Argel-vignette.png\" alt=\"\" width=\"211\" height=\"300\" \/><\/a><figcaption class=\"wp-caption-text\">A la t\u00e9l\u00e9 j\u2019ai vu\u2026<\/figcaption><\/figure><\/td>\n<td>\n<p><figure style=\"width: 211px\" class=\"wp-caption aligncenter\"><a href=\"http:\/\/www.assocardan.org\/?p=6419\" target=\"_blank\" rel=\"noopener noreferrer\"><img loading=\"lazy\" decoding=\"async\" src=\"http:\/\/www.assocardan.org\/wp-content\/uploads\/2017\/05\/LF2017-Jaillet-vignette.png\" alt=\"\" width=\"211\" height=\"300\" \/><\/a><figcaption class=\"wp-caption-text\">Wonder Wemen<\/figcaption><\/figure><\/td>\n<\/tr>\n<tr>\n<th style=\"text-align: center;\">Nuno Milagre<\/th>\n<th style=\"text-align: center;\">Pascal Millet<\/th>\n<\/tr>\n<tr>\n<td>\n<p><figure style=\"width: 211px\" class=\"wp-caption aligncenter\"><a href=\"http:\/\/www.assocardan.org\/?p=6439\" target=\"_blank\" rel=\"noopener noreferrer\"><img loading=\"lazy\" decoding=\"async\" src=\"http:\/\/www.assocardan.org\/wp-content\/uploads\/2017\/05\/LF2017-Milagre-vignette.png\" alt=\"\" width=\"211\" height=\"300\" \/><\/a><figcaption class=\"wp-caption-text\">Hors sc\u00e8ne<\/figcaption><\/figure><\/td>\n<td>\n<p><figure style=\"width: 211px\" class=\"wp-caption aligncenter\"><a href=\"http:\/\/www.assocardan.org\/?p=6444\" target=\"_blank\" rel=\"noopener noreferrer\"><img loading=\"lazy\" decoding=\"async\" src=\"http:\/\/www.assocardan.org\/wp-content\/uploads\/2017\/05\/LF2017-Millet-vignette.png\" alt=\"\" width=\"211\" height=\"300\" \/><\/a><figcaption class=\"wp-caption-text\">Si j\u2019\u00e9tais Pr\u00e9sident\u2026<\/figcaption><\/figure><\/td>\n<\/tr>\n<tr>\n<th style=\"text-align: center;\">Patrick Poitevin-Duquesne<\/th>\n<th style=\"text-align: center;\">Perrine LE QUERREC<\/th>\n<\/tr>\n<tr>\n<td>\n<p><figure style=\"width: 211px\" class=\"wp-caption aligncenter\"><a href=\"http:\/\/www.assocardan.org\/?p=6449\" target=\"_blank\" rel=\"noopener noreferrer\"><img loading=\"lazy\" decoding=\"async\" src=\"http:\/\/www.assocardan.org\/wp-content\/uploads\/2017\/05\/LF2017-Poitevin-vignette.png\" alt=\"\" width=\"211\" height=\"300\" \/><\/a><figcaption class=\"wp-caption-text\">L\u2019inanit\u00e9 des d\u00e9bats t\u00e9l\u00e9vis\u00e9s peut nuire gravement \u00e0 la s\u00e9r\u00e9nit\u00e9 des rongeurs\u2026<\/figcaption><\/figure><\/td>\n<td>\n<p><figure style=\"width: 211px\" class=\"wp-caption aligncenter\"><a href=\"http:\/\/www.assocardan.org\/?p=6431\" target=\"_blank\" rel=\"noopener noreferrer\"><img loading=\"lazy\" decoding=\"async\" src=\"http:\/\/www.assocardan.org\/wp-content\/uploads\/2017\/05\/LF2017-lequerrec-vignette.png\" alt=\"\" width=\"211\" height=\"300\" \/><\/a><figcaption class=\"wp-caption-text\">Carnet de croquis<\/figcaption><\/figure><\/td>\n<\/tr>\n<tr>\n<th style=\"text-align: center;\">Philippe LACOCHE<\/th>\n<th style=\"text-align: center;\">Regina Guimar\u00e3es<\/th>\n<\/tr>\n<tr>\n<td>\n<p><figure style=\"width: 211px\" class=\"wp-caption aligncenter\"><a href=\"http:\/\/www.assocardan.org\/?p=6423\" target=\"_blank\" rel=\"noopener noreferrer\"><img loading=\"lazy\" decoding=\"async\" src=\"http:\/\/www.assocardan.org\/wp-content\/uploads\/2017\/05\/LF2017-LACOCHE-vignette.png\" alt=\"\" width=\"211\" height=\"300\" \/><\/a><figcaption class=\"wp-caption-text\">La f\u00e9e verte sous un ciel gris<\/figcaption><\/figure><\/td>\n<td>\n<p><figure style=\"width: 211px\" class=\"wp-caption aligncenter\"><a href=\"http:\/\/www.assocardan.org\/?p=6411\" target=\"_blank\" rel=\"noopener noreferrer\"><img loading=\"lazy\" decoding=\"async\" src=\"http:\/\/www.assocardan.org\/wp-content\/uploads\/2017\/05\/LF2017-Guimares-vignette.png\" alt=\"\" width=\"211\" height=\"300\" \/><\/a><figcaption class=\"wp-caption-text\">Peine avec sursis, Bracelet \u00e9lectronique<\/figcaption><\/figure><\/td>\n<\/tr>\n<tr>\n<th style=\"text-align: center;\">Saguenail<\/th>\n<th style=\"text-align: center;\">Zemanel<\/th>\n<\/tr>\n<tr>\n<td>\n<p><figure style=\"width: 211px\" class=\"wp-caption aligncenter\"><a href=\"http:\/\/www.assocardan.org\/?p=6460\" target=\"_blank\" rel=\"noopener noreferrer\"><img loading=\"lazy\" decoding=\"async\" src=\"http:\/\/www.assocardan.org\/wp-content\/uploads\/2017\/05\/Saguenail.png\" alt=\"\" width=\"211\" height=\"300\" \/><\/a><figcaption class=\"wp-caption-text\">Un bon flic comme un bon indien<\/figcaption><\/figure><\/td>\n<td>\n<p><figure style=\"width: 211px\" class=\"wp-caption aligncenter\"><a href=\"http:\/\/www.assocardan.org\/?p=6480\" target=\"_blank\" rel=\"noopener noreferrer\"><img loading=\"lazy\" decoding=\"async\" src=\"http:\/\/www.assocardan.org\/wp-content\/uploads\/2017\/05\/LF2017-Zemanel-vignette.png\" alt=\"\" width=\"211\" height=\"300\" \/><\/a><figcaption class=\"wp-caption-text\">Chai pas et toi ?<\/figcaption><\/figure><\/td>\n<\/tr>\n<\/tbody>\n<\/table>\n","protected":false},"excerpt":{"rendered":"<p>Voici\u00a0la liste des textes de\u00a0Leitura Furiosa de cette ann\u00e9e\u00a02017.\u00a0<\/p>\n","protected":false},"author":1,"featured_media":0,"comment_status":"closed","ping_status":"closed","sticky":false,"template":"","format":"standard","meta":{"footnotes":""},"categories":[297,306],"tags":[126,30,34,44,298,58,29],"class_list":["post-6501","post","type-post","status-publish","format-standard","hentry","category-leitura-furiosa-2017","category-textes-de-leitura-furiosa-2017","tag-amiens","tag-le-cardan","tag-lecture","tag-leitura-furiosa","tag-leitura-furiosa-2017","tag-maison-de-la-culture","tag-textes-2"],"_links":{"self":[{"href":"https:\/\/www.assocardan.org\/index.php?rest_route=\/wp\/v2\/posts\/6501","targetHints":{"allow":["GET"]}}],"collection":[{"href":"https:\/\/www.assocardan.org\/index.php?rest_route=\/wp\/v2\/posts"}],"about":[{"href":"https:\/\/www.assocardan.org\/index.php?rest_route=\/wp\/v2\/types\/post"}],"author":[{"embeddable":true,"href":"https:\/\/www.assocardan.org\/index.php?rest_route=\/wp\/v2\/users\/1"}],"replies":[{"embeddable":true,"href":"https:\/\/www.assocardan.org\/index.php?rest_route=%2Fwp%2Fv2%2Fcomments&post=6501"}],"version-history":[{"count":65,"href":"https:\/\/www.assocardan.org\/index.php?rest_route=\/wp\/v2\/posts\/6501\/revisions"}],"predecessor-version":[{"id":6606,"href":"https:\/\/www.assocardan.org\/index.php?rest_route=\/wp\/v2\/posts\/6501\/revisions\/6606"}],"wp:attachment":[{"href":"https:\/\/www.assocardan.org\/index.php?rest_route=%2Fwp%2Fv2%2Fmedia&parent=6501"}],"wp:term":[{"taxonomy":"category","embeddable":true,"href":"https:\/\/www.assocardan.org\/index.php?rest_route=%2Fwp%2Fv2%2Fcategories&post=6501"},{"taxonomy":"post_tag","embeddable":true,"href":"https:\/\/www.assocardan.org\/index.php?rest_route=%2Fwp%2Fv2%2Ftags&post=6501"}],"curies":[{"name":"wp","href":"https:\/\/api.w.org\/{rel}","templated":true}]}}