{"id":653,"date":"2012-05-16T20:38:12","date_gmt":"2012-05-16T18:38:12","guid":{"rendered":"http:\/\/www.assocardan.org\/?p=653"},"modified":"2016-04-08T15:33:39","modified_gmt":"2016-04-08T13:33:39","slug":"segunda-chance","status":"publish","type":"post","link":"https:\/\/www.assocardan.org\/?p=653","title":{"rendered":"Segunda chance"},"content":{"rendered":"<p style=\"text-align: justify;\"><em>Pedro Eiras, com Beatriz, Bruno, Cap\u00e3o, Espanhol, Jo\u00e3o, Jos\u00e9, F\u00e1bio, Mariana, Nuno, Patr\u00edcia, Paulo, Ricardo, V\u00edtor e JAS na Escola de Segunda Oportunidade.<br \/>\nTexte Pedro Eiras. Dessins JAS<\/em><\/p>\n<p><a href=\"http:\/\/www.assocardan.org\/wp-content\/uploads\/2012\/05\/JAS-2.jpeg\"><img loading=\"lazy\" decoding=\"async\" class=\"aligncenter size-full wp-image-655\" title=\"JAS 2\" src=\"http:\/\/www.assocardan.org\/wp-content\/uploads\/2012\/05\/JAS-2.jpeg\" alt=\"\" width=\"320\" height=\"225\" srcset=\"https:\/\/www.assocardan.org\/wp-content\/uploads\/2012\/05\/JAS-2.jpeg 320w, https:\/\/www.assocardan.org\/wp-content\/uploads\/2012\/05\/JAS-2-300x210.jpg 300w\" sizes=\"auto, (max-width: 320px) 100vw, 320px\" \/><\/a><\/p>\n<p><strong>Segunda chance<\/strong><\/p>\n<p>eu tenho um gesto dentro de mim<br \/>\nproibido<br \/>\ne uma rima para o esconder<br \/>\nda tribo<\/p>\n<p>um gesto que n\u00e3o cabe num livro<br \/>\ns\u00f3 num desenho<br \/>\nou numa dor<br \/>\nem sintetizador<\/p>\n<p><a href=\"http:\/\/www.assocardan.org\/wp-content\/uploads\/2012\/05\/JAS-1.jpeg\"><img loading=\"lazy\" decoding=\"async\" class=\"aligncenter size-full wp-image-654\" title=\"JAS 1\" src=\"http:\/\/www.assocardan.org\/wp-content\/uploads\/2012\/05\/JAS-1.jpeg\" alt=\"\" width=\"320\" height=\"222\" srcset=\"https:\/\/www.assocardan.org\/wp-content\/uploads\/2012\/05\/JAS-1.jpeg 320w, https:\/\/www.assocardan.org\/wp-content\/uploads\/2012\/05\/JAS-1-300x208.jpg 300w\" sizes=\"auto, (max-width: 320px) 100vw, 320px\" \/><\/a><\/p>\n<p>dou o que n\u00e3o tenho<\/p>\n<p>a bom entendedor<br \/>\ncada palavra inteira<br \/>\ncorto a meio<\/p>\n<p>corto a medo<br \/>\ncorto a direito<br \/>\nfinjo que rio<br \/>\ndo que levo a peito<\/p>\n<p>se os gestos prendo<br \/>\nse as palavras ato<br \/>\nse comigo jogo<br \/>\nao gato e ao rato<\/p>\n<p>se te olho nos olhos<br \/>\nse acordo do transe<br \/>\ndiz que me d\u00e1s<br \/>\numa segunda chance<\/p>\n","protected":false},"excerpt":{"rendered":"<p>Pedro Eiras, com Beatriz, Bruno, Cap\u00e3o, Espanhol, Jo\u00e3o, Jos\u00e9, F\u00e1bio, Mariana, Nuno, Patr\u00edcia, Paulo, Ricardo, V\u00edtor e JAS na Escola de Segunda Oportunidade. Texte Pedro Eiras. Dessins JAS Segunda chance [&hellip;]<\/p>\n","protected":false},"author":1,"featured_media":654,"comment_status":"closed","ping_status":"closed","sticky":false,"template":"","format":"standard","meta":{"footnotes":""},"categories":[24,231,205,157,23],"tags":[26,22,55,64,29,238],"class_list":["post-653","post","type-post","status-publish","format-standard","has-post-thumbnail","hentry","category-leitura2009","category-festivals","category-leitura-furiosa-2012","category-leitura-furiosa-2013","category-textes","tag-20-ans","tag-leitura-furiosa-2012","tag-lisbonne","tag-portugal","tag-textes-2","tag-textes-portugais"],"_links":{"self":[{"href":"https:\/\/www.assocardan.org\/index.php?rest_route=\/wp\/v2\/posts\/653","targetHints":{"allow":["GET"]}}],"collection":[{"href":"https:\/\/www.assocardan.org\/index.php?rest_route=\/wp\/v2\/posts"}],"about":[{"href":"https:\/\/www.assocardan.org\/index.php?rest_route=\/wp\/v2\/types\/post"}],"author":[{"embeddable":true,"href":"https:\/\/www.assocardan.org\/index.php?rest_route=\/wp\/v2\/users\/1"}],"replies":[{"embeddable":true,"href":"https:\/\/www.assocardan.org\/index.php?rest_route=%2Fwp%2Fv2%2Fcomments&post=653"}],"version-history":[{"count":5,"href":"https:\/\/www.assocardan.org\/index.php?rest_route=\/wp\/v2\/posts\/653\/revisions"}],"predecessor-version":[{"id":1043,"href":"https:\/\/www.assocardan.org\/index.php?rest_route=\/wp\/v2\/posts\/653\/revisions\/1043"}],"wp:featuredmedia":[{"embeddable":true,"href":"https:\/\/www.assocardan.org\/index.php?rest_route=\/wp\/v2\/media\/654"}],"wp:attachment":[{"href":"https:\/\/www.assocardan.org\/index.php?rest_route=%2Fwp%2Fv2%2Fmedia&parent=653"}],"wp:term":[{"taxonomy":"category","embeddable":true,"href":"https:\/\/www.assocardan.org\/index.php?rest_route=%2Fwp%2Fv2%2Fcategories&post=653"},{"taxonomy":"post_tag","embeddable":true,"href":"https:\/\/www.assocardan.org\/index.php?rest_route=%2Fwp%2Fv2%2Ftags&post=653"}],"curies":[{"name":"wp","href":"https:\/\/api.w.org\/{rel}","templated":true}]}}