{"id":6546,"date":"2017-05-23T21:51:20","date_gmt":"2017-05-23T19:51:20","guid":{"rendered":"http:\/\/www.assocardan.org\/?p=6546"},"modified":"2017-05-23T21:51:20","modified_gmt":"2017-05-23T19:51:20","slug":"festival-lire-en-baie-du-crotoy-au-mois-de-juin-proposition-de-lectures-par-le-groupe-de-rue","status":"publish","type":"post","link":"https:\/\/www.assocardan.org\/?p=6546","title":{"rendered":"Festival &#8220;Lire en Baie&#8221; du Crotoy au mois de juin, proposition de lectures par le groupe de Rue"},"content":{"rendered":"<p>La premi\u00e8re \u00e9dition du festival\u00a0&#8220;<strong>Lire en Baie<\/strong>&#8221; aura lieu, les <span style=\"color: #000000;\"><strong>3 et 4 juin 2017<\/strong><\/span>,\u00a0 au Crotoy.\u00a0<!--more--><\/p>\n<p>&nbsp;<\/p>\n<p>&nbsp;<\/p>\n<p><img loading=\"lazy\" decoding=\"async\" class=\"aligncenter wp-image-6553 size-full\" src=\"http:\/\/www.assocardan.org\/wp-content\/uploads\/2017\/05\/Lire-en-Baie-image.png\" alt=\"\" width=\"960\" height=\"362\" srcset=\"https:\/\/www.assocardan.org\/wp-content\/uploads\/2017\/05\/Lire-en-Baie-image.png 960w, https:\/\/www.assocardan.org\/wp-content\/uploads\/2017\/05\/Lire-en-Baie-image-300x113.png 300w, https:\/\/www.assocardan.org\/wp-content\/uploads\/2017\/05\/Lire-en-Baie-image-600x226.png 600w, https:\/\/www.assocardan.org\/wp-content\/uploads\/2017\/05\/Lire-en-Baie-image-750x283.png 750w, https:\/\/www.assocardan.org\/wp-content\/uploads\/2017\/05\/Lire-en-Baie-image-400x151.png 400w, https:\/\/www.assocardan.org\/wp-content\/uploads\/2017\/05\/Lire-en-Baie-image-430x162.png 430w, https:\/\/www.assocardan.org\/wp-content\/uploads\/2017\/05\/Lire-en-Baie-image-150x57.png 150w, https:\/\/www.assocardan.org\/wp-content\/uploads\/2017\/05\/Lire-en-Baie-image-100x38.png 100w\" sizes=\"auto, (max-width: 960px) 100vw, 960px\" \/><\/p>\n<p>&nbsp;<\/p>\n<p style=\"padding-left: 30px;\">Pour cette premi\u00e8re \u00e9dition, le groupe Cardan de Rue a \u00e9t\u00e9 invit\u00e9 \u00e0 proposer des lectures.<\/p>\n<h4 style=\"padding-left: 30px;\">Les lectures\u00a0se d\u00e9roulerons le <span style=\"color: #ff0000;\">samedi 3 juin \u00e0 partir de 16h au &#8221; Magic Mirror&#8221;<\/span>.<\/h4>\n<p style=\"padding-left: 30px;\">Un merci tout particulier \u00e0 <strong>Catherine Zambon<\/strong> qui entra\u00eene amicalement les lecteurs &#8230;<\/p>\n<p>&nbsp;<\/p>\n<p style=\"padding-left: 30px;\"><em>Vous trouverez plus de d\u00e9tails sur la F\u00eate du Livre du Crotoy <strong><a href=\"https:\/\/lireenbaie.jimdo.com\/\" target=\"_blank\" rel=\"noopener noreferrer\">en cliquant sur ce lien<\/a><\/strong>.<\/em><\/p>\n<p>&nbsp;<\/p>\n<p>&nbsp;<\/p>\n","protected":false},"excerpt":{"rendered":"<p>La premi\u00e8re \u00e9dition du festival\u00a0&#8220;Lire en Baie&#8221; aura lieu, les 3 et 4 juin 2017,\u00a0 au Crotoy.\u00a0<\/p>\n","protected":false},"author":1,"featured_media":6553,"comment_status":"closed","ping_status":"closed","sticky":false,"template":"","format":"standard","meta":{"footnotes":""},"categories":[11,10],"tags":[30,128,331,332,116],"class_list":["post-6546","post","type-post","status-publish","format-standard","has-post-thumbnail","hentry","category-evenements","category-cardan","tag-le-cardan","tag-le-crotoy","tag-lectures","tag-lire-en-baie","tag-rue"],"_links":{"self":[{"href":"https:\/\/www.assocardan.org\/index.php?rest_route=\/wp\/v2\/posts\/6546","targetHints":{"allow":["GET"]}}],"collection":[{"href":"https:\/\/www.assocardan.org\/index.php?rest_route=\/wp\/v2\/posts"}],"about":[{"href":"https:\/\/www.assocardan.org\/index.php?rest_route=\/wp\/v2\/types\/post"}],"author":[{"embeddable":true,"href":"https:\/\/www.assocardan.org\/index.php?rest_route=\/wp\/v2\/users\/1"}],"replies":[{"embeddable":true,"href":"https:\/\/www.assocardan.org\/index.php?rest_route=%2Fwp%2Fv2%2Fcomments&post=6546"}],"version-history":[{"count":12,"href":"https:\/\/www.assocardan.org\/index.php?rest_route=\/wp\/v2\/posts\/6546\/revisions"}],"predecessor-version":[{"id":6559,"href":"https:\/\/www.assocardan.org\/index.php?rest_route=\/wp\/v2\/posts\/6546\/revisions\/6559"}],"wp:featuredmedia":[{"embeddable":true,"href":"https:\/\/www.assocardan.org\/index.php?rest_route=\/wp\/v2\/media\/6553"}],"wp:attachment":[{"href":"https:\/\/www.assocardan.org\/index.php?rest_route=%2Fwp%2Fv2%2Fmedia&parent=6546"}],"wp:term":[{"taxonomy":"category","embeddable":true,"href":"https:\/\/www.assocardan.org\/index.php?rest_route=%2Fwp%2Fv2%2Fcategories&post=6546"},{"taxonomy":"post_tag","embeddable":true,"href":"https:\/\/www.assocardan.org\/index.php?rest_route=%2Fwp%2Fv2%2Ftags&post=6546"}],"curies":[{"name":"wp","href":"https:\/\/api.w.org\/{rel}","templated":true}]}}