{"id":6561,"date":"2017-06-05T15:02:11","date_gmt":"2017-06-05T13:02:11","guid":{"rendered":"http:\/\/www.assocardan.org\/?p=6561"},"modified":"2017-06-05T15:02:11","modified_gmt":"2017-06-05T13:02:11","slug":"et-les-livres-trouverent-leur-place-article-du-jda-n840","status":"publish","type":"post","link":"https:\/\/www.assocardan.org\/?p=6561","title":{"rendered":"&#8220;Et les livres trouv\u00e8rent leur place&#8221; &#8211; article du JDA N\u00b0840"},"content":{"rendered":"<p>Un article concernant la biblioth\u00e8que de rue dans le secteur des parcheminiers \u00e0 <strong>Saint-Leu<\/strong>, a \u00e9t\u00e9 publi\u00e9 dans le <strong>Journal d&#8217;Amiens et d&#8217;Amiens M\u00e9tropole<\/strong> N\u00b0840.<!--more--><\/p>\n<p>&nbsp;<\/p>\n<p>Pour\u00a0lire l\u2019article, <a href=\"http:\/\/www.assocardan.org\/wp-content\/uploads\/2017\/06\/jda20840.pdf#page=16\" target=\"_blank\" rel=\"noopener noreferrer\"><strong>cliquez sur ce lien<\/strong><\/a> ou sur l\u2019image ci-dessous :<\/p>\n<p>&nbsp;<\/p>\n<p><a href=\"http:\/\/www.assocardan.org\/wp-content\/uploads\/2017\/06\/jda20840.pdf#page=16\" target=\"_blank\" rel=\"noopener noreferrer\"><img loading=\"lazy\" decoding=\"async\" class=\"aligncenter wp-image-6564\" src=\"http:\/\/www.assocardan.org\/wp-content\/uploads\/2017\/06\/JDA840-cardan-parcheminiers-300x237.jpg\" alt=\"JDA840-cardan-parcheminiers\" width=\"500\" height=\"394\" srcset=\"https:\/\/www.assocardan.org\/wp-content\/uploads\/2017\/06\/JDA840-cardan-parcheminiers-300x237.jpg 300w, https:\/\/www.assocardan.org\/wp-content\/uploads\/2017\/06\/JDA840-cardan-parcheminiers-1024x807.jpg 1024w, https:\/\/www.assocardan.org\/wp-content\/uploads\/2017\/06\/JDA840-cardan-parcheminiers-600x473.jpg 600w, https:\/\/www.assocardan.org\/wp-content\/uploads\/2017\/06\/JDA840-cardan-parcheminiers-750x591.jpg 750w, https:\/\/www.assocardan.org\/wp-content\/uploads\/2017\/06\/JDA840-cardan-parcheminiers-400x315.jpg 400w, https:\/\/www.assocardan.org\/wp-content\/uploads\/2017\/06\/JDA840-cardan-parcheminiers-430x339.jpg 430w, https:\/\/www.assocardan.org\/wp-content\/uploads\/2017\/06\/JDA840-cardan-parcheminiers-150x118.jpg 150w, https:\/\/www.assocardan.org\/wp-content\/uploads\/2017\/06\/JDA840-cardan-parcheminiers-100x79.jpg 100w, https:\/\/www.assocardan.org\/wp-content\/uploads\/2017\/06\/JDA840-cardan-parcheminiers.jpg 1153w\" sizes=\"auto, (max-width: 500px) 100vw, 500px\" \/><\/a><\/p>\n","protected":false},"excerpt":{"rendered":"<p>Un article concernant la biblioth\u00e8que de rue dans le secteur des parcheminiers \u00e0 Saint-Leu, a \u00e9t\u00e9 publi\u00e9 dans le Journal d&#8217;Amiens et d&#8217;Amiens M\u00e9tropole N\u00b0840.<\/p>\n","protected":false},"author":1,"featured_media":6564,"comment_status":"closed","ping_status":"closed","sticky":false,"template":"","format":"standard","meta":{"footnotes":""},"categories":[90],"tags":[35,334,30,333,285],"class_list":["post-6561","post","type-post","status-publish","format-standard","has-post-thumbnail","hentry","category-revue-de-presse","tag-bibliotheques-de-rue","tag-jda","tag-le-cardan","tag-parcheminiers","tag-saint-leu"],"_links":{"self":[{"href":"https:\/\/www.assocardan.org\/index.php?rest_route=\/wp\/v2\/posts\/6561","targetHints":{"allow":["GET"]}}],"collection":[{"href":"https:\/\/www.assocardan.org\/index.php?rest_route=\/wp\/v2\/posts"}],"about":[{"href":"https:\/\/www.assocardan.org\/index.php?rest_route=\/wp\/v2\/types\/post"}],"author":[{"embeddable":true,"href":"https:\/\/www.assocardan.org\/index.php?rest_route=\/wp\/v2\/users\/1"}],"replies":[{"embeddable":true,"href":"https:\/\/www.assocardan.org\/index.php?rest_route=%2Fwp%2Fv2%2Fcomments&post=6561"}],"version-history":[{"count":7,"href":"https:\/\/www.assocardan.org\/index.php?rest_route=\/wp\/v2\/posts\/6561\/revisions"}],"predecessor-version":[{"id":6570,"href":"https:\/\/www.assocardan.org\/index.php?rest_route=\/wp\/v2\/posts\/6561\/revisions\/6570"}],"wp:featuredmedia":[{"embeddable":true,"href":"https:\/\/www.assocardan.org\/index.php?rest_route=\/wp\/v2\/media\/6564"}],"wp:attachment":[{"href":"https:\/\/www.assocardan.org\/index.php?rest_route=%2Fwp%2Fv2%2Fmedia&parent=6561"}],"wp:term":[{"taxonomy":"category","embeddable":true,"href":"https:\/\/www.assocardan.org\/index.php?rest_route=%2Fwp%2Fv2%2Fcategories&post=6561"},{"taxonomy":"post_tag","embeddable":true,"href":"https:\/\/www.assocardan.org\/index.php?rest_route=%2Fwp%2Fv2%2Ftags&post=6561"}],"curies":[{"name":"wp","href":"https:\/\/api.w.org\/{rel}","templated":true}]}}