{"id":658,"date":"2012-05-16T20:40:32","date_gmt":"2012-05-16T18:40:32","guid":{"rendered":"http:\/\/www.assocardan.org\/?p=658"},"modified":"2016-04-08T15:32:29","modified_gmt":"2016-04-08T13:32:29","slug":"marco-pina-era-de-olhao-chanson-ecrite-par-des-mineurs-du-centre-educatif","status":"publish","type":"post","link":"https:\/\/www.assocardan.org\/?p=658","title":{"rendered":"Marco Pina era de Olh\u00e3o (chanson \u00e9crite par des mineurs du Centre Educatif)"},"content":{"rendered":"<p style=\"text-align: justify;\"><em>Regina Guimar\u00e3es no Centro Educativo Santo Ant\u00f3nio com BOCAS, CIGANO, JP, MOSQUITO, NANDEX, PILADAS, TONECAS, TONY<\/em><\/p>\n<p><strong>Marco Pina era de Olh\u00e3o<br \/>\n<\/strong><br \/>\nFilho de gente da pesca<br \/>\nNingu\u00e9m podia prever<br \/>\nQue entre redes e grades<br \/>\nHavia de conhecer<br \/>\nUma morte t\u00e3o funesta<\/p>\n<p>Morto a tiro pelo pai<br \/>\nE pela m\u00e3e desleixado<br \/>\nEle s\u00f3 pensa na pinga<br \/>\nEla s\u00f3 pensa na pasta<br \/>\n\u2212 Sangue mo\u00e7o derramado<br \/>\nChorar a morte n\u00e3o basta<\/p>\n<p>Na terra do faz-de-conta<br \/>\nSe morre e mata a brincar<br \/>\nMal sabia Marco Pina<br \/>\nQue a morte o ia agarrar<br \/>\nPassadas poucas semanas<br \/>\nDe ter regressado ao lar<\/p>\n<p>Marco cumprira uma pena<br \/>\nLonge do mar e da praia<br \/>\n\u00d3 vida que \u00e9s t\u00e3o pequena<br \/>\nSe te puxam pela saia<br \/>\nLogo uma cauda nos mostras<br \/>\nLogo nos viras as costas<\/p>\n<p>Pela sola especial<br \/>\nDos seus t\u00e9nis quase novos<br \/>\nColegas de cativeiro<br \/>\nReconhecem o defunto<br \/>\nQue passou a ser assunto<br \/>\nDe mais um telejornal<\/p>\n<p>Na idade da fervura<br \/>\nDuas motas rapinara<br \/>\nE pelo furto purgara<br \/>\nLongos meses de clausura<br \/>\n\u2212 Algu\u00e9m guardou a mem\u00f3ria<br \/>\nDa sua hist\u00f3ria t\u00e3o dura?<\/p>\n<p>E quem herdou os sapatos<br \/>\nDe Marco Pina finado<br \/>\nQue a alma parte descal\u00e7a<br \/>\nE o corpo inanimado<br \/>\nJ\u00e1 n\u00e3o foge do passado<br \/>\nJ\u00e1 n\u00e3o d\u00e1 passos em falso<\/p>\n","protected":false},"excerpt":{"rendered":"<p>Regina Guimar\u00e3es no Centro Educativo Santo Ant\u00f3nio com BOCAS, CIGANO, JP, MOSQUITO, NANDEX, PILADAS, TONECAS, TONY Marco Pina era de Olh\u00e3o Filho de gente da pesca Ningu\u00e9m podia prever Que [&hellip;]<\/p>\n","protected":false},"author":1,"featured_media":0,"comment_status":"closed","ping_status":"closed","sticky":false,"template":"","format":"standard","meta":{"footnotes":""},"categories":[24,231,205,157,23],"tags":[26,67,22,55,64,29,238],"class_list":["post-658","post","type-post","status-publish","format-standard","hentry","category-leitura2009","category-festivals","category-leitura-furiosa-2012","category-leitura-furiosa-2013","category-textes","tag-20-ans","tag-chansons","tag-leitura-furiosa-2012","tag-lisbonne","tag-portugal","tag-textes-2","tag-textes-portugais"],"_links":{"self":[{"href":"https:\/\/www.assocardan.org\/index.php?rest_route=\/wp\/v2\/posts\/658","targetHints":{"allow":["GET"]}}],"collection":[{"href":"https:\/\/www.assocardan.org\/index.php?rest_route=\/wp\/v2\/posts"}],"about":[{"href":"https:\/\/www.assocardan.org\/index.php?rest_route=\/wp\/v2\/types\/post"}],"author":[{"embeddable":true,"href":"https:\/\/www.assocardan.org\/index.php?rest_route=\/wp\/v2\/users\/1"}],"replies":[{"embeddable":true,"href":"https:\/\/www.assocardan.org\/index.php?rest_route=%2Fwp%2Fv2%2Fcomments&post=658"}],"version-history":[{"count":5,"href":"https:\/\/www.assocardan.org\/index.php?rest_route=\/wp\/v2\/posts\/658\/revisions"}],"predecessor-version":[{"id":1010,"href":"https:\/\/www.assocardan.org\/index.php?rest_route=\/wp\/v2\/posts\/658\/revisions\/1010"}],"wp:attachment":[{"href":"https:\/\/www.assocardan.org\/index.php?rest_route=%2Fwp%2Fv2%2Fmedia&parent=658"}],"wp:term":[{"taxonomy":"category","embeddable":true,"href":"https:\/\/www.assocardan.org\/index.php?rest_route=%2Fwp%2Fv2%2Fcategories&post=658"},{"taxonomy":"post_tag","embeddable":true,"href":"https:\/\/www.assocardan.org\/index.php?rest_route=%2Fwp%2Fv2%2Ftags&post=658"}],"curies":[{"name":"wp","href":"https:\/\/api.w.org\/{rel}","templated":true}]}}