{"id":663,"date":"2012-05-16T20:52:31","date_gmt":"2012-05-16T18:52:31","guid":{"rendered":"http:\/\/www.assocardan.org\/?p=663"},"modified":"2016-03-10T23:32:48","modified_gmt":"2016-03-10T22:32:48","slug":"mundolariante","status":"publish","type":"post","link":"https:\/\/www.assocardan.org\/?p=663","title":{"rendered":"Mundolariante"},"content":{"rendered":"<p style=\"text-align: justify;\"><em><a href=\"http:\/\/www.assocardan.org\/wp-content\/uploads\/2012\/05\/montagem01.jpeg\"><img loading=\"lazy\" decoding=\"async\" class=\"aligncenter size-full wp-image-665\" title=\"montagem01\" src=\"http:\/\/www.assocardan.org\/wp-content\/uploads\/2012\/05\/montagem01.jpeg\" alt=\"\" width=\"320\" height=\"227\" srcset=\"https:\/\/www.assocardan.org\/wp-content\/uploads\/2012\/05\/montagem01.jpeg 320w, https:\/\/www.assocardan.org\/wp-content\/uploads\/2012\/05\/montagem01-300x212.jpg 300w\" sizes=\"auto, (max-width: 320px) 100vw, 320px\" \/><\/a>Em\u00edlio Remelhe com Samuel, Filipe, J\u00fanior, Milton, Fernando, Claudio, \u201cTonekas\u201d, Jo\u00e3o Pedro, \u201cCigano\u201d e Nuno Sousa, no Centro Educativo Santo Ant\u00f3nio.\u00a0<\/em><em>Dessins de Nuno Sousa et Texte d&#8217;Em\u00edlio Remelhe.<\/em><\/p>\n<p style=\"text-align: justify;\"><img loading=\"lazy\" decoding=\"async\" class=\"aligncenter size-full wp-image-664\" title=\"montagem02\" src=\"http:\/\/www.assocardan.org\/wp-content\/uploads\/2012\/05\/montagem02.jpeg\" alt=\"\" width=\"240\" height=\"312\" srcset=\"https:\/\/www.assocardan.org\/wp-content\/uploads\/2012\/05\/montagem02.jpeg 240w, https:\/\/www.assocardan.org\/wp-content\/uploads\/2012\/05\/montagem02-230x300.jpg 230w\" sizes=\"auto, (max-width: 240px) 100vw, 240px\" \/><\/p>\n<p style=\"text-align: justify;\">Amo as palavras, porque as palavras n\u00e3o t\u00eam amo. Odeio as palavras, porque deixam dizer certas coisas. Gosto mesmo de palavras ao adormecer. As mesmas que detesto quando me acordam.<\/p>\n<p style=\"text-align: justify;\"><img loading=\"lazy\" decoding=\"async\" class=\"aligncenter size-full wp-image-667\" title=\"cartoon01\" src=\"http:\/\/www.assocardan.org\/wp-content\/uploads\/2012\/05\/cartoon01.jpeg\" alt=\"\" width=\"226\" height=\"320\" srcset=\"https:\/\/www.assocardan.org\/wp-content\/uploads\/2012\/05\/cartoon01.jpeg 226w, https:\/\/www.assocardan.org\/wp-content\/uploads\/2012\/05\/cartoon01-211x300.jpg 211w\" sizes=\"auto, (max-width: 226px) 100vw, 226px\" \/><\/p>\n<p><strong>As palavras de quem as detesta s\u00e3o as que lhe batem na testa.<\/strong><br \/>\nA palavra \u00abcoser\u00bb ajuda todos os bolsos furados.<br \/>\nA palavra \u00ablixo\u00bb \u00e9 a que sobra de todas as outras e se recicla para continuar a existir.<br \/>\nA palavra \u00abracismo\u00bb \u00e9 uma paleta mal resolvida que suja a pintura.<br \/>\nA palavra \u00ab\u00f3dio\u00bb continua a tentar fazer um ex\u00e9rcito de sin\u00f3nimos.<br \/>\nA palavra \u00abtraidores\u00bb \u00e9 apanhada nas entrelinhas do texto mais cedo ou mais tarde.<br \/>\nA palavra \u00abfechado\u00bb p\u00f5e-se \u00e0 janela, mas do lado de dentro.<br \/>\nA palavra \u00absolid\u00e3o\u00bb \u00e9 amassada por m\u00e3os que deixam o forno por ligar.<br \/>\nA palavra \u00abler\u00bb \u00e9 uma passagem de n\u00edvel que tem prioridade sobre o comboio.<br \/>\nA palavra \u00abpublicidade\u00bb \u00e9 um esconderijo que s\u00f3 mostra o que h\u00e1 em redor.<\/p>\n<p><a href=\"http:\/\/www.assocardan.org\/wp-content\/uploads\/2012\/05\/cartoon02.jpeg\"><img loading=\"lazy\" decoding=\"async\" class=\"aligncenter size-full wp-image-666\" title=\"cartoon02\" src=\"http:\/\/www.assocardan.org\/wp-content\/uploads\/2012\/05\/cartoon02.jpeg\" alt=\"\" width=\"230\" height=\"320\" srcset=\"https:\/\/www.assocardan.org\/wp-content\/uploads\/2012\/05\/cartoon02.jpeg 230w, https:\/\/www.assocardan.org\/wp-content\/uploads\/2012\/05\/cartoon02-215x300.jpg 215w\" sizes=\"auto, (max-width: 230px) 100vw, 230px\" \/><\/a><br \/>\n<strong>As palavras que prefiro talvez sejam as que firo, de prefer\u00eancia.<\/strong><br \/>\nA palavra \u00abpara\u00edso\u00bb \u00e9 um cartaz impresso do lado de l\u00e1.<br \/>\nA palavra \u00abnatureza\u00bb deixar\u00e1 ainda correr muitos rios de tinta.<br \/>\nA palavra \u00abliberdade\u00bb \u00e9 um pisa-pap\u00e9is com o peso que lhe quisermos dar.<br \/>\nA palavra \u00abnenhuma\u00bb disfar\u00e7a-se de si pr\u00f3pria para tentar dizer o que n\u00e3o pode.<br \/>\nA palavra \u00abamizade\u00bb continua a acreditar em toda a gente que a diz.<br \/>\nA palavra \u00abamor\u00bb \u00e9 uma prova deixada no local mesmo quando o crime n\u00e3o acontece.<\/p>\n<p style=\"text-align: justify;\">As palavras gastaram-se, est\u00e3o gastas.<br \/>\nAo vir para casa, passa por onde quiseres e traz-me algumas, novas, frescas.<br \/>\nN\u00e3o sejas DESCRENCIAT\u00d3RIO, podes trazer MULEIAS conservadas em PIACIA, JURT\u00cdCIAS e outras, mas aten\u00e7\u00e3o, vem com ARTE\u00caNCIA, que no nosso MUNDOL\u00c1RIO posso esperar com DESPACI\u00caNCIA.<\/p>\n<p>&nbsp;<\/p>\n","protected":false},"excerpt":{"rendered":"<p>Em\u00edlio Remelhe com Samuel, Filipe, J\u00fanior, Milton, Fernando, Claudio, \u201cTonekas\u201d, Jo\u00e3o Pedro, \u201cCigano\u201d e Nuno Sousa, no Centro Educativo Santo Ant\u00f3nio.\u00a0Dessins de Nuno Sousa et Texte d&#8217;Em\u00edlio Remelhe. Amo as [&hellip;]<\/p>\n","protected":false},"author":1,"featured_media":0,"comment_status":"closed","ping_status":"closed","sticky":false,"template":"","format":"standard","meta":{"footnotes":""},"categories":[24,231,205,157,23],"tags":[26,22,54,64,29],"class_list":["post-663","post","type-post","status-publish","format-standard","hentry","category-leitura2009","category-festivals","category-leitura-furiosa-2012","category-leitura-furiosa-2013","category-textes","tag-20-ans","tag-leitura-furiosa-2012","tag-porto","tag-portugal","tag-textes-2"],"_links":{"self":[{"href":"https:\/\/www.assocardan.org\/index.php?rest_route=\/wp\/v2\/posts\/663","targetHints":{"allow":["GET"]}}],"collection":[{"href":"https:\/\/www.assocardan.org\/index.php?rest_route=\/wp\/v2\/posts"}],"about":[{"href":"https:\/\/www.assocardan.org\/index.php?rest_route=\/wp\/v2\/types\/post"}],"author":[{"embeddable":true,"href":"https:\/\/www.assocardan.org\/index.php?rest_route=\/wp\/v2\/users\/1"}],"replies":[{"embeddable":true,"href":"https:\/\/www.assocardan.org\/index.php?rest_route=%2Fwp%2Fv2%2Fcomments&post=663"}],"version-history":[{"count":10,"href":"https:\/\/www.assocardan.org\/index.php?rest_route=\/wp\/v2\/posts\/663\/revisions"}],"predecessor-version":[{"id":4535,"href":"https:\/\/www.assocardan.org\/index.php?rest_route=\/wp\/v2\/posts\/663\/revisions\/4535"}],"wp:attachment":[{"href":"https:\/\/www.assocardan.org\/index.php?rest_route=%2Fwp%2Fv2%2Fmedia&parent=663"}],"wp:term":[{"taxonomy":"category","embeddable":true,"href":"https:\/\/www.assocardan.org\/index.php?rest_route=%2Fwp%2Fv2%2Fcategories&post=663"},{"taxonomy":"post_tag","embeddable":true,"href":"https:\/\/www.assocardan.org\/index.php?rest_route=%2Fwp%2Fv2%2Ftags&post=663"}],"curies":[{"name":"wp","href":"https:\/\/api.w.org\/{rel}","templated":true}]}}