{"id":6650,"date":"2017-07-24T14:15:22","date_gmt":"2017-07-24T12:15:22","guid":{"rendered":"http:\/\/www.assocardan.org\/?p=6650"},"modified":"2019-10-28T15:50:52","modified_gmt":"2019-10-28T14:50:52","slug":"le-but-est-de-creer-une-nouvelle-facon-de-lire%e2%80%89-lhumanite-fr","status":"publish","type":"post","link":"https:\/\/www.assocardan.org\/?p=6650","title":{"rendered":"\u00abLe but est de cr\u00e9er une nouvelle fa\u00e7on de lire\u2009\u00bb, L&#8217;Humanit\u00e9.fr"},"content":{"rendered":"<p>Nous vous proposons un article, paru sur le site <a href=\"https:\/\/www.humanite.fr\/\" target=\"_blank\" rel=\"noopener noreferrer\"><strong>L&#8217;Humanit\u00e9.fr<\/strong><\/a>, le vendredi 21 Juillet 2017, o\u00f9 il est question du <strong>Cardan<\/strong>, et de la participation \u00e0 \u00ab\u2009<strong>Partir en livre<\/strong>\u2009\u00bb.<!--more--><\/p>\n<p>&nbsp;<\/p>\n<p>Pour lire l&#8217;article, <a href=\"http:\/\/www.humanite.fr\/le-est-de-creer-une-nouvelle-facon-de-lire-639173\" target=\"_blank\" rel=\"noopener noreferrer\">cliquez sur ce lien<\/a>, ou sur l&#8217;image ci-dessous :<\/p>\n<p>&nbsp;<\/p>\n<p><a href=\"http:\/\/www.humanite.fr\/le-est-de-creer-une-nouvelle-facon-de-lire-639173\" target=\"_blank\" rel=\"noopener noreferrer\"><img loading=\"lazy\" decoding=\"async\" class=\"aligncenter wp-image-6653\" src=\"http:\/\/www.assocardan.org\/wp-content\/uploads\/2017\/07\/cardan-lhumanit\u00e9-photo-215x300.jpg\" alt=\"cardan-lhumanit\u00e9-photo\" width=\"400\" height=\"558\" srcset=\"https:\/\/www.assocardan.org\/wp-content\/uploads\/2017\/07\/cardan-lhumanit\u00e9-photo-215x300.jpg 215w, https:\/\/www.assocardan.org\/wp-content\/uploads\/2017\/07\/cardan-lhumanit\u00e9-photo-400x558.jpg 400w, https:\/\/www.assocardan.org\/wp-content\/uploads\/2017\/07\/cardan-lhumanit\u00e9-photo-430x600.jpg 430w, https:\/\/www.assocardan.org\/wp-content\/uploads\/2017\/07\/cardan-lhumanit\u00e9-photo-150x209.jpg 150w, https:\/\/www.assocardan.org\/wp-content\/uploads\/2017\/07\/cardan-lhumanit\u00e9-photo-100x140.jpg 100w, https:\/\/www.assocardan.org\/wp-content\/uploads\/2017\/07\/cardan-lhumanit\u00e9-photo.jpg 609w\" sizes=\"auto, (max-width: 400px) 100vw, 400px\" \/><\/a><\/p>\n","protected":false},"excerpt":{"rendered":"<p>Nous vous proposons un article, paru sur le site L&#8217;Humanit\u00e9.fr, le vendredi 21 Juillet 2017, o\u00f9 il est question du Cardan, et de la participation \u00e0 \u00ab\u2009Partir en livre\u2009\u00bb.<\/p>\n","protected":false},"author":1,"featured_media":6657,"comment_status":"closed","ping_status":"closed","sticky":false,"template":"","format":"standard","meta":{"footnotes":""},"categories":[399,396,397,90],"tags":[341,30,401,277],"class_list":["post-6650","post","type-post","status-publish","format-standard","has-post-thumbnail","hentry","category-bibliomob","category-partir-en-livre","category-quartier-livres","category-revue-de-presse","tag-lhumanite","tag-le-cardan","tag-mediation-du-livre","tag-partir-en-livre"],"_links":{"self":[{"href":"https:\/\/www.assocardan.org\/index.php?rest_route=\/wp\/v2\/posts\/6650","targetHints":{"allow":["GET"]}}],"collection":[{"href":"https:\/\/www.assocardan.org\/index.php?rest_route=\/wp\/v2\/posts"}],"about":[{"href":"https:\/\/www.assocardan.org\/index.php?rest_route=\/wp\/v2\/types\/post"}],"author":[{"embeddable":true,"href":"https:\/\/www.assocardan.org\/index.php?rest_route=\/wp\/v2\/users\/1"}],"replies":[{"embeddable":true,"href":"https:\/\/www.assocardan.org\/index.php?rest_route=%2Fwp%2Fv2%2Fcomments&post=6650"}],"version-history":[{"count":7,"href":"https:\/\/www.assocardan.org\/index.php?rest_route=\/wp\/v2\/posts\/6650\/revisions"}],"predecessor-version":[{"id":7963,"href":"https:\/\/www.assocardan.org\/index.php?rest_route=\/wp\/v2\/posts\/6650\/revisions\/7963"}],"wp:featuredmedia":[{"embeddable":true,"href":"https:\/\/www.assocardan.org\/index.php?rest_route=\/wp\/v2\/media\/6657"}],"wp:attachment":[{"href":"https:\/\/www.assocardan.org\/index.php?rest_route=%2Fwp%2Fv2%2Fmedia&parent=6650"}],"wp:term":[{"taxonomy":"category","embeddable":true,"href":"https:\/\/www.assocardan.org\/index.php?rest_route=%2Fwp%2Fv2%2Fcategories&post=6650"},{"taxonomy":"post_tag","embeddable":true,"href":"https:\/\/www.assocardan.org\/index.php?rest_route=%2Fwp%2Fv2%2Ftags&post=6650"}],"curies":[{"name":"wp","href":"https:\/\/api.w.org\/{rel}","templated":true}]}}