{"id":6741,"date":"2018-02-01T09:57:25","date_gmt":"2018-02-01T08:57:25","guid":{"rendered":"http:\/\/www.assocardan.org\/?p=6741"},"modified":"2021-12-10T15:15:29","modified_gmt":"2021-12-10T14:15:29","slug":"lecture-au-vintage","status":"publish","type":"post","link":"https:\/\/www.assocardan.org\/?p=6741","title":{"rendered":"Lecture au Vintage"},"content":{"rendered":"<p style=\"text-align: justify;\">Vendredi 26 janvier 16h30, une lecture emphatique s\u2019est d\u00e9roul\u00e9e au restaurant le Vintage, 8 place Emile Leturcq \u00e0 Albert.<\/p>\n<p style=\"text-align: justify;\">Le public en redemande, nous serons donc de retour au restaurant prochainement.<\/p>\n<p>&nbsp;<\/p>\n<p><a href=\"http:\/\/www.assocardan.org\/wp-content\/uploads\/2018\/02\/IMG_20180126_164949.jpg\" target=\"_blank\" rel=\"noopener noreferrer\"><img loading=\"lazy\" decoding=\"async\" class=\"aligncenter wp-image-6743 size-large\" src=\"http:\/\/www.assocardan.org\/wp-content\/uploads\/2018\/02\/IMG_20180126_164949-1024x768.jpg\" alt=\"Lecture au Vintage\" width=\"1024\" height=\"768\" srcset=\"https:\/\/www.assocardan.org\/wp-content\/uploads\/2018\/02\/IMG_20180126_164949-1024x768.jpg 1024w, https:\/\/www.assocardan.org\/wp-content\/uploads\/2018\/02\/IMG_20180126_164949-300x225.jpg 300w, https:\/\/www.assocardan.org\/wp-content\/uploads\/2018\/02\/IMG_20180126_164949-750x563.jpg 750w, https:\/\/www.assocardan.org\/wp-content\/uploads\/2018\/02\/IMG_20180126_164949-400x300.jpg 400w, https:\/\/www.assocardan.org\/wp-content\/uploads\/2018\/02\/IMG_20180126_164949-430x323.jpg 430w, https:\/\/www.assocardan.org\/wp-content\/uploads\/2018\/02\/IMG_20180126_164949-150x113.jpg 150w, https:\/\/www.assocardan.org\/wp-content\/uploads\/2018\/02\/IMG_20180126_164949-100x75.jpg 100w, https:\/\/www.assocardan.org\/wp-content\/uploads\/2018\/02\/IMG_20180126_164949-160x120.jpg 160w\" sizes=\"auto, (max-width: 1024px) 100vw, 1024px\" \/><\/a><\/p>\n","protected":false},"excerpt":{"rendered":"<p>Vendredi 26 janvier 16h30, une lecture emphatique s\u2019est d\u00e9roul\u00e9e au restaurant le Vintage, 8 place Emile Leturcq \u00e0 Albert. Le public en redemande, nous serons donc de retour au restaurant [&hellip;]<\/p>\n","protected":false},"author":1,"featured_media":6743,"comment_status":"closed","ping_status":"closed","sticky":false,"template":"","format":"standard","meta":{"footnotes":""},"categories":[10],"tags":[247,405,34,345],"class_list":["post-6741","post","type-post","status-publish","format-standard","has-post-thumbnail","hentry","category-cardan","tag-albert","tag-formation","tag-lecture","tag-vintage"],"_links":{"self":[{"href":"https:\/\/www.assocardan.org\/index.php?rest_route=\/wp\/v2\/posts\/6741","targetHints":{"allow":["GET"]}}],"collection":[{"href":"https:\/\/www.assocardan.org\/index.php?rest_route=\/wp\/v2\/posts"}],"about":[{"href":"https:\/\/www.assocardan.org\/index.php?rest_route=\/wp\/v2\/types\/post"}],"author":[{"embeddable":true,"href":"https:\/\/www.assocardan.org\/index.php?rest_route=\/wp\/v2\/users\/1"}],"replies":[{"embeddable":true,"href":"https:\/\/www.assocardan.org\/index.php?rest_route=%2Fwp%2Fv2%2Fcomments&post=6741"}],"version-history":[{"count":6,"href":"https:\/\/www.assocardan.org\/index.php?rest_route=\/wp\/v2\/posts\/6741\/revisions"}],"predecessor-version":[{"id":8030,"href":"https:\/\/www.assocardan.org\/index.php?rest_route=\/wp\/v2\/posts\/6741\/revisions\/8030"}],"wp:featuredmedia":[{"embeddable":true,"href":"https:\/\/www.assocardan.org\/index.php?rest_route=\/wp\/v2\/media\/6743"}],"wp:attachment":[{"href":"https:\/\/www.assocardan.org\/index.php?rest_route=%2Fwp%2Fv2%2Fmedia&parent=6741"}],"wp:term":[{"taxonomy":"category","embeddable":true,"href":"https:\/\/www.assocardan.org\/index.php?rest_route=%2Fwp%2Fv2%2Fcategories&post=6741"},{"taxonomy":"post_tag","embeddable":true,"href":"https:\/\/www.assocardan.org\/index.php?rest_route=%2Fwp%2Fv2%2Ftags&post=6741"}],"curies":[{"name":"wp","href":"https:\/\/api.w.org\/{rel}","templated":true}]}}