{"id":6750,"date":"2018-02-26T16:49:35","date_gmt":"2018-02-26T15:49:35","guid":{"rendered":"http:\/\/www.assocardan.org\/?p=6750"},"modified":"2021-12-10T15:14:55","modified_gmt":"2021-12-10T14:14:55","slug":"lectures-a-haute-voix-au-lycee-jeanne-hachette-de-beauvais","status":"publish","type":"post","link":"https:\/\/www.assocardan.org\/?p=6750","title":{"rendered":"Lectures \u00e0 haute voix au Lyc\u00e9e Jeanne Hachette de Beauvais"},"content":{"rendered":"<p style=\"text-align: justify;\">Le lyc\u00e9e <strong>Jeanne Hachette<\/strong> de Beauvais a organis\u00e9, avec la <strong>Biblioth\u00e8que de Beauvais<\/strong>, au cours de la journ\u00e9e portes ouvertes de leur \u00e9tablissement du&nbsp;<strong>samedi 17 f\u00e9vrier<\/strong>, une s\u00e9ance de lectures \u00e0 haute voix.&nbsp; Les textes lus sont des textes \u00e9crits lors des festivals<strong> Leitura Furiosa<\/strong> et <strong>Ma Parole<\/strong>.<!--more--><\/p>\n<p>Il s&#8217;agit des textes suivants :<\/p>\n<ul>\n<li style=\"text-align: justify;\">&#8220;<strong>Empathic big bang<\/strong>&#8220;, textes collectif de demandeurs d&#8217;emploi en formation avec le CARDAN \u00e0 Beaucamps-le-Vieux, \u00e9crit avec l&#8217;auteur C\u00e9dric Bonfils.&nbsp; Et lu en public lors de la manifestation Ma Parole \u00e0 la maison du th\u00e9\u00e2tre, le 16 d\u00e9cembre 2017. <a href=\"http:\/\/www.assocardan.org\/wp-content\/uploads\/2018\/01\/Empathic-big-band-Beaucamp-le-vieux-2017.pdf\" target=\"_blank\" rel=\"noopener noreferrer\">Cliquez sur ce lien<\/a> pour acc\u00e9der aux textes.<\/li>\n<li style=\"text-align: left;\">&#8220;<strong>Johnny<\/strong>&#8220;, texte collectif du CARDAN \u00e0 Beauvais, \u00e9crit avec l&#8217;auteur Nicolas Jaillet lors du festival Leitura Furiosa&nbsp;de 2016. <a href=\"http:\/\/www.assocardan.org\/?p=5786\" target=\"_blank\" rel=\"noopener noreferrer\">Cliquez su ce lien<\/a> pour acc\u00e9der au texte.<\/li>\n<\/ul>\n<p style=\"text-align: justify;\">Les lectures \u00e0 haute voix ont \u00e9t\u00e9 retransmises en podcast sur <strong>Radio Mercure<\/strong>. Voici <a href=\"https:\/\/podcast.radiomercure.fr\/podcasts\/radio-mercure\/journee-portes-ouvertes-du-lycee-jeanne-hachette-d\" target=\"_blank\" rel=\"noopener noreferrer\">le lien<\/a> pour acc\u00e9der au podcast complet.<\/p>\n<p>Et la s\u00e9ance de lecture \u00e0 haute voix, ci-dessous :<\/p>\n<audio class=\"wp-audio-shortcode\" id=\"audio-6750-1\" preload=\"none\" style=\"width: 100%;\" controls=\"controls\"><source type=\"audio\/mpeg\" src=\"http:\/\/www.assocardan.org\/wp-content\/uploads\/2018\/02\/Lectures-haute-voix-JHACHETTE-17-02-2018.mp3?_=1\" \/><a href=\"http:\/\/www.assocardan.org\/wp-content\/uploads\/2018\/02\/Lectures-haute-voix-JHACHETTE-17-02-2018.mp3\">http:\/\/www.assocardan.org\/wp-content\/uploads\/2018\/02\/Lectures-haute-voix-JHACHETTE-17-02-2018.mp3<\/a><\/audio>\n","protected":false},"excerpt":{"rendered":"<p>Le lyc\u00e9e Jeanne Hachette de Beauvais a organis\u00e9, avec la Biblioth\u00e8que de Beauvais, au cours de la journ\u00e9e portes ouvertes de leur \u00e9tablissement du&nbsp;samedi 17 f\u00e9vrier, une s\u00e9ance de lectures [&hellip;]<\/p>\n","protected":false},"author":1,"featured_media":0,"comment_status":"closed","ping_status":"closed","sticky":false,"template":"","format":"standard","meta":{"footnotes":""},"categories":[10],"tags":[186,344,405,30,66,346,315],"class_list":["post-6750","post","type-post","status-publish","format-standard","hentry","category-cardan","tag-beauvais","tag-cedric-bonfils","tag-formation","tag-le-cardan","tag-lectures-audio","tag-lycee-jeanne-hachette","tag-nicolas-jaillet"],"_links":{"self":[{"href":"https:\/\/www.assocardan.org\/index.php?rest_route=\/wp\/v2\/posts\/6750","targetHints":{"allow":["GET"]}}],"collection":[{"href":"https:\/\/www.assocardan.org\/index.php?rest_route=\/wp\/v2\/posts"}],"about":[{"href":"https:\/\/www.assocardan.org\/index.php?rest_route=\/wp\/v2\/types\/post"}],"author":[{"embeddable":true,"href":"https:\/\/www.assocardan.org\/index.php?rest_route=\/wp\/v2\/users\/1"}],"replies":[{"embeddable":true,"href":"https:\/\/www.assocardan.org\/index.php?rest_route=%2Fwp%2Fv2%2Fcomments&post=6750"}],"version-history":[{"count":17,"href":"https:\/\/www.assocardan.org\/index.php?rest_route=\/wp\/v2\/posts\/6750\/revisions"}],"predecessor-version":[{"id":8029,"href":"https:\/\/www.assocardan.org\/index.php?rest_route=\/wp\/v2\/posts\/6750\/revisions\/8029"}],"wp:attachment":[{"href":"https:\/\/www.assocardan.org\/index.php?rest_route=%2Fwp%2Fv2%2Fmedia&parent=6750"}],"wp:term":[{"taxonomy":"category","embeddable":true,"href":"https:\/\/www.assocardan.org\/index.php?rest_route=%2Fwp%2Fv2%2Fcategories&post=6750"},{"taxonomy":"post_tag","embeddable":true,"href":"https:\/\/www.assocardan.org\/index.php?rest_route=%2Fwp%2Fv2%2Ftags&post=6750"}],"curies":[{"name":"wp","href":"https:\/\/api.w.org\/{rel}","templated":true}]}}