{"id":6884,"date":"2018-05-20T12:42:47","date_gmt":"2018-05-20T10:42:47","guid":{"rendered":"http:\/\/www.assocardan.org\/?p=6884"},"modified":"2018-05-21T23:06:00","modified_gmt":"2018-05-21T21:06:00","slug":"leitura-furiosa-2018-jean-claude-lalumiere-conscience-professionnelle","status":"publish","type":"post","link":"https:\/\/www.assocardan.org\/?p=6884","title":{"rendered":"JEAN-CLAUDE LALUMIERE: &#8220;Conscience professionnelle&#8221;"},"content":{"rendered":"<p>Un texte \u00e9crit par Jean-Claude Lalumi\u00e8re avec K\u00e9vin, Catherine, Charlotte, Majda, Patricia, Renaud, Eva et S\u00e9bastien.<!--more--><\/p>\n<p><em>\u00a0<\/em><\/p>\n<figure id=\"attachment_6861\" aria-describedby=\"caption-attachment-6861\" style=\"width: 605px\" class=\"wp-caption aligncenter\"><a href=\"http:\/\/www.assocardan.org\/wp-content\/uploads\/2018\/05\/LALUMIERE-JEAN-CLAUDE-vect.pdf\" target=\"_blank\" rel=\"noopener\"><img loading=\"lazy\" decoding=\"async\" class=\"wp-image-6861 size-full\" src=\"http:\/\/www.assocardan.org\/wp-content\/uploads\/2018\/05\/Lalumiere.png\" alt=\"\" width=\"605\" height=\"864\" srcset=\"https:\/\/www.assocardan.org\/wp-content\/uploads\/2018\/05\/Lalumiere.png 605w, https:\/\/www.assocardan.org\/wp-content\/uploads\/2018\/05\/Lalumiere-210x300.png 210w, https:\/\/www.assocardan.org\/wp-content\/uploads\/2018\/05\/Lalumiere-400x571.png 400w, https:\/\/www.assocardan.org\/wp-content\/uploads\/2018\/05\/Lalumiere-430x614.png 430w, https:\/\/www.assocardan.org\/wp-content\/uploads\/2018\/05\/Lalumiere-150x214.png 150w, https:\/\/www.assocardan.org\/wp-content\/uploads\/2018\/05\/Lalumiere-100x143.png 100w\" sizes=\"auto, (max-width: 605px) 100vw, 605px\" \/><\/a><figcaption id=\"caption-attachment-6861\" class=\"wp-caption-text\">Veuillez cliquer sur le texte pour l&#8217;agrandir.<\/figcaption><\/figure>\n<h4>La photo du groupe:<\/h4>\n<p><a href=\"http:\/\/www.assocardan.org\/wp-content\/uploads\/2018\/05\/JC-Lalumiere-ESAT-Alenc\u0327ons.jpg\" target=\"_blank\" rel=\"noopener\"><img loading=\"lazy\" decoding=\"async\" class=\"aligncenter wp-image-6926 size-large\" src=\"http:\/\/www.assocardan.org\/wp-content\/uploads\/2018\/05\/JC-Lalumiere-ESAT-Alenc\u0327ons-1024x683.jpg\" alt=\"\" width=\"1024\" height=\"683\" srcset=\"https:\/\/www.assocardan.org\/wp-content\/uploads\/2018\/05\/JC-Lalumiere-ESAT-Alenc\u0327ons-1024x683.jpg 1024w, https:\/\/www.assocardan.org\/wp-content\/uploads\/2018\/05\/JC-Lalumiere-ESAT-Alenc\u0327ons-300x200.jpg 300w, https:\/\/www.assocardan.org\/wp-content\/uploads\/2018\/05\/JC-Lalumiere-ESAT-Alenc\u0327ons-750x500.jpg 750w, https:\/\/www.assocardan.org\/wp-content\/uploads\/2018\/05\/JC-Lalumiere-ESAT-Alenc\u0327ons-400x267.jpg 400w, https:\/\/www.assocardan.org\/wp-content\/uploads\/2018\/05\/JC-Lalumiere-ESAT-Alenc\u0327ons-430x287.jpg 430w, https:\/\/www.assocardan.org\/wp-content\/uploads\/2018\/05\/JC-Lalumiere-ESAT-Alenc\u0327ons-150x100.jpg 150w, https:\/\/www.assocardan.org\/wp-content\/uploads\/2018\/05\/JC-Lalumiere-ESAT-Alenc\u0327ons-100x67.jpg 100w, https:\/\/www.assocardan.org\/wp-content\/uploads\/2018\/05\/JC-Lalumiere-ESAT-Alenc\u0327ons-120x80.jpg 120w\" sizes=\"auto, (max-width: 1024px) 100vw, 1024px\" \/><\/a><\/p>\n","protected":false},"excerpt":{"rendered":"<p>Un texte \u00e9crit par Jean-Claude Lalumi\u00e8re avec K\u00e9vin, Catherine, Charlotte, Majda, Patricia, Renaud, Eva et S\u00e9bastien.<\/p>\n","protected":false},"author":1,"featured_media":6861,"comment_status":"closed","ping_status":"closed","sticky":false,"template":"","format":"standard","meta":{"footnotes":""},"categories":[204,351],"tags":[317,44,350,29],"class_list":["post-6884","post","type-post","status-publish","format-standard","has-post-thumbnail","hentry","category-leitura-furiosa","category-leitura-furiosa-2018","tag-jean-claude-lalumiere","tag-leitura-furiosa","tag-leitura-furiosa-2018","tag-textes-2"],"_links":{"self":[{"href":"https:\/\/www.assocardan.org\/index.php?rest_route=\/wp\/v2\/posts\/6884","targetHints":{"allow":["GET"]}}],"collection":[{"href":"https:\/\/www.assocardan.org\/index.php?rest_route=\/wp\/v2\/posts"}],"about":[{"href":"https:\/\/www.assocardan.org\/index.php?rest_route=\/wp\/v2\/types\/post"}],"author":[{"embeddable":true,"href":"https:\/\/www.assocardan.org\/index.php?rest_route=\/wp\/v2\/users\/1"}],"replies":[{"embeddable":true,"href":"https:\/\/www.assocardan.org\/index.php?rest_route=%2Fwp%2Fv2%2Fcomments&post=6884"}],"version-history":[{"count":4,"href":"https:\/\/www.assocardan.org\/index.php?rest_route=\/wp\/v2\/posts\/6884\/revisions"}],"predecessor-version":[{"id":7053,"href":"https:\/\/www.assocardan.org\/index.php?rest_route=\/wp\/v2\/posts\/6884\/revisions\/7053"}],"wp:featuredmedia":[{"embeddable":true,"href":"https:\/\/www.assocardan.org\/index.php?rest_route=\/wp\/v2\/media\/6861"}],"wp:attachment":[{"href":"https:\/\/www.assocardan.org\/index.php?rest_route=%2Fwp%2Fv2%2Fmedia&parent=6884"}],"wp:term":[{"taxonomy":"category","embeddable":true,"href":"https:\/\/www.assocardan.org\/index.php?rest_route=%2Fwp%2Fv2%2Fcategories&post=6884"},{"taxonomy":"post_tag","embeddable":true,"href":"https:\/\/www.assocardan.org\/index.php?rest_route=%2Fwp%2Fv2%2Ftags&post=6884"}],"curies":[{"name":"wp","href":"https:\/\/api.w.org\/{rel}","templated":true}]}}