{"id":6903,"date":"2018-05-20T13:53:52","date_gmt":"2018-05-20T11:53:52","guid":{"rendered":"http:\/\/www.assocardan.org\/?p=6903"},"modified":"2018-05-20T15:28:40","modified_gmt":"2018-05-20T13:28:40","slug":"leitura-furiosa-2018-gerard-alle-laurence-vilaine-trou-noir-trou-blanc","status":"publish","type":"post","link":"https:\/\/www.assocardan.org\/?p=6903","title":{"rendered":"GERARD ALLE\/LAURENCE VILAINE: &#8220;Trou noir, trou blanc&#8221;"},"content":{"rendered":"<p>Un texte \u00e9crit par G\u00e9rard All\u00e9 et Laurence Vilaine avec les \u00e9l\u00e8ves du coll\u00e8ge d&#8217;Ailly-sur-Somme: Oc\u00e9ane, Sonia, Ma\u00ebva, Romane, L\u00e9onie, Charlotte, L\u00e9na, Emeline, Brittany et Nathan.<!--more--><\/p>\n<figure id=\"attachment_6839\" aria-describedby=\"caption-attachment-6839\" style=\"width: 612px\" class=\"wp-caption aligncenter\"><a href=\"http:\/\/www.assocardan.org\/wp-content\/uploads\/2018\/05\/ALLE-GERARD-vect.pdf\" target=\"_blank\" rel=\"noopener\"><img loading=\"lazy\" decoding=\"async\" class=\"wp-image-6839 size-full\" src=\"http:\/\/www.assocardan.org\/wp-content\/uploads\/2018\/05\/Alle.png\" alt=\"\" width=\"612\" height=\"865\" srcset=\"https:\/\/www.assocardan.org\/wp-content\/uploads\/2018\/05\/Alle.png 612w, https:\/\/www.assocardan.org\/wp-content\/uploads\/2018\/05\/Alle-212x300.png 212w, https:\/\/www.assocardan.org\/wp-content\/uploads\/2018\/05\/Alle-400x565.png 400w, https:\/\/www.assocardan.org\/wp-content\/uploads\/2018\/05\/Alle-430x608.png 430w, https:\/\/www.assocardan.org\/wp-content\/uploads\/2018\/05\/Alle-150x212.png 150w, https:\/\/www.assocardan.org\/wp-content\/uploads\/2018\/05\/Alle-100x141.png 100w\" sizes=\"auto, (max-width: 612px) 100vw, 612px\" \/><\/a><figcaption id=\"caption-attachment-6839\" class=\"wp-caption-text\">Veuillez cliquer sur le texte pour l&#8217;agrandir.<\/figcaption><\/figure>\n<h4>La photo du groupe:<\/h4>\n<p><a href=\"http:\/\/www.assocardan.org\/wp-content\/uploads\/2018\/05\/G-Alle-L-Vilaine-Coll-Ailly-Somme.jpg\" target=\"_blank\" rel=\"noopener\"><img loading=\"lazy\" decoding=\"async\" class=\"aligncenter wp-image-6923 size-large\" src=\"http:\/\/www.assocardan.org\/wp-content\/uploads\/2018\/05\/G-Alle-L-Vilaine-Coll-Ailly-Somme-1024x683.jpg\" alt=\"\" width=\"1024\" height=\"683\" srcset=\"https:\/\/www.assocardan.org\/wp-content\/uploads\/2018\/05\/G-Alle-L-Vilaine-Coll-Ailly-Somme-1024x683.jpg 1024w, https:\/\/www.assocardan.org\/wp-content\/uploads\/2018\/05\/G-Alle-L-Vilaine-Coll-Ailly-Somme-300x200.jpg 300w, https:\/\/www.assocardan.org\/wp-content\/uploads\/2018\/05\/G-Alle-L-Vilaine-Coll-Ailly-Somme-750x500.jpg 750w, https:\/\/www.assocardan.org\/wp-content\/uploads\/2018\/05\/G-Alle-L-Vilaine-Coll-Ailly-Somme-400x267.jpg 400w, https:\/\/www.assocardan.org\/wp-content\/uploads\/2018\/05\/G-Alle-L-Vilaine-Coll-Ailly-Somme-430x287.jpg 430w, https:\/\/www.assocardan.org\/wp-content\/uploads\/2018\/05\/G-Alle-L-Vilaine-Coll-Ailly-Somme-150x100.jpg 150w, https:\/\/www.assocardan.org\/wp-content\/uploads\/2018\/05\/G-Alle-L-Vilaine-Coll-Ailly-Somme-100x67.jpg 100w, https:\/\/www.assocardan.org\/wp-content\/uploads\/2018\/05\/G-Alle-L-Vilaine-Coll-Ailly-Somme-120x80.jpg 120w\" sizes=\"auto, (max-width: 1024px) 100vw, 1024px\" \/><\/a><\/p>\n","protected":false},"excerpt":{"rendered":"<p>Un texte \u00e9crit par G\u00e9rard All\u00e9 et Laurence Vilaine avec les \u00e9l\u00e8ves du coll\u00e8ge d&#8217;Ailly-sur-Somme: Oc\u00e9ane, Sonia, Ma\u00ebva, Romane, L\u00e9onie, Charlotte, L\u00e9na, Emeline, Brittany et Nathan.<\/p>\n","protected":false},"author":1,"featured_media":6839,"comment_status":"closed","ping_status":"closed","sticky":false,"template":"","format":"standard","meta":{"footnotes":""},"categories":[204,351],"tags":[309,44,350,29],"class_list":["post-6903","post","type-post","status-publish","format-standard","has-post-thumbnail","hentry","category-leitura-furiosa","category-leitura-furiosa-2018","tag-gerard-alle","tag-leitura-furiosa","tag-leitura-furiosa-2018","tag-textes-2"],"_links":{"self":[{"href":"https:\/\/www.assocardan.org\/index.php?rest_route=\/wp\/v2\/posts\/6903","targetHints":{"allow":["GET"]}}],"collection":[{"href":"https:\/\/www.assocardan.org\/index.php?rest_route=\/wp\/v2\/posts"}],"about":[{"href":"https:\/\/www.assocardan.org\/index.php?rest_route=\/wp\/v2\/types\/post"}],"author":[{"embeddable":true,"href":"https:\/\/www.assocardan.org\/index.php?rest_route=\/wp\/v2\/users\/1"}],"replies":[{"embeddable":true,"href":"https:\/\/www.assocardan.org\/index.php?rest_route=%2Fwp%2Fv2%2Fcomments&post=6903"}],"version-history":[{"count":3,"href":"https:\/\/www.assocardan.org\/index.php?rest_route=\/wp\/v2\/posts\/6903\/revisions"}],"predecessor-version":[{"id":6971,"href":"https:\/\/www.assocardan.org\/index.php?rest_route=\/wp\/v2\/posts\/6903\/revisions\/6971"}],"wp:featuredmedia":[{"embeddable":true,"href":"https:\/\/www.assocardan.org\/index.php?rest_route=\/wp\/v2\/media\/6839"}],"wp:attachment":[{"href":"https:\/\/www.assocardan.org\/index.php?rest_route=%2Fwp%2Fv2%2Fmedia&parent=6903"}],"wp:term":[{"taxonomy":"category","embeddable":true,"href":"https:\/\/www.assocardan.org\/index.php?rest_route=%2Fwp%2Fv2%2Fcategories&post=6903"},{"taxonomy":"post_tag","embeddable":true,"href":"https:\/\/www.assocardan.org\/index.php?rest_route=%2Fwp%2Fv2%2Ftags&post=6903"}],"curies":[{"name":"wp","href":"https:\/\/api.w.org\/{rel}","templated":true}]}}