{"id":6913,"date":"2018-05-20T14:24:48","date_gmt":"2018-05-20T12:24:48","guid":{"rendered":"http:\/\/www.assocardan.org\/?p=6913"},"modified":"2018-05-20T15:09:14","modified_gmt":"2018-05-20T13:09:14","slug":"leitura-furiosa-2018-claudine-aubrun-charivari","status":"publish","type":"post","link":"https:\/\/www.assocardan.org\/?p=6913","title":{"rendered":"CLAUDINE AUBRUN: &#8220;Charivari&#8221;"},"content":{"rendered":"<p>Un texte de Claudine Aubrun avec Chlo\u00e9, Dana, Esteban, Fabien, Ilona, Manon, Oph\u00e9lie, Pierre, Steacy, \u00e9l\u00e8ves du coll\u00e8ge du Bois l&#8217;Eau \u00e0 Bernaville.<!--more--><\/p>\n<p>&nbsp;<\/p>\n<figure id=\"attachment_6843\" aria-describedby=\"caption-attachment-6843\" style=\"width: 612px\" class=\"wp-caption aligncenter\"><a href=\"http:\/\/www.assocardan.org\/wp-content\/uploads\/2018\/05\/AUBRUN-CLAUDINE-vect.pdf\" target=\"_blank\" rel=\"noopener\"><img loading=\"lazy\" decoding=\"async\" class=\"wp-image-6843 size-full\" src=\"http:\/\/www.assocardan.org\/wp-content\/uploads\/2018\/05\/Aubrun.png\" alt=\"\" width=\"612\" height=\"864\" srcset=\"https:\/\/www.assocardan.org\/wp-content\/uploads\/2018\/05\/Aubrun.png 612w, https:\/\/www.assocardan.org\/wp-content\/uploads\/2018\/05\/Aubrun-213x300.png 213w, https:\/\/www.assocardan.org\/wp-content\/uploads\/2018\/05\/Aubrun-400x565.png 400w, https:\/\/www.assocardan.org\/wp-content\/uploads\/2018\/05\/Aubrun-430x607.png 430w, https:\/\/www.assocardan.org\/wp-content\/uploads\/2018\/05\/Aubrun-150x212.png 150w, https:\/\/www.assocardan.org\/wp-content\/uploads\/2018\/05\/Aubrun-100x141.png 100w\" sizes=\"auto, (max-width: 612px) 100vw, 612px\" \/><\/a><figcaption id=\"caption-attachment-6843\" class=\"wp-caption-text\">Veuillez cliquer sur le texte pour l&#8217;agrandir.<\/figcaption><\/figure>\n<h4>La photo du groupe :<\/h4>\n<p><a href=\"http:\/\/www.assocardan.org\/wp-content\/uploads\/2018\/05\/C.-Aubrun-Col-Bernaville.jpg\" target=\"_blank\" rel=\"noopener\"><img loading=\"lazy\" decoding=\"async\" class=\"aligncenter wp-image-6919 size-large\" src=\"http:\/\/www.assocardan.org\/wp-content\/uploads\/2018\/05\/C.-Aubrun-Col-Bernaville-1024x683.jpg\" alt=\"\" width=\"1024\" height=\"683\" srcset=\"https:\/\/www.assocardan.org\/wp-content\/uploads\/2018\/05\/C.-Aubrun-Col-Bernaville-1024x683.jpg 1024w, https:\/\/www.assocardan.org\/wp-content\/uploads\/2018\/05\/C.-Aubrun-Col-Bernaville-300x200.jpg 300w, https:\/\/www.assocardan.org\/wp-content\/uploads\/2018\/05\/C.-Aubrun-Col-Bernaville-750x500.jpg 750w, https:\/\/www.assocardan.org\/wp-content\/uploads\/2018\/05\/C.-Aubrun-Col-Bernaville-400x267.jpg 400w, https:\/\/www.assocardan.org\/wp-content\/uploads\/2018\/05\/C.-Aubrun-Col-Bernaville-430x287.jpg 430w, https:\/\/www.assocardan.org\/wp-content\/uploads\/2018\/05\/C.-Aubrun-Col-Bernaville-150x100.jpg 150w, https:\/\/www.assocardan.org\/wp-content\/uploads\/2018\/05\/C.-Aubrun-Col-Bernaville-100x67.jpg 100w, https:\/\/www.assocardan.org\/wp-content\/uploads\/2018\/05\/C.-Aubrun-Col-Bernaville-120x80.jpg 120w\" sizes=\"auto, (max-width: 1024px) 100vw, 1024px\" \/><\/a><\/p>\n","protected":false},"excerpt":{"rendered":"<p>Un texte de Claudine Aubrun avec Chlo\u00e9, Dana, Esteban, Fabien, Ilona, Manon, Oph\u00e9lie, Pierre, Steacy, \u00e9l\u00e8ves du coll\u00e8ge du Bois l&#8217;Eau \u00e0 Bernaville.<\/p>\n","protected":false},"author":1,"featured_media":6843,"comment_status":"closed","ping_status":"closed","sticky":false,"template":"","format":"standard","meta":{"footnotes":""},"categories":[204,351],"tags":[360,44,350,29],"class_list":["post-6913","post","type-post","status-publish","format-standard","has-post-thumbnail","hentry","category-leitura-furiosa","category-leitura-furiosa-2018","tag-claudine-aubrun","tag-leitura-furiosa","tag-leitura-furiosa-2018","tag-textes-2"],"_links":{"self":[{"href":"https:\/\/www.assocardan.org\/index.php?rest_route=\/wp\/v2\/posts\/6913","targetHints":{"allow":["GET"]}}],"collection":[{"href":"https:\/\/www.assocardan.org\/index.php?rest_route=\/wp\/v2\/posts"}],"about":[{"href":"https:\/\/www.assocardan.org\/index.php?rest_route=\/wp\/v2\/types\/post"}],"author":[{"embeddable":true,"href":"https:\/\/www.assocardan.org\/index.php?rest_route=\/wp\/v2\/users\/1"}],"replies":[{"embeddable":true,"href":"https:\/\/www.assocardan.org\/index.php?rest_route=%2Fwp%2Fv2%2Fcomments&post=6913"}],"version-history":[{"count":3,"href":"https:\/\/www.assocardan.org\/index.php?rest_route=\/wp\/v2\/posts\/6913\/revisions"}],"predecessor-version":[{"id":6956,"href":"https:\/\/www.assocardan.org\/index.php?rest_route=\/wp\/v2\/posts\/6913\/revisions\/6956"}],"wp:featuredmedia":[{"embeddable":true,"href":"https:\/\/www.assocardan.org\/index.php?rest_route=\/wp\/v2\/media\/6843"}],"wp:attachment":[{"href":"https:\/\/www.assocardan.org\/index.php?rest_route=%2Fwp%2Fv2%2Fmedia&parent=6913"}],"wp:term":[{"taxonomy":"category","embeddable":true,"href":"https:\/\/www.assocardan.org\/index.php?rest_route=%2Fwp%2Fv2%2Fcategories&post=6913"},{"taxonomy":"post_tag","embeddable":true,"href":"https:\/\/www.assocardan.org\/index.php?rest_route=%2Fwp%2Fv2%2Ftags&post=6913"}],"curies":[{"name":"wp","href":"https:\/\/api.w.org\/{rel}","templated":true}]}}