{"id":7065,"date":"2018-05-20T00:21:39","date_gmt":"2018-05-19T22:21:39","guid":{"rendered":"http:\/\/www.assocardan.org\/?p=7065"},"modified":"2018-05-22T00:24:07","modified_gmt":"2018-05-21T22:24:07","slug":"saguenail-reconversion","status":"publish","type":"post","link":"https:\/\/www.assocardan.org\/?p=7065","title":{"rendered":"SAGUENAIL: &#8220;Reconversion&#8221;"},"content":{"rendered":"<p>Un texte de Saguenail avec Antonio, Armando, Carlos, Diamantino, Jo\u00e3o, Jo\u00e3o Miguel, Jos\u00e9, Lima Pereira Lucilia, Manuel, Maria da Concei\u00e7\u00e3o, Miguel, Porfirio, Rodrigo, Rui, Serafim, Sergio, Vitor, Carlos, Constantina, Helena, Madalena et Jo\u00e3o Alves \u00e0 la Comunidade Terapeutica da Ponte da Pedra.<!--more--><\/p>\n<figure id=\"attachment_6875\" aria-describedby=\"caption-attachment-6875\" style=\"width: 609px\" class=\"wp-caption aligncenter\"><a href=\"http:\/\/www.assocardan.org\/wp-content\/uploads\/2018\/05\/SAGUENAIL-vect.pdf\" target=\"_blank\" rel=\"noopener\"><img loading=\"lazy\" decoding=\"async\" class=\"wp-image-6875 size-full\" src=\"http:\/\/www.assocardan.org\/wp-content\/uploads\/2018\/05\/Saguenail.png\" alt=\"Saguenail2018\" width=\"609\" height=\"865\" srcset=\"https:\/\/www.assocardan.org\/wp-content\/uploads\/2018\/05\/Saguenail.png 609w, https:\/\/www.assocardan.org\/wp-content\/uploads\/2018\/05\/Saguenail-211x300.png 211w, https:\/\/www.assocardan.org\/wp-content\/uploads\/2018\/05\/Saguenail-400x568.png 400w, https:\/\/www.assocardan.org\/wp-content\/uploads\/2018\/05\/Saguenail-430x611.png 430w, https:\/\/www.assocardan.org\/wp-content\/uploads\/2018\/05\/Saguenail-150x213.png 150w, https:\/\/www.assocardan.org\/wp-content\/uploads\/2018\/05\/Saguenail-100x142.png 100w\" sizes=\"auto, (max-width: 609px) 100vw, 609px\" \/><\/a><figcaption id=\"caption-attachment-6875\" class=\"wp-caption-text\">Veuillez cliquer sur le texte pour l\u2019agrandir.<\/figcaption><\/figure>\n","protected":false},"excerpt":{"rendered":"<p>Un texte de Saguenail avec Antonio, Armando, Carlos, Diamantino, Jo\u00e3o, Jo\u00e3o Miguel, Jos\u00e9, Lima Pereira Lucilia, Manuel, Maria da Concei\u00e7\u00e3o, Miguel, Porfirio, Rodrigo, Rui, Serafim, Sergio, Vitor, Carlos, Constantina, Helena, [&hellip;]<\/p>\n","protected":false},"author":1,"featured_media":6875,"comment_status":"closed","ping_status":"closed","sticky":false,"template":"","format":"standard","meta":{"footnotes":""},"categories":[204,351],"tags":[44,350,272,29],"class_list":["post-7065","post","type-post","status-publish","format-standard","has-post-thumbnail","hentry","category-leitura-furiosa","category-leitura-furiosa-2018","tag-leitura-furiosa","tag-leitura-furiosa-2018","tag-saguenail","tag-textes-2"],"_links":{"self":[{"href":"https:\/\/www.assocardan.org\/index.php?rest_route=\/wp\/v2\/posts\/7065","targetHints":{"allow":["GET"]}}],"collection":[{"href":"https:\/\/www.assocardan.org\/index.php?rest_route=\/wp\/v2\/posts"}],"about":[{"href":"https:\/\/www.assocardan.org\/index.php?rest_route=\/wp\/v2\/types\/post"}],"author":[{"embeddable":true,"href":"https:\/\/www.assocardan.org\/index.php?rest_route=\/wp\/v2\/users\/1"}],"replies":[{"embeddable":true,"href":"https:\/\/www.assocardan.org\/index.php?rest_route=%2Fwp%2Fv2%2Fcomments&post=7065"}],"version-history":[{"count":1,"href":"https:\/\/www.assocardan.org\/index.php?rest_route=\/wp\/v2\/posts\/7065\/revisions"}],"predecessor-version":[{"id":7066,"href":"https:\/\/www.assocardan.org\/index.php?rest_route=\/wp\/v2\/posts\/7065\/revisions\/7066"}],"wp:featuredmedia":[{"embeddable":true,"href":"https:\/\/www.assocardan.org\/index.php?rest_route=\/wp\/v2\/media\/6875"}],"wp:attachment":[{"href":"https:\/\/www.assocardan.org\/index.php?rest_route=%2Fwp%2Fv2%2Fmedia&parent=7065"}],"wp:term":[{"taxonomy":"category","embeddable":true,"href":"https:\/\/www.assocardan.org\/index.php?rest_route=%2Fwp%2Fv2%2Fcategories&post=7065"},{"taxonomy":"post_tag","embeddable":true,"href":"https:\/\/www.assocardan.org\/index.php?rest_route=%2Fwp%2Fv2%2Ftags&post=7065"}],"curies":[{"name":"wp","href":"https:\/\/api.w.org\/{rel}","templated":true}]}}