{"id":7141,"date":"2018-10-09T21:46:37","date_gmt":"2018-10-09T19:46:37","guid":{"rendered":"http:\/\/www.assocardan.org\/?p=7141"},"modified":"2018-10-09T22:18:57","modified_gmt":"2018-10-09T20:18:57","slug":"le-cardan-fete-ses-40-ans","status":"publish","type":"post","link":"https:\/\/www.assocardan.org\/?p=7141","title":{"rendered":"Le Cardan f\u00eate ses 40 ans"},"content":{"rendered":"<p><img loading=\"lazy\" decoding=\"async\" class=\"aligncenter size-full wp-image-7142\" src=\"http:\/\/www.assocardan.org\/wp-content\/uploads\/2018\/10\/40-ans_Cardan.jpg\" alt=\"\" width=\"601\" height=\"516\" srcset=\"https:\/\/www.assocardan.org\/wp-content\/uploads\/2018\/10\/40-ans_Cardan.jpg 601w, https:\/\/www.assocardan.org\/wp-content\/uploads\/2018\/10\/40-ans_Cardan-300x258.jpg 300w, https:\/\/www.assocardan.org\/wp-content\/uploads\/2018\/10\/40-ans_Cardan-400x343.jpg 400w, https:\/\/www.assocardan.org\/wp-content\/uploads\/2018\/10\/40-ans_Cardan-430x369.jpg 430w, https:\/\/www.assocardan.org\/wp-content\/uploads\/2018\/10\/40-ans_Cardan-150x129.jpg 150w, https:\/\/www.assocardan.org\/wp-content\/uploads\/2018\/10\/40-ans_Cardan-100x86.jpg 100w\" sizes=\"auto, (max-width: 601px) 100vw, 601px\" \/><\/p>\n<p>&nbsp;<\/p>\n<p style=\"text-align: justify;\">En <strong>juillet 1978<\/strong>, avait lieu l&#8217;assembl\u00e9e g\u00e9n\u00e9rale constitutive de l&#8217;association Cardan dans la salle &#8220;disco&#8221; du Centre Socio Culturel Georges Guynemer (devenu depuis le Centre Culturel Le Safran). Le but de l&#8217;association \u00e9tait de \u00ab promouvoir le monde ouvrier le plus d\u00e9favoris\u00e9 \u00bb, en portant le combat pour le droit au savoir et la reconnaissance de la culture sp\u00e9cifique du \u00ab quart-monde \u00bb.<\/p>\n<p style=\"text-align: justify;\">La m\u00eame ann\u00e9e, le mot \u00ab <strong>illettrisme<\/strong> \u00bb \u00e9tait invent\u00e9 par Joseph Wr\u00e9zinski dans un rapport du mouvement ATD et faisait l&#8217;objet d&#8217;un rapport au Conseil \u00c9conomique et Social qui donnera ensuite lieu \u00e0 la cr\u00e9ation du Groupe Permanent de Lutte contre l&#8217;Illetrisme, remplac\u00e9 en 2004 par l&#8217;Agence Nationale de Lutte contre l&#8217;Illettrisme\u2026<\/p>\n<p style=\"text-align: justify;\">Depuis 40 ans, Cardan <strong>transmet le plaisir de lire<\/strong>, combat pour <strong>le droit au savoir<\/strong>, partage les livres et les lectures, invite des auteurs, publie des textes, organise une manifestation litt\u00e9raire internationale, tisse des liens avec les mots. Cette action n&#8217;est possible que par l&#8217;investissement de dizaines de b\u00e9n\u00e9voles et par le soutien mat\u00e9riel et financier des institutions publiques. Cardan construit chaque jour son action en compagnie des habitantEs, des acteurs locaux, des agents des services publics, des partenaires.<\/p>\n<p style=\"text-align: justify;\">Cardan f\u00eate ses 40 ans le <strong>dimanche 14 octobre<\/strong> \u00e0 <strong>Fort-Manoir<\/strong> (22 rue de l\u2019\u00cele Myst\u00e9rieuse \u00e0 Boves).<br \/>\nLe matin, nous organisons une table ronde dans le cadre de cette journ\u00e9e anniversaire : \u00ab <em>Cardan a 40 ans, l&#8217;illettrisme aussi, causons-en<\/em> \u00bb<\/p>\n<p style=\"text-align: justify;\">Elle sera anim\u00e9e par Ixchel Delaporte, journaliste \u00e0 l\u2019Humanit\u00e9, auteur de \u00ab <em>les raisins de la mis\u00e8re<\/em> \u00bb (\u00e9d. du Rouergue). Et nous avons invit\u00e9 Dominique Carpentier, ancien membre du Conseil \u00c9conomique Social et Environnemental de Picardie puis des Hauts-de-France, ancien pr\u00e9sident de l\u2019URLIP, ainsi que Jean-Paul Delahaye, ancien inspecteur de l\u2019\u00c9ducation Nationale, auteur du rapport \u00ab <em>Grande pauvret\u00e9 et r\u00e9ussite \u00e9ducative<\/em> \u00bb<\/p>\n<p style=\"text-align: justify;\">\u00c0 l&#8217;issue de cet \u00e9change, nous continuerons \u00e0 partager id\u00e9es, souvenirs et anecdotes autour d&#8217;un ap\u00e9ritif convivial.<br \/>\nPuis nous partagerons les plats apport\u00e9s par chacunE et nous couperons le g\u00e2teau d\u2019anniversaire.<\/p>\n<p style=\"text-align: justify;\">Nous profiterons de l\u2019anniversaire pour souhaiter une bonne retraite \u00e0 Odile Robitaille, salari\u00e9e fondatrice de l\u2019association.<\/p>\n<p style=\"text-align: justify;\">La journ\u00e9e est ouverte \u00e0 touTEs les amiEs de Cardan de 11h \u00e0 18h.<br \/>\n<strong>Renseignements &#8211; Inscription<\/strong> : lectures@assocardan.org ou au 03.22.92.03.26.<\/p>\n","protected":false},"excerpt":{"rendered":"<p>&nbsp; En juillet 1978, avait lieu l&#8217;assembl\u00e9e g\u00e9n\u00e9rale constitutive de l&#8217;association Cardan dans la salle &#8220;disco&#8221; du Centre Socio Culturel Georges Guynemer (devenu depuis le Centre Culturel Le Safran). Le [&hellip;]<\/p>\n","protected":false},"author":1,"featured_media":7142,"comment_status":"closed","ping_status":"closed","sticky":false,"template":"","format":"standard","meta":{"footnotes":""},"categories":[368,11,10],"tags":[365,367,366,30],"class_list":["post-7141","post","type-post","status-publish","format-standard","has-post-thumbnail","hentry","category-40-ans","category-evenements","category-cardan","tag-40-ans","tag-anniversaire","tag-illettrisme","tag-le-cardan"],"_links":{"self":[{"href":"https:\/\/www.assocardan.org\/index.php?rest_route=\/wp\/v2\/posts\/7141","targetHints":{"allow":["GET"]}}],"collection":[{"href":"https:\/\/www.assocardan.org\/index.php?rest_route=\/wp\/v2\/posts"}],"about":[{"href":"https:\/\/www.assocardan.org\/index.php?rest_route=\/wp\/v2\/types\/post"}],"author":[{"embeddable":true,"href":"https:\/\/www.assocardan.org\/index.php?rest_route=\/wp\/v2\/users\/1"}],"replies":[{"embeddable":true,"href":"https:\/\/www.assocardan.org\/index.php?rest_route=%2Fwp%2Fv2%2Fcomments&post=7141"}],"version-history":[{"count":3,"href":"https:\/\/www.assocardan.org\/index.php?rest_route=\/wp\/v2\/posts\/7141\/revisions"}],"predecessor-version":[{"id":7145,"href":"https:\/\/www.assocardan.org\/index.php?rest_route=\/wp\/v2\/posts\/7141\/revisions\/7145"}],"wp:featuredmedia":[{"embeddable":true,"href":"https:\/\/www.assocardan.org\/index.php?rest_route=\/wp\/v2\/media\/7142"}],"wp:attachment":[{"href":"https:\/\/www.assocardan.org\/index.php?rest_route=%2Fwp%2Fv2%2Fmedia&parent=7141"}],"wp:term":[{"taxonomy":"category","embeddable":true,"href":"https:\/\/www.assocardan.org\/index.php?rest_route=%2Fwp%2Fv2%2Fcategories&post=7141"},{"taxonomy":"post_tag","embeddable":true,"href":"https:\/\/www.assocardan.org\/index.php?rest_route=%2Fwp%2Fv2%2Ftags&post=7141"}],"curies":[{"name":"wp","href":"https:\/\/api.w.org\/{rel}","templated":true}]}}