{"id":7150,"date":"2014-10-06T22:39:14","date_gmt":"2014-10-06T20:39:14","guid":{"rendered":"http:\/\/www.assocardan.org\/?p=7150"},"modified":"2018-10-09T23:06:48","modified_gmt":"2018-10-09T21:06:48","slug":"un-peu-beaucoup-plus-du-tout-mis-en-scene-par-les-habitants-de-fafet","status":"publish","type":"post","link":"https:\/\/www.assocardan.org\/?p=7150","title":{"rendered":"Un peu, beaucoup, plus du tout\u2026 mis en sc\u00e8ne par les habitants de Fafet"},"content":{"rendered":"<p><iframe loading=\"lazy\" src=\"https:\/\/player.vimeo.com\/video\/106917408?app_id=122963\" width=\"1140\" height=\"641\" frameborder=\"0\" title=\"un peu beaucoup\" webkitallowfullscreen mozallowfullscreen allowfullscreen><\/iframe><\/p>\n<p style=\"text-align: justify;\">En 2014, \u00e0 l\u2019occasion de Leitura Furiosa organis\u00e9e par l\u2019association Cardan, un groupe d\u2019habitants de la rue Fafet, accompagn\u00e9 par l\u2019auteur Pascal Millet ont \u00e9crit un texte \u00e0 propos de leur quartier. Cette vid\u00e9o, partag\u00e9e par l&#8217;association <a href=\"http:\/\/canalnord.org\/\" target=\"_blank\" rel=\"noopener\">Carmen<\/a>, est la mise en sc\u00e8ne que les habitants ont imagin\u00e9 \u00e0 partir de ce texte.<\/p>\n<h4><em>Pour acc\u00e9der au texte, <a href=\"http:\/\/www.assocardan.org\/?p=3977\" target=\"_blank\" rel=\"noopener\"><strong>cliquez sur ce lien<\/strong><\/a>.<\/em><\/h4>\n","protected":false},"excerpt":{"rendered":"<p>En 2014, \u00e0 l\u2019occasion de Leitura Furiosa organis\u00e9e par l\u2019association Cardan, un groupe d\u2019habitants de la rue Fafet, accompagn\u00e9 par l\u2019auteur Pascal Millet ont \u00e9crit un texte \u00e0 propos de [&hellip;]<\/p>\n","protected":false},"author":1,"featured_media":0,"comment_status":"closed","ping_status":"closed","sticky":false,"template":"","format":"standard","meta":{"footnotes":""},"categories":[368],"tags":[214,201,30,192,321],"class_list":["post-7150","post","type-post","status-publish","format-standard","hentry","category-40-ans","tag-carmen","tag-fafet","tag-le-cardan","tag-leitura-furiosa-2014-2","tag-pascal-millet"],"_links":{"self":[{"href":"https:\/\/www.assocardan.org\/index.php?rest_route=\/wp\/v2\/posts\/7150","targetHints":{"allow":["GET"]}}],"collection":[{"href":"https:\/\/www.assocardan.org\/index.php?rest_route=\/wp\/v2\/posts"}],"about":[{"href":"https:\/\/www.assocardan.org\/index.php?rest_route=\/wp\/v2\/types\/post"}],"author":[{"embeddable":true,"href":"https:\/\/www.assocardan.org\/index.php?rest_route=\/wp\/v2\/users\/1"}],"replies":[{"embeddable":true,"href":"https:\/\/www.assocardan.org\/index.php?rest_route=%2Fwp%2Fv2%2Fcomments&post=7150"}],"version-history":[{"count":4,"href":"https:\/\/www.assocardan.org\/index.php?rest_route=\/wp\/v2\/posts\/7150\/revisions"}],"predecessor-version":[{"id":7154,"href":"https:\/\/www.assocardan.org\/index.php?rest_route=\/wp\/v2\/posts\/7150\/revisions\/7154"}],"wp:attachment":[{"href":"https:\/\/www.assocardan.org\/index.php?rest_route=%2Fwp%2Fv2%2Fmedia&parent=7150"}],"wp:term":[{"taxonomy":"category","embeddable":true,"href":"https:\/\/www.assocardan.org\/index.php?rest_route=%2Fwp%2Fv2%2Fcategories&post=7150"},{"taxonomy":"post_tag","embeddable":true,"href":"https:\/\/www.assocardan.org\/index.php?rest_route=%2Fwp%2Fv2%2Ftags&post=7150"}],"curies":[{"name":"wp","href":"https:\/\/api.w.org\/{rel}","templated":true}]}}