{"id":7159,"date":"2014-09-05T23:31:36","date_gmt":"2014-09-05T21:31:36","guid":{"rendered":"http:\/\/www.assocardan.org\/?p=7159"},"modified":"2018-10-09T23:43:49","modified_gmt":"2018-10-09T21:43:49","slug":"entrez-dans-lhistoire-par-lemotion","status":"publish","type":"post","link":"https:\/\/www.assocardan.org\/?p=7159","title":{"rendered":"Entrez dans l\u2019histoire par l\u2019\u00e9motion"},"content":{"rendered":"<p><iframe loading=\"lazy\" src=\"https:\/\/player.vimeo.com\/video\/97326569?app_id=122963\" width=\"1140\" height=\"641\" frameborder=\"0\" title=\"Entrer dans l&rsquo;Histoire par l&rsquo;&eacute;motion\" webkitallowfullscreen mozallowfullscreen allowfullscreen><\/iframe><\/p>\n<p style=\"text-align: justify;\">&#8220;<em>En Picardie il pleut des cordes en g\u00e9n\u00e9ral mais il y a 100 ans ce sont des bombes qui s\u2019abbataient ici. Aujourd\u2019hui les comm\u00e9morations pleuvent sur notre belle r\u00e9gion. Carmen se joint \u00e0 ce grand mouvement comm\u00e9moratif et vous propose d\u2019entrer dans l\u2019histoire par l\u2019\u00e9motion. Le film ci-dessous a \u00e9t\u00e9 r\u00e9alis\u00e9 lors d\u2019un atelier anim\u00e9 par Carmen pour accompagner l\u2019action d\u2019une association amie : Le Cardan. Des adh\u00e9rents du Cardan qui ont fait le voyage jusqu\u2019\u00e0 l\u2019Historial de P\u00e9ronne se sont vus propuls\u00e9s dans cette page sombre de l\u2019Histoire. Ils n\u2019y ont pas acc\u00e9d\u00e9 par la grande porte des visites minist\u00e9rielles et des c\u00e9r\u00e9monies officielles. Ils ont suivi la trace de poilus ordinaires et ont reconstitu\u00e9 des bribes d\u2019existences par le biais d\u2019objets, devenus symboles de ces vies bris\u00e9es. La r\u00e9alisation est assur\u00e9e par les participants \u00e0 l\u2019atelier, ils ont \u00e9t\u00e9 guid\u00e9s par Carmen pour ce travail.<\/em>&#8220;<\/p>\n<p>Lien vers l&#8217;article du Carmen: <a href=\"http:\/\/canalnord.org\/entrez-dans-lhistoire-par-lemotion\/\" target=\"_blank\" rel=\"noopener\">cliquez ici<\/a>.<\/p>\n","protected":false},"excerpt":{"rendered":"<p>&#8220;En Picardie il pleut des cordes en g\u00e9n\u00e9ral mais il y a 100 ans ce sont des bombes qui s\u2019abbataient ici. Aujourd\u2019hui les comm\u00e9morations pleuvent sur notre belle r\u00e9gion. Carmen [&hellip;]<\/p>\n","protected":false},"author":1,"featured_media":0,"comment_status":"closed","ping_status":"closed","sticky":false,"template":"","format":"standard","meta":{"footnotes":""},"categories":[368],"tags":[371,214,370,30],"class_list":["post-7159","post","type-post","status-publish","format-standard","hentry","category-40-ans","tag-1ere-guerre-mondiale","tag-carmen","tag-historial-de-peronne","tag-le-cardan"],"_links":{"self":[{"href":"https:\/\/www.assocardan.org\/index.php?rest_route=\/wp\/v2\/posts\/7159","targetHints":{"allow":["GET"]}}],"collection":[{"href":"https:\/\/www.assocardan.org\/index.php?rest_route=\/wp\/v2\/posts"}],"about":[{"href":"https:\/\/www.assocardan.org\/index.php?rest_route=\/wp\/v2\/types\/post"}],"author":[{"embeddable":true,"href":"https:\/\/www.assocardan.org\/index.php?rest_route=\/wp\/v2\/users\/1"}],"replies":[{"embeddable":true,"href":"https:\/\/www.assocardan.org\/index.php?rest_route=%2Fwp%2Fv2%2Fcomments&post=7159"}],"version-history":[{"count":3,"href":"https:\/\/www.assocardan.org\/index.php?rest_route=\/wp\/v2\/posts\/7159\/revisions"}],"predecessor-version":[{"id":7162,"href":"https:\/\/www.assocardan.org\/index.php?rest_route=\/wp\/v2\/posts\/7159\/revisions\/7162"}],"wp:attachment":[{"href":"https:\/\/www.assocardan.org\/index.php?rest_route=%2Fwp%2Fv2%2Fmedia&parent=7159"}],"wp:term":[{"taxonomy":"category","embeddable":true,"href":"https:\/\/www.assocardan.org\/index.php?rest_route=%2Fwp%2Fv2%2Fcategories&post=7159"},{"taxonomy":"post_tag","embeddable":true,"href":"https:\/\/www.assocardan.org\/index.php?rest_route=%2Fwp%2Fv2%2Ftags&post=7159"}],"curies":[{"name":"wp","href":"https:\/\/api.w.org\/{rel}","templated":true}]}}