{"id":7257,"date":"2018-12-21T17:00:34","date_gmt":"2018-12-21T16:00:34","guid":{"rendered":"http:\/\/www.assocardan.org\/?p=7257"},"modified":"2019-05-23T15:59:40","modified_gmt":"2019-05-23T13:59:40","slug":"lancement-dune-campagne-de-financement-participatif-pour-leitura-furiosa","status":"publish","type":"post","link":"https:\/\/www.assocardan.org\/?p=7257","title":{"rendered":"Lancement d&#8217;une campagne de financement participatif pour Leitura Furiosa"},"content":{"rendered":"<p><img loading=\"lazy\" decoding=\"async\" class=\"aligncenter size-full wp-image-4128\" src=\"http:\/\/www.assocardan.org\/wp-content\/uploads\/2014\/06\/25052014-25052014-_DSC15931.jpg\" alt=\"\" width=\"709\" height=\"469\" srcset=\"https:\/\/www.assocardan.org\/wp-content\/uploads\/2014\/06\/25052014-25052014-_DSC15931.jpg 709w, https:\/\/www.assocardan.org\/wp-content\/uploads\/2014\/06\/25052014-25052014-_DSC15931-300x198.jpg 300w, https:\/\/www.assocardan.org\/wp-content\/uploads\/2014\/06\/25052014-25052014-_DSC15931-120x80.jpg 120w\" sizes=\"auto, (max-width: 709px) 100vw, 709px\" \/><\/p>\n<p style=\"text-align: justify;\">L&#8217;association Cardan lance une campagne de financement participatif pour\u00a0d\u00e9velopper les actions de lectures \u00e0 haute voix en amont et pendant la manifestation <strong>Leitura Furiosa<\/strong>.<!--more--><\/p>\n<p>&nbsp;<\/p>\n<p class=\"title\" style=\"text-align: justify;\"><strong>Leitura Furiosa<\/strong>, c&#8217;est une manifestation litt\u00e9raire insolite qui se d\u00e9roule en mai \u00e0 Amiens, Porto et Lisbonne.<\/p>\n<p class=\"title\" style=\"text-align: justify;\">Il s\u2019agit d\u2019une rencontre improbable : celle de personnes f\u00e2ch\u00e9es avec la lecture et d\u2019\u00e9crivains.\u00a0Pendant 3 jours, les auteurs viennent se mettre \u00ab au service \u00bb de celles et ceux qui n\u2019ont pas eu acc\u00e8s au savoir lire\u00ad-\u00e9crire (ou sont \u00e9loign\u00e9s). De la rencontre entre des groupes d\u2019enfants, d\u2019adolescents ou d\u2019adultes et des auteurs, naissent des textes originaux de litt\u00e9rature contemporaine qui vont ensuite \u00eatre illustr\u00e9s, imprim\u00e9s, affich\u00e9s, reproduits puis lus en public. Ces lectures se d\u00e9roulent au m\u00eame moment \u00e0 la Maison de la Culture d\u2019Amiens, \u00e0 la Biblioth\u00e8que de Beja, \u00e0 la Casa da Achada \u00e0 Lisbonne, au Mus\u00e9e Serralv\u00e8s \u00e0 Porto\u2026<\/p>\n<p>&nbsp;<\/p>\n<p>La campagne va se prolonger <strong>jusqu&#8217;au\u00a031 d\u00e9cembre 2019<\/strong>. L&#8217;objectif \u00e9tant d&#8217;atteindre <strong>10000\u20ac<\/strong>.<\/p>\n<p>Pour participer \u00e0 la collecte, suivez ce lien:<strong>\u00a0<a href=\"https:\/\/www.helloasso.com\/associations\/cardan\/collectes\/leitura-furiosa\" target=\"_blank\" rel=\"noopener\">https:\/\/www.helloasso.com\/associations\/cardan\/collectes\/leitura-furiosa<\/a>.<\/strong><\/p>\n<p>&nbsp;<\/p>\n","protected":false},"excerpt":{"rendered":"<p>L&#8217;association Cardan lance une campagne de financement participatif pour\u00a0d\u00e9velopper les actions de lectures \u00e0 haute voix en amont et pendant la manifestation Leitura Furiosa.<\/p>\n","protected":false},"author":1,"featured_media":5959,"comment_status":"closed","ping_status":"closed","sticky":false,"template":"","format":"standard","meta":{"footnotes":""},"categories":[204],"tags":[126,331,44,58],"class_list":["post-7257","post","type-post","status-publish","format-standard","has-post-thumbnail","hentry","category-leitura-furiosa","tag-amiens","tag-lectures","tag-leitura-furiosa","tag-maison-de-la-culture"],"_links":{"self":[{"href":"https:\/\/www.assocardan.org\/index.php?rest_route=\/wp\/v2\/posts\/7257","targetHints":{"allow":["GET"]}}],"collection":[{"href":"https:\/\/www.assocardan.org\/index.php?rest_route=\/wp\/v2\/posts"}],"about":[{"href":"https:\/\/www.assocardan.org\/index.php?rest_route=\/wp\/v2\/types\/post"}],"author":[{"embeddable":true,"href":"https:\/\/www.assocardan.org\/index.php?rest_route=\/wp\/v2\/users\/1"}],"replies":[{"embeddable":true,"href":"https:\/\/www.assocardan.org\/index.php?rest_route=%2Fwp%2Fv2%2Fcomments&post=7257"}],"version-history":[{"count":17,"href":"https:\/\/www.assocardan.org\/index.php?rest_route=\/wp\/v2\/posts\/7257\/revisions"}],"predecessor-version":[{"id":7274,"href":"https:\/\/www.assocardan.org\/index.php?rest_route=\/wp\/v2\/posts\/7257\/revisions\/7274"}],"wp:featuredmedia":[{"embeddable":true,"href":"https:\/\/www.assocardan.org\/index.php?rest_route=\/wp\/v2\/media\/5959"}],"wp:attachment":[{"href":"https:\/\/www.assocardan.org\/index.php?rest_route=%2Fwp%2Fv2%2Fmedia&parent=7257"}],"wp:term":[{"taxonomy":"category","embeddable":true,"href":"https:\/\/www.assocardan.org\/index.php?rest_route=%2Fwp%2Fv2%2Fcategories&post=7257"},{"taxonomy":"post_tag","embeddable":true,"href":"https:\/\/www.assocardan.org\/index.php?rest_route=%2Fwp%2Fv2%2Ftags&post=7257"}],"curies":[{"name":"wp","href":"https:\/\/api.w.org\/{rel}","templated":true}]}}