{"id":7295,"date":"2019-01-07T14:33:48","date_gmt":"2019-01-07T13:33:48","guid":{"rendered":"http:\/\/www.assocardan.org\/?p=7295"},"modified":"2019-03-07T22:22:25","modified_gmt":"2019-03-07T21:22:25","slug":"assemblee-generale-de-cardan-prevue-au-mois-de-mars","status":"publish","type":"post","link":"https:\/\/www.assocardan.org\/?p=7295","title":{"rendered":"Assembl\u00e9e G\u00e9n\u00e9rale de Cardan pr\u00e9vue au mois de mars"},"content":{"rendered":"<p>L&#8217;<strong>Assembl\u00e9e g\u00e9n\u00e9rale<\/strong> de l&#8217;association aura lieu\u00a0<strong>le vendredi 22 mars 2019<\/strong>, \u00e0 partir de <strong>17h30<\/strong>, au <strong>91 rue Saint Roch<\/strong> \u00e0 Amiens.<!--more--><\/p>\n<p>&nbsp;<\/p>\n<p>Il est d\u00e9sormais possible\u00a0d&#8217;<strong>adh\u00e9rer en ligne<\/strong> \u00e0\u00a0l&#8217;association.<\/p>\n<p>Voici le formulaire :<\/p>\n<p style=\"text-align: center;\"><iframe id=\"haWidget\" style=\"width: 650px; height: 450px; border: none;\" src=\"https:\/\/www.helloasso.com\/associations\/cardan\/paiements\/adhesion\/widget\" scrolling=\"auto\"><span data-mce-type=\"bookmark\" style=\"display: inline-block; width: 0px; overflow: hidden; line-height: 0;\" class=\"mce_SELRES_start\">\ufeff<\/span><\/iframe><\/p>\n","protected":false},"excerpt":{"rendered":"<p>L&#8217;Assembl\u00e9e g\u00e9n\u00e9rale de l&#8217;association aura lieu\u00a0le vendredi 22 mars 2019, \u00e0 partir de 17h30, au 91 rue Saint Roch \u00e0 Amiens.<\/p>\n","protected":false},"author":1,"featured_media":0,"comment_status":"closed","ping_status":"closed","sticky":false,"template":"","format":"standard","meta":{"footnotes":""},"categories":[10],"tags":[126,296,30],"class_list":["post-7295","post","type-post","status-publish","format-standard","hentry","category-cardan","tag-amiens","tag-assemblee-generale","tag-le-cardan"],"_links":{"self":[{"href":"https:\/\/www.assocardan.org\/index.php?rest_route=\/wp\/v2\/posts\/7295","targetHints":{"allow":["GET"]}}],"collection":[{"href":"https:\/\/www.assocardan.org\/index.php?rest_route=\/wp\/v2\/posts"}],"about":[{"href":"https:\/\/www.assocardan.org\/index.php?rest_route=\/wp\/v2\/types\/post"}],"author":[{"embeddable":true,"href":"https:\/\/www.assocardan.org\/index.php?rest_route=\/wp\/v2\/users\/1"}],"replies":[{"embeddable":true,"href":"https:\/\/www.assocardan.org\/index.php?rest_route=%2Fwp%2Fv2%2Fcomments&post=7295"}],"version-history":[{"count":9,"href":"https:\/\/www.assocardan.org\/index.php?rest_route=\/wp\/v2\/posts\/7295\/revisions"}],"predecessor-version":[{"id":7328,"href":"https:\/\/www.assocardan.org\/index.php?rest_route=\/wp\/v2\/posts\/7295\/revisions\/7328"}],"wp:attachment":[{"href":"https:\/\/www.assocardan.org\/index.php?rest_route=%2Fwp%2Fv2%2Fmedia&parent=7295"}],"wp:term":[{"taxonomy":"category","embeddable":true,"href":"https:\/\/www.assocardan.org\/index.php?rest_route=%2Fwp%2Fv2%2Fcategories&post=7295"},{"taxonomy":"post_tag","embeddable":true,"href":"https:\/\/www.assocardan.org\/index.php?rest_route=%2Fwp%2Fv2%2Ftags&post=7295"}],"curies":[{"name":"wp","href":"https:\/\/api.w.org\/{rel}","templated":true}]}}