{"id":7373,"date":"2019-05-26T13:39:44","date_gmt":"2019-05-26T11:39:44","guid":{"rendered":"http:\/\/www.assocardan.org\/?p=7373"},"modified":"2019-05-27T14:37:05","modified_gmt":"2019-05-27T12:37:05","slug":"au-lieu-decrire-pomme-jecris-poeme","status":"publish","type":"post","link":"https:\/\/www.assocardan.org\/?p=7373","title":{"rendered":"Au lieu d&#8217;\u00e9crire pomme, j&#8217;\u00e9cris po\u00e8me"},"content":{"rendered":"<p>Un texte \u00e9crit par G\u00e9rard Alle avec Pierre, Christel, Marie-Christine, Christophe, Hubert, David, Dominique, C\u00e9line, Awa, Thierry, St\u00e9phane, Didier, Franck.<\/p>\n<p>Il illustr\u00e9 par Andr\u00e9 Zetlaoui.<!--more--><\/p>\n<iframe src=\"\/\/docs.google.com\/viewer?url=http%3A%2F%2Fwww.assocardan.org%2Fwp-content%2Fuploads%2F2019%2F05%2FALLE.pdf&hl=fr&embedded=true\" class=\"gde-frame\" style=\"width:100%; height:500px; border: none;\" scrolling=\"no\"><\/iframe>\n<p class=\"gde-text\"><a href=\"http:\/\/www.assocardan.org\/wp-content\/uploads\/2019\/05\/ALLE.pdf\" class=\"gde-link\">T\u00e9l\u00e9charger (PDF, 547KB)<\/a><\/p>\n","protected":false},"excerpt":{"rendered":"<p>Un texte \u00e9crit par G\u00e9rard Alle avec Pierre, Christel, Marie-Christine, Christophe, Hubert, David, Dominique, C\u00e9line, Awa, Thierry, St\u00e9phane, Didier, Franck. Il illustr\u00e9 par Andr\u00e9 Zetlaoui.<\/p>\n","protected":false},"author":1,"featured_media":0,"comment_status":"closed","ping_status":"closed","sticky":false,"template":"","format":"standard","meta":{"footnotes":""},"categories":[204,376,381],"tags":[126,309,44,377,58],"class_list":["post-7373","post","type-post","status-publish","format-standard","hentry","category-leitura-furiosa","category-leitura-furiosa-2019","category-textes-de-leitura-2019","tag-amiens","tag-gerard-alle","tag-leitura-furiosa","tag-leitura-furiosa-2019","tag-maison-de-la-culture"],"_links":{"self":[{"href":"https:\/\/www.assocardan.org\/index.php?rest_route=\/wp\/v2\/posts\/7373","targetHints":{"allow":["GET"]}}],"collection":[{"href":"https:\/\/www.assocardan.org\/index.php?rest_route=\/wp\/v2\/posts"}],"about":[{"href":"https:\/\/www.assocardan.org\/index.php?rest_route=\/wp\/v2\/types\/post"}],"author":[{"embeddable":true,"href":"https:\/\/www.assocardan.org\/index.php?rest_route=\/wp\/v2\/users\/1"}],"replies":[{"embeddable":true,"href":"https:\/\/www.assocardan.org\/index.php?rest_route=%2Fwp%2Fv2%2Fcomments&post=7373"}],"version-history":[{"count":1,"href":"https:\/\/www.assocardan.org\/index.php?rest_route=\/wp\/v2\/posts\/7373\/revisions"}],"predecessor-version":[{"id":7442,"href":"https:\/\/www.assocardan.org\/index.php?rest_route=\/wp\/v2\/posts\/7373\/revisions\/7442"}],"wp:attachment":[{"href":"https:\/\/www.assocardan.org\/index.php?rest_route=%2Fwp%2Fv2%2Fmedia&parent=7373"}],"wp:term":[{"taxonomy":"category","embeddable":true,"href":"https:\/\/www.assocardan.org\/index.php?rest_route=%2Fwp%2Fv2%2Fcategories&post=7373"},{"taxonomy":"post_tag","embeddable":true,"href":"https:\/\/www.assocardan.org\/index.php?rest_route=%2Fwp%2Fv2%2Ftags&post=7373"}],"curies":[{"name":"wp","href":"https:\/\/api.w.org\/{rel}","templated":true}]}}