{"id":7559,"date":"2019-07-08T14:03:38","date_gmt":"2019-07-08T12:03:38","guid":{"rendered":"http:\/\/www.assocardan.org\/?p=7559"},"modified":"2019-07-30T19:05:55","modified_gmt":"2019-07-30T17:05:55","slug":"partir-en-livre-edition-2019-le-programme","status":"publish","type":"post","link":"https:\/\/www.assocardan.org\/?p=7559","title":{"rendered":"Partir en livre, \u00e9dition 2019 &#8211; Le programme"},"content":{"rendered":"\n<p>Le Cardan s&#8217;associe pour la 5\u00e8me ann\u00e9e \u00e0 la manifestation <strong><a rel=\"noreferrer noopener\" aria-label=\"Partir en livre (s\u2019ouvre dans un nouvel onglet)\" href=\"https:\/\/www.partir-en-livre.fr\/\" target=\"_blank\">Partir en livre<\/a><\/strong> qui aura lieu <strong>du 10 au 21 juillet 2019<\/strong>.<\/p>\n\n\n\n<div style=\"height:20px\" aria-hidden=\"true\" class=\"wp-block-spacer\"><\/div>\n\n\n\n<!--more-->\n\n\n\n<div class=\"wp-block-image\"><figure class=\"alignright is-resized\"><a href=\"http:\/\/www.assocardan.org\/wp-content\/uploads\/2019\/07\/Affiche-Officielle-Nationale-3.pdf\" target=\"_blank\" rel=\"noreferrer noopener\"><img loading=\"lazy\" decoding=\"async\" src=\"http:\/\/www.assocardan.org\/wp-content\/uploads\/2019\/07\/PEL2019-mini-1.png\" alt=\"\" class=\"wp-image-7582\" width=\"281\" height=\"422\" srcset=\"https:\/\/www.assocardan.org\/wp-content\/uploads\/2019\/07\/PEL2019-mini-1.png 561w, https:\/\/www.assocardan.org\/wp-content\/uploads\/2019\/07\/PEL2019-mini-1-200x300.png 200w, https:\/\/www.assocardan.org\/wp-content\/uploads\/2019\/07\/PEL2019-mini-1-400x600.png 400w, https:\/\/www.assocardan.org\/wp-content\/uploads\/2019\/07\/PEL2019-mini-1-430x645.png 430w, https:\/\/www.assocardan.org\/wp-content\/uploads\/2019\/07\/PEL2019-mini-1-150x225.png 150w, https:\/\/www.assocardan.org\/wp-content\/uploads\/2019\/07\/PEL2019-mini-1-100x150.png 100w\" sizes=\"auto, (max-width: 281px) 100vw, 281px\" \/><\/a><figcaption>Affiche de Partir en livre. <br \/>Cliquez pour agrandir<\/figcaption><\/figure><\/div>\n\n\n\n<p><strong>Partir en livre<\/strong> est une manifestation gratuite, populaire et festive, sur les livres jeunesses. Des ateliers, des lectures, des rencontres avec des auteurs et des illustrateurs, des animations, sont propos\u00e9s dans tous les espaces lectures de France. <\/p>\n\n\n\n<p>Un temps fort donc, soutenu par le Centre national du livre, qui permet d&#8217;inviter les auteurs et les illustrateurs jeunesse \u00e0 rencontrer des familles qui ne partent pas beaucoup en vacances et sont dans les quartiers l&#8217;\u00e9t\u00e9, et permet aux familles de voyager avec les livres.<\/p>\n\n\n\n<div style=\"height:20px\" aria-hidden=\"true\" class=\"wp-block-spacer\"><\/div>\n\n\n\n<p style=\"text-align:left\">Pour plus d&#8217;informations concernant l\u2019\u00e9v\u00e9nement, vous pouvez vous rendre sur : <strong><a rel=\"noreferrer noopener\" aria-label=\"www.partir-en-livre.fr (s\u2019ouvre dans un nouvel onglet)\" href=\"http:\/\/www.partir-en-livre.fr\" target=\"_blank\">www.partir-en-livre.fr<\/a><\/strong>.<\/p>\n\n\n\n<p style=\"text-align:left\">Vous pouvez aussi : <\/p>\n\n\n\n<ul class=\"wp-block-list\"><li>t\u00e9l\u00e9charger le dossier de presse en cliquant sur <strong><a rel=\"noreferrer noopener\" aria-label=\"ce lien (s\u2019ouvre dans un nouvel onglet)\" href=\"http:\/\/www.assocardan.org\/wp-content\/uploads\/2019\/07\/Dossier-de-presse-Partir-en-Livre.pdf\" target=\"_blank\">ce lien<\/a><\/strong>.<\/li><li>vous rendre sur l&#8217;article  du site de France 3 : <strong><a rel=\"noreferrer noopener\" aria-label=\"\u201cPartir en Livre\u201d, dix jours pour se r\u00e9concilier avec la lecture (s\u2019ouvre dans un nouvel onglet)\" href=\"https:\/\/france3-regions.francetvinfo.fr\/hauts-de-france\/partir-livre-dix-jours-se-reconcilier-lecture-1693958.html\" target=\"_blank\">\u201cPartir en Livre\u201d, dix jours pour se r\u00e9concilier avec la lecture<\/a><\/strong>.<\/li><\/ul>\n\n\n\n<div style=\"height:80px\" aria-hidden=\"true\" class=\"wp-block-spacer\"><\/div>\n\n\n\n<h3 class=\"wp-block-heading\">Le programme du Cardan pour cette 5\u00e8me \u00e9dition :<\/h3>\n\n\n\n<div style=\"height:20px\" aria-hidden=\"true\" class=\"wp-block-spacer\"><\/div>\n\n\n\n<p>Vous trouverez ci-dessous, notre programme pour les deux semaines de Partir en livre.<\/p>\n\n\n\n<p><em>Cliquez sur le document, ci-dessous<\/em> :<\/p>\n\n\n\n<div class=\"wp-block-image\"><figure class=\"aligncenter is-resized\"><a href=\"http:\/\/www.assocardan.org\/wp-content\/uploads\/2019\/07\/Programme_PeL_2019-1.pdf\" target=\"_blank\" rel=\"noreferrer noopener\"><img loading=\"lazy\" decoding=\"async\" src=\"http:\/\/www.assocardan.org\/wp-content\/uploads\/2019\/07\/PEL2019-Programme-mini.png\" alt=\"\" class=\"wp-image-7604\" width=\"498\" height=\"720\" srcset=\"https:\/\/www.assocardan.org\/wp-content\/uploads\/2019\/07\/PEL2019-Programme-mini.png 625w, https:\/\/www.assocardan.org\/wp-content\/uploads\/2019\/07\/PEL2019-Programme-mini-207x300.png 207w, https:\/\/www.assocardan.org\/wp-content\/uploads\/2019\/07\/PEL2019-Programme-mini-400x579.png 400w, https:\/\/www.assocardan.org\/wp-content\/uploads\/2019\/07\/PEL2019-Programme-mini-430x622.png 430w, https:\/\/www.assocardan.org\/wp-content\/uploads\/2019\/07\/PEL2019-Programme-mini-150x217.png 150w, https:\/\/www.assocardan.org\/wp-content\/uploads\/2019\/07\/PEL2019-Programme-mini-100x145.png 100w\" sizes=\"auto, (max-width: 498px) 100vw, 498px\" \/><\/a><\/figure><\/div>\n","protected":false},"excerpt":{"rendered":"<p>Le Cardan s&#8217;associe pour la 5\u00e8me ann\u00e9e \u00e0 la manifestation Partir en livre qui aura lieu du 10 au 21 juillet 2019.<\/p>\n","protected":false},"author":1,"featured_media":7580,"comment_status":"closed","ping_status":"closed","sticky":false,"template":"","format":"standard","meta":{"footnotes":""},"categories":[11,10,396,397,398],"tags":[126,30,37,277],"class_list":["post-7559","post","type-post","status-publish","format-standard","has-post-thumbnail","hentry","category-evenements","category-cardan","category-partir-en-livre","category-quartier-livres","category-raconte-marmots","tag-amiens","tag-le-cardan","tag-livres","tag-partir-en-livre"],"_links":{"self":[{"href":"https:\/\/www.assocardan.org\/index.php?rest_route=\/wp\/v2\/posts\/7559","targetHints":{"allow":["GET"]}}],"collection":[{"href":"https:\/\/www.assocardan.org\/index.php?rest_route=\/wp\/v2\/posts"}],"about":[{"href":"https:\/\/www.assocardan.org\/index.php?rest_route=\/wp\/v2\/types\/post"}],"author":[{"embeddable":true,"href":"https:\/\/www.assocardan.org\/index.php?rest_route=\/wp\/v2\/users\/1"}],"replies":[{"embeddable":true,"href":"https:\/\/www.assocardan.org\/index.php?rest_route=%2Fwp%2Fv2%2Fcomments&post=7559"}],"version-history":[{"count":49,"href":"https:\/\/www.assocardan.org\/index.php?rest_route=\/wp\/v2\/posts\/7559\/revisions"}],"predecessor-version":[{"id":7728,"href":"https:\/\/www.assocardan.org\/index.php?rest_route=\/wp\/v2\/posts\/7559\/revisions\/7728"}],"wp:featuredmedia":[{"embeddable":true,"href":"https:\/\/www.assocardan.org\/index.php?rest_route=\/wp\/v2\/media\/7580"}],"wp:attachment":[{"href":"https:\/\/www.assocardan.org\/index.php?rest_route=%2Fwp%2Fv2%2Fmedia&parent=7559"}],"wp:term":[{"taxonomy":"category","embeddable":true,"href":"https:\/\/www.assocardan.org\/index.php?rest_route=%2Fwp%2Fv2%2Fcategories&post=7559"},{"taxonomy":"post_tag","embeddable":true,"href":"https:\/\/www.assocardan.org\/index.php?rest_route=%2Fwp%2Fv2%2Ftags&post=7559"}],"curies":[{"name":"wp","href":"https:\/\/api.w.org\/{rel}","templated":true}]}}