{"id":7729,"date":"2019-07-11T17:11:06","date_gmt":"2019-07-11T15:11:06","guid":{"rendered":"http:\/\/www.assocardan.org\/?p=7729"},"modified":"2019-07-30T19:02:06","modified_gmt":"2019-07-30T17:02:06","slug":"partir-en-livre-dix-jours-pour-se-reconcilier-avec-la-lecture","status":"publish","type":"post","link":"https:\/\/www.assocardan.org\/?p=7729","title":{"rendered":"\u201cPartir en Livre\u201d, dix jours pour se r\u00e9concilier avec la lecture"},"content":{"rendered":"\n<figure class=\"wp-block-image\"><img loading=\"lazy\" decoding=\"async\" width=\"946\" height=\"563\" src=\"http:\/\/www.assocardan.org\/wp-content\/uploads\/2019\/07\/Pel2019-img3.jpg\" alt=\"\" class=\"wp-image-7737\" srcset=\"https:\/\/www.assocardan.org\/wp-content\/uploads\/2019\/07\/Pel2019-img3.jpg 946w, https:\/\/www.assocardan.org\/wp-content\/uploads\/2019\/07\/Pel2019-img3-300x179.jpg 300w, https:\/\/www.assocardan.org\/wp-content\/uploads\/2019\/07\/Pel2019-img3-750x446.jpg 750w, https:\/\/www.assocardan.org\/wp-content\/uploads\/2019\/07\/Pel2019-img3-400x238.jpg 400w, https:\/\/www.assocardan.org\/wp-content\/uploads\/2019\/07\/Pel2019-img3-430x256.jpg 430w, https:\/\/www.assocardan.org\/wp-content\/uploads\/2019\/07\/Pel2019-img3-150x89.jpg 150w, https:\/\/www.assocardan.org\/wp-content\/uploads\/2019\/07\/Pel2019-img3-100x60.jpg 100w\" sizes=\"auto, (max-width: 946px) 100vw, 946px\" \/><\/figure>\n\n\n\n<p>La cinqui\u00e8me \u00e9dition de <strong><a rel=\"noreferrer noopener\" aria-label=\"Partir en livre  (s\u2019ouvre dans un nouvel onglet)\" href=\"https:\/\/www.partir-en-livre.fr\/\" target=\"_blank\">Partir en livre<\/a><\/strong><a rel=\"noreferrer noopener\" aria-label=\"Partir en livre  (s\u2019ouvre dans un nouvel onglet)\" href=\"https:\/\/www.partir-en-livre.fr\/\" target=\"_blank\"> <\/a>a lieu en ce moment,  <strong>jusqu&#8217;au 21 juillet 2019<\/strong>. Pendant 10 jours, des \u00e9v\u00e9nements autour du livre seront propos\u00e9s partout en France.<\/p>\n\n\n\n<!--more-->\n\n\n\n<div style=\"height:20px\" aria-hidden=\"true\" class=\"wp-block-spacer\"><\/div>\n\n\n\n<p>France 3 en a consacr\u00e9 un article sur son site, ainsi qu&#8217;un reportage dans le 19\/20 de France 3 Picardie du 10 juillet.<\/p>\n\n\n\n<div style=\"height:20px\" aria-hidden=\"true\" class=\"wp-block-spacer\"><\/div>\n\n\n\n<p>Voici le JT du 10 juillet (reportage de Partir en livre \u00e0 05:56):<\/p>\n\n\n\n<iframe loading=\"lazy\" src=\"\/\/embedftv-a.akamaihd.net\/6681d822a46e97f958ec25fb6bbdd33c\" scrolling=\"no\" allowfullscreen=\"\" width=\"560\" height=\"315\" frameborder=\"0\"><\/iframe>\n\n\n\n<div style=\"height:20px\" aria-hidden=\"true\" class=\"wp-block-spacer\"><\/div>\n\n\n\n<p>Et pour l&#8217;article, cliquez sur <strong><a rel=\"noreferrer noopener\" aria-label=\"ce lien (s\u2019ouvre dans un nouvel onglet)\" href=\"https:\/\/france3-regions.francetvinfo.fr\/hauts-de-france\/partir-livre-dix-jours-se-reconcilier-lecture-1693958.html\" target=\"_blank\">ce lien<\/a><\/strong>.<\/p>\n\n\n\n<p>Le Cardan se joint \u00e9galement \u00e0 la f\u00eate. Pour conna\u00eetre notre programme, cliquez sur <strong><a href=\"http:\/\/www.assocardan.org\/?p=7559\" target=\"_blank\" rel=\"noreferrer noopener\" aria-label=\"ce lien (s\u2019ouvre dans un nouvel onglet)\">ce lien<\/a><\/strong>.<\/p>\n","protected":false},"excerpt":{"rendered":"<p>La cinqui\u00e8me \u00e9dition de Partir en livre a lieu en ce moment, jusqu&#8217;au 21 juillet 2019. Pendant 10 jours, des \u00e9v\u00e9nements autour du livre seront propos\u00e9s partout en France.<\/p>\n","protected":false},"author":1,"featured_media":0,"comment_status":"closed","ping_status":"closed","sticky":false,"template":"","format":"standard","meta":{"footnotes":""},"categories":[396,398,90],"tags":[126,301,30,277],"class_list":["post-7729","post","type-post","status-publish","format-standard","hentry","category-partir-en-livre","category-raconte-marmots","category-revue-de-presse","tag-amiens","tag-france-3","tag-le-cardan","tag-partir-en-livre"],"_links":{"self":[{"href":"https:\/\/www.assocardan.org\/index.php?rest_route=\/wp\/v2\/posts\/7729","targetHints":{"allow":["GET"]}}],"collection":[{"href":"https:\/\/www.assocardan.org\/index.php?rest_route=\/wp\/v2\/posts"}],"about":[{"href":"https:\/\/www.assocardan.org\/index.php?rest_route=\/wp\/v2\/types\/post"}],"author":[{"embeddable":true,"href":"https:\/\/www.assocardan.org\/index.php?rest_route=\/wp\/v2\/users\/1"}],"replies":[{"embeddable":true,"href":"https:\/\/www.assocardan.org\/index.php?rest_route=%2Fwp%2Fv2%2Fcomments&post=7729"}],"version-history":[{"count":10,"href":"https:\/\/www.assocardan.org\/index.php?rest_route=\/wp\/v2\/posts\/7729\/revisions"}],"predecessor-version":[{"id":7740,"href":"https:\/\/www.assocardan.org\/index.php?rest_route=\/wp\/v2\/posts\/7729\/revisions\/7740"}],"wp:attachment":[{"href":"https:\/\/www.assocardan.org\/index.php?rest_route=%2Fwp%2Fv2%2Fmedia&parent=7729"}],"wp:term":[{"taxonomy":"category","embeddable":true,"href":"https:\/\/www.assocardan.org\/index.php?rest_route=%2Fwp%2Fv2%2Fcategories&post=7729"},{"taxonomy":"post_tag","embeddable":true,"href":"https:\/\/www.assocardan.org\/index.php?rest_route=%2Fwp%2Fv2%2Ftags&post=7729"}],"curies":[{"name":"wp","href":"https:\/\/api.w.org\/{rel}","templated":true}]}}