{"id":7839,"date":"2019-07-18T23:47:40","date_gmt":"2019-07-18T21:47:40","guid":{"rendered":"http:\/\/www.assocardan.org\/?p=7839"},"modified":"2021-12-02T13:49:51","modified_gmt":"2021-12-02T12:49:51","slug":"lillettrisme-ne-faiblit-pas-en-picardie","status":"publish","type":"post","link":"https:\/\/www.assocardan.org\/?p=7839","title":{"rendered":"L&#8217;illettrisme ne faiblit pas en Picardie"},"content":{"rendered":"\n<p>&#8220;Il y a toujours autant de personnes illettr\u00e9es en Picardie. D&#8217;apr\u00e8s les  chiffres de l&#8217;INSEE, plus d&#8217;un jeune picard sur sept rencontrait des  difficult\u00e9s pour lire et\/ou \u00e9crire en 2018. C&#8217;est plus que la moyenne  nationale.&#8221;<\/p>\n\n\n\n<!--more-->\n\n\n\n<div style=\"height:20px\" aria-hidden=\"true\" class=\"wp-block-spacer\"><\/div>\n\n\n\n<p>Un article paru sur le site de <a rel=\"noreferrer noopener\" aria-label=\"France Bleu (s\u2019ouvre dans un nouvel onglet)\" href=\"https:\/\/www.francebleu.fr\/\" target=\"_blank\"><strong>France Bleu<\/strong><\/a>, le 18 juillet 2019.<\/p>\n\n\n\n<div style=\"height:60px\" aria-hidden=\"true\" class=\"wp-block-spacer\"><\/div>\n\n\n\n<p>Pour lire l&#8217;article, cliquez sur l&#8217;image, ci-dessous :<\/p>\n\n\n\n<figure class=\"wp-block-image is-resized\"><a href=\"https:\/\/www.francebleu.fr\/infos\/societe\/l-illettrisme-ne-faiblit-pas-en-picardie-1563384536\" target=\"_blank\" rel=\"noreferrer noopener\"><img loading=\"lazy\" decoding=\"async\" src=\"http:\/\/www.assocardan.org\/wp-content\/uploads\/2019\/07\/illettrisme-France_Bleu-18-07-2019.png\" alt=\"\" class=\"wp-image-7840\" width=\"622\" height=\"533\" srcset=\"https:\/\/www.assocardan.org\/wp-content\/uploads\/2019\/07\/illettrisme-France_Bleu-18-07-2019.png 750w, https:\/\/www.assocardan.org\/wp-content\/uploads\/2019\/07\/illettrisme-France_Bleu-18-07-2019-300x257.png 300w, https:\/\/www.assocardan.org\/wp-content\/uploads\/2019\/07\/illettrisme-France_Bleu-18-07-2019-400x343.png 400w, https:\/\/www.assocardan.org\/wp-content\/uploads\/2019\/07\/illettrisme-France_Bleu-18-07-2019-430x369.png 430w, https:\/\/www.assocardan.org\/wp-content\/uploads\/2019\/07\/illettrisme-France_Bleu-18-07-2019-150x129.png 150w, https:\/\/www.assocardan.org\/wp-content\/uploads\/2019\/07\/illettrisme-France_Bleu-18-07-2019-100x86.png 100w\" sizes=\"auto, (max-width: 622px) 100vw, 622px\" \/><\/a><\/figure>\n","protected":false},"excerpt":{"rendered":"<p>&#8220;Il y a toujours autant de personnes illettr\u00e9es en Picardie. D&#8217;apr\u00e8s les chiffres de l&#8217;INSEE, plus d&#8217;un jeune picard sur sept rencontrait des difficult\u00e9s pour lire et\/ou \u00e9crire en 2018. [&hellip;]<\/p>\n","protected":false},"author":1,"featured_media":0,"comment_status":"closed","ping_status":"closed","sticky":false,"template":"","format":"standard","meta":{"footnotes":""},"categories":[90],"tags":[405,217,366,30],"class_list":["post-7839","post","type-post","status-publish","format-standard","hentry","category-revue-de-presse","tag-formation","tag-france-bleu-picardie","tag-illettrisme","tag-le-cardan"],"_links":{"self":[{"href":"https:\/\/www.assocardan.org\/index.php?rest_route=\/wp\/v2\/posts\/7839","targetHints":{"allow":["GET"]}}],"collection":[{"href":"https:\/\/www.assocardan.org\/index.php?rest_route=\/wp\/v2\/posts"}],"about":[{"href":"https:\/\/www.assocardan.org\/index.php?rest_route=\/wp\/v2\/types\/post"}],"author":[{"embeddable":true,"href":"https:\/\/www.assocardan.org\/index.php?rest_route=\/wp\/v2\/users\/1"}],"replies":[{"embeddable":true,"href":"https:\/\/www.assocardan.org\/index.php?rest_route=%2Fwp%2Fv2%2Fcomments&post=7839"}],"version-history":[{"count":7,"href":"https:\/\/www.assocardan.org\/index.php?rest_route=\/wp\/v2\/posts\/7839\/revisions"}],"predecessor-version":[{"id":7847,"href":"https:\/\/www.assocardan.org\/index.php?rest_route=\/wp\/v2\/posts\/7839\/revisions\/7847"}],"wp:attachment":[{"href":"https:\/\/www.assocardan.org\/index.php?rest_route=%2Fwp%2Fv2%2Fmedia&parent=7839"}],"wp:term":[{"taxonomy":"category","embeddable":true,"href":"https:\/\/www.assocardan.org\/index.php?rest_route=%2Fwp%2Fv2%2Fcategories&post=7839"},{"taxonomy":"post_tag","embeddable":true,"href":"https:\/\/www.assocardan.org\/index.php?rest_route=%2Fwp%2Fv2%2Ftags&post=7839"}],"curies":[{"name":"wp","href":"https:\/\/api.w.org\/{rel}","templated":true}]}}