{"id":7993,"date":"2019-09-23T16:43:39","date_gmt":"2019-09-23T14:43:39","guid":{"rendered":"http:\/\/www.assocardan.org\/?p=7993"},"modified":"2019-10-28T15:38:30","modified_gmt":"2019-10-28T14:38:30","slug":"spectacles-de-marionnettes-a-lecole-jacques-prevert","status":"publish","type":"post","link":"https:\/\/www.assocardan.org\/?p=7993","title":{"rendered":"Spectacles de marionnettes \u00e0 l&#8217;\u00e9cole Jacques Pr\u00e9vert"},"content":{"rendered":"\n<p>Depuis quelques ann\u00e9es, Cardan propose de cr\u00e9er avec les mamans de l&#8217;\u00e9cole Jacques Pr\u00e9vert \u00e0 Amiens, des spectacles de marionnettes destin\u00e9s aux enfants.<\/p>\n\n\n\n<p>Voici deux de ces spectacles.<\/p>\n\n\n\n<div style=\"height:40px\" aria-hidden=\"true\" class=\"wp-block-spacer\"><\/div>\n\n\n\n<p>&#8220;<strong>En ombres chinoises<\/strong>&#8221; cr\u00e9e en 2019<\/p>\n\n\n\n<figure><iframe loading=\"lazy\" src=\"https:\/\/www.youtube.com\/embed\/LEh3ERugLww\" allowfullscreen=\"\" width=\"560\" height=\"315\"><\/iframe><\/figure>\n\n\n\n<div style=\"height:40px\" aria-hidden=\"true\" class=\"wp-block-spacer\"><\/div>\n\n\n\n<p>&#8220;<strong>Pilotin<\/strong>&#8221; cr\u00e9e en 2018<\/p>\n\n\n\n<figure><iframe loading=\"lazy\" src=\"https:\/\/www.youtube.com\/embed\/bSI7xcZKD-k\" allowfullscreen=\"\" width=\"560\" height=\"315\"><\/iframe><\/figure>\n","protected":false},"excerpt":{"rendered":"<p>Depuis quelques ann\u00e9es, Cardan propose de cr\u00e9er avec les mamans de l&#8217;\u00e9cole Jacques Pr\u00e9vert \u00e0 Amiens, des spectacles de marionnettes destin\u00e9s aux enfants. Voici deux de ces spectacles. &#8220;En ombres [&hellip;]<\/p>\n","protected":false},"author":1,"featured_media":8001,"comment_status":"closed","ping_status":"closed","sticky":false,"template":"","format":"standard","meta":{"footnotes":""},"categories":[402,10],"tags":[126,404,403,401],"class_list":["post-7993","post","type-post","status-publish","format-standard","has-post-thumbnail","hentry","category-creations-marionnettique","category-cardan","tag-amiens","tag-ecole-jacques-prevert","tag-marionnette","tag-mediation-du-livre"],"_links":{"self":[{"href":"https:\/\/www.assocardan.org\/index.php?rest_route=\/wp\/v2\/posts\/7993","targetHints":{"allow":["GET"]}}],"collection":[{"href":"https:\/\/www.assocardan.org\/index.php?rest_route=\/wp\/v2\/posts"}],"about":[{"href":"https:\/\/www.assocardan.org\/index.php?rest_route=\/wp\/v2\/types\/post"}],"author":[{"embeddable":true,"href":"https:\/\/www.assocardan.org\/index.php?rest_route=\/wp\/v2\/users\/1"}],"replies":[{"embeddable":true,"href":"https:\/\/www.assocardan.org\/index.php?rest_route=%2Fwp%2Fv2%2Fcomments&post=7993"}],"version-history":[{"count":7,"href":"https:\/\/www.assocardan.org\/index.php?rest_route=\/wp\/v2\/posts\/7993\/revisions"}],"predecessor-version":[{"id":8000,"href":"https:\/\/www.assocardan.org\/index.php?rest_route=\/wp\/v2\/posts\/7993\/revisions\/8000"}],"wp:featuredmedia":[{"embeddable":true,"href":"https:\/\/www.assocardan.org\/index.php?rest_route=\/wp\/v2\/media\/8001"}],"wp:attachment":[{"href":"https:\/\/www.assocardan.org\/index.php?rest_route=%2Fwp%2Fv2%2Fmedia&parent=7993"}],"wp:term":[{"taxonomy":"category","embeddable":true,"href":"https:\/\/www.assocardan.org\/index.php?rest_route=%2Fwp%2Fv2%2Fcategories&post=7993"},{"taxonomy":"post_tag","embeddable":true,"href":"https:\/\/www.assocardan.org\/index.php?rest_route=%2Fwp%2Fv2%2Ftags&post=7993"}],"curies":[{"name":"wp","href":"https:\/\/api.w.org\/{rel}","templated":true}]}}