{"id":8088,"date":"2020-07-02T12:15:08","date_gmt":"2020-07-02T10:15:08","guid":{"rendered":"http:\/\/www.assocardan.org\/?p=8088"},"modified":"2020-07-06T16:38:24","modified_gmt":"2020-07-06T14:38:24","slug":"partir-en-livre-edition-2020-le-programme","status":"publish","type":"post","link":"https:\/\/www.assocardan.org\/?p=8088","title":{"rendered":"Partir en livre, \u00e9dition 2020 \u2013 Le programme"},"content":{"rendered":"\n<div class=\"wp-block-columns is-layout-flex wp-container-core-columns-is-layout-9d6595d7 wp-block-columns-is-layout-flex\">\n<div class=\"wp-block-column is-layout-flow wp-block-column-is-layout-flow\" style=\"flex-basis:66.66%\">\n<p><a href=\"https:\/\/www.partir-en-livre.fr\/\" target=\"_blank\" rel=\"noreferrer noopener\" aria-label=\"Partir en livre  (s\u2019ouvre dans un nouvel onglet)\"><strong>Partir en livre<\/strong> <\/a>est une manifestation organis\u00e9e chaque ann\u00e9e par le Minist\u00e8re de la Culture, le CNL, le Salon du livre de Montreuil\u2026 <\/p>\n\n\n\n<div style=\"height:20px\" aria-hidden=\"true\" class=\"wp-block-spacer\"><\/div>\n\n\n\n<p>Depuis la cr\u00e9ation de la manifestation, les \u00e9quipes de m\u00e9diation du livre de <strong>Cardan<\/strong> s\u2019inscrivent dans cette manifestation pour proposer aux enfants qui ne partent pas de pouvoir voyager avec le livre. <\/p>\n\n\n\n<div style=\"height:20px\" aria-hidden=\"true\" class=\"wp-block-spacer\"><\/div>\n\n\n\n<p>Cette ann\u00e9e, 4 Quartiers Livres, des rencontres d\u2019auteurs (Z\u00e9manel, Perrine Le Querrec, Guy Allix), des balades cont\u00e9es avec Monsieur Faribol et Catherine Petit, des ateliers et des biblioth\u00e8ques de rue vont permettre de transformer les pieds d\u2019immeuble en salons de lecture. <\/p>\n\n\n\n<div style=\"height:20px\" aria-hidden=\"true\" class=\"wp-block-spacer\"><\/div>\n\n\n\n<p>Voyez le programme plus en d\u00e9tail ci-dessous.<\/p>\n<\/div>\n\n\n\n<div class=\"wp-block-column is-layout-flow wp-block-column-is-layout-flow\" style=\"flex-basis:33.33%\">\n<figure class=\"wp-block-image size-large is-resized\"><a href=\"https:\/\/centrenationaldulivre.fr\/sites\/default\/files\/2020-06\/CNL%20PartirEnLivre%202020-Affiche%20officielle.pdf\" target=\"_blank\" rel=\"noreferrer noopener\"><img loading=\"lazy\" decoding=\"async\" src=\"http:\/\/www.assocardan.org\/wp-content\/uploads\/2020\/07\/Partirenlivre_affiche_2020.png\" alt=\"Affiche de Partir en livre 2020\" class=\"wp-image-8090\" width=\"276\" height=\"417\" srcset=\"https:\/\/www.assocardan.org\/wp-content\/uploads\/2020\/07\/Partirenlivre_affiche_2020.png 558w, https:\/\/www.assocardan.org\/wp-content\/uploads\/2020\/07\/Partirenlivre_affiche_2020-199x300.png 199w, https:\/\/www.assocardan.org\/wp-content\/uploads\/2020\/07\/Partirenlivre_affiche_2020-400x604.png 400w, https:\/\/www.assocardan.org\/wp-content\/uploads\/2020\/07\/Partirenlivre_affiche_2020-430x650.png 430w, https:\/\/www.assocardan.org\/wp-content\/uploads\/2020\/07\/Partirenlivre_affiche_2020-150x227.png 150w, https:\/\/www.assocardan.org\/wp-content\/uploads\/2020\/07\/Partirenlivre_affiche_2020-100x151.png 100w\" sizes=\"auto, (max-width: 276px) 100vw, 276px\" \/><\/a><figcaption><em>Cliquez sur l&#8217;image pour l&#8217;agrandir  <\/em><\/figcaption><\/figure>\n<\/div>\n<\/div>\n\n\n\n<h2 class=\"has-very-dark-gray-color has-text-color wp-block-heading\">D\u00e9tail du programme<\/h2>\n\n\n\n<div style=\"height:20px\" aria-hidden=\"true\" class=\"wp-block-spacer\"><\/div>\n\n\n\n<h4 class=\"has-pale-pink-color has-text-color wp-block-heading\"><strong>MERCREDI 8 JUILLET<\/strong><\/h4>\n\n\n\n<ul class=\"wp-block-list\"><li>10h | Espace Lectures Cardan | 6 rue Balzac | D\u00c9COUVERTE DES ALBUMS de Z\u00e9manel<\/li><li>10h | Maison du Th\u00e9\u00e2tre | 8 rue des Majots | MARIONNETTES avec Z\u00e9manel<\/li><li>14h | Espace Lectures Cardan | 6 rue Balzac | JARDINS DE MOTS et attractions litt\u00e9raires avec Z\u00e9manel<\/li><li>14h | Local partag\u00e9 Condorcet |  27 rue Condorcet | DIFFUSION DE LECTURES enregistr\u00e9es par Z\u00e9manel<\/li><\/ul>\n\n\n\n<div style=\"height:20px\" aria-hidden=\"true\" class=\"wp-block-spacer\"><\/div>\n\n\n\n<h4 class=\"has-pale-pink-color has-text-color wp-block-heading\">JEUDI 9 JUILLET<\/h4>\n\n\n\n<ul class=\"wp-block-list\"><li>10h | Espace Lectures Cardan | 6 rue Balzac | RACONTE MARMOTS avec Maxime Titi<\/li><li>14h | Espace Lectures Cardan | 6 rue Balzac | JEUX LITT\u00c9RAIRES ET JARDINS DE MOTS <\/li><li>10h | Local DRE Centre | 172 rue Saint Leu | PAROLES DE MARIONNETTES avec Z\u00e9manel<\/li><li>\u00c0 partir de 10h | Autour du local partag\u00e9 Condorcet |  27 rue Condorcet | QUARTIER LIVRES  |  Pendant toute la journ\u00e9e autour du local, avec les auteurs Perrine Le Querrec, Guy Allix et Z\u00e9manel, avec un pique-nique cont\u00e9 de M. Faribol et des animations litt\u00e9raires<\/li><\/ul>\n\n\n\n<div style=\"height:20px\" aria-hidden=\"true\" class=\"wp-block-spacer\"><\/div>\n\n\n\n<h4 class=\"has-pale-pink-color has-text-color wp-block-heading\">VENDREDI 10 JUILLET<\/h4>\n\n\n\n<ul class=\"wp-block-list\"><li>\u00c0 partir de 10h | All\u00e9e des rencontres  |  Pierre Rollin | QUARTIER LIVRES  |  Pendant toute la journ\u00e9e autour du local, avec les auteurs Perrine Le Querrec, Guy Allix et Z\u00e9manel, avec un pique-nique cont\u00e9 de M. Faribol et des animations litt\u00e9raires<\/li><\/ul>\n\n\n\n<div style=\"height:20px\" aria-hidden=\"true\" class=\"wp-block-spacer\"><\/div>\n\n\n\n<h4 class=\"has-pale-pink-color has-text-color wp-block-heading\">SAMEDI 11 JUILLET<\/h4>\n\n\n\n<ul class=\"wp-block-list\"><li>\u00c0 partir de 10h | Autour du Centre Culturel l&#8217;\u00c9toile du Sud | 121 rue Signoret | QUARTIER LIVRES |  Pendant toute la journ\u00e9e autour du local, avec les auteurs Perrine Le Querrec, Guy Allix et Z\u00e9manel, avec un pique-nique cont\u00e9 de M. Faribol et des animations litt\u00e9raires<\/li><\/ul>\n\n\n\n<div style=\"height:20px\" aria-hidden=\"true\" class=\"wp-block-spacer\"><\/div>\n\n\n\n<h4 class=\"has-pale-pink-color has-text-color wp-block-heading\">LUNDI 13 JUILLET<\/h4>\n\n\n\n<ul class=\"wp-block-list\"><li>10h | Espace Lectures Cardan | 6 rue Balzac | DIFFUSION DE LECTURES enregistr\u00e9es par Z\u00e9manel, Catherine Petit<\/li><li>10h | Local DRE | 172 rue Saint Leu | RACONTE MARMOTS avec Maxime Titi<\/li><li>14h | Espace Lectures Cardan | 6 rue Balzac | ATELIER ILLUSTRATION avec Elvine<\/li><\/ul>\n\n\n\n<div style=\"height:20px\" aria-hidden=\"true\" class=\"wp-block-spacer\"><\/div>\n\n\n\n<h4 class=\"has-pale-pink-color has-text-color wp-block-heading\">MERCREDI 15 JUILLET<\/h4>\n\n\n\n<ul class=\"wp-block-list\"><li>10h | local DRE | 172 rue Saint Leu | DIFFUSION DE LECTURES enregistr\u00e9es par Z\u00e9manel, Catherine Petit<\/li><li>12h | Espace Lectures Cardan | 6 rue Balzac | PIQUE NIQUE CONT\u00c9 avec Catherine Petit<\/li><\/ul>\n\n\n\n<div style=\"height:20px\" aria-hidden=\"true\" class=\"wp-block-spacer\"><\/div>\n\n\n\n<h4 class=\"has-pale-pink-color has-text-color wp-block-heading\">JEUDI 16 JUILLET<\/h4>\n\n\n\n<ul class=\"wp-block-list\"><li>\u00c0 partir de 10h | Local partag\u00e9 Condorcet | 27 rue Condorcet | CARDAN\u00c7AMUZ r\u00e9colte d&#8217;interview en partenariat avec la Fabrique d&#8217;Images<\/li><li>10h | Espace Lectures Cardan | 6 rue Balzac | ATELIER BD avec Leslie Dumortier pour un atelier bande-dessinn\u00e9e en r\u00e9sonnance avec l&#8217;album Lou.<\/li><li>12h | D\u00e9part du local DRE | 172 rue Saint Leu | PIQUE NIQUE CONT\u00c9 avec Catherine Petit<\/li><li>14h30 | Albatros | rue Fafet | CIN\u00c9 FAMILLE&nbsp;: \u00ab&nbsp;LOU&nbsp;\u00bb En partenariat avec Z\u00e9bulon, dans la continuit\u00e9 de l&#8217;atelier du matin, projection du film tir\u00e9 de la BD \u00e9ponyme.<\/li><\/ul>\n\n\n\n<div style=\"height:20px\" aria-hidden=\"true\" class=\"wp-block-spacer\"><\/div>\n\n\n\n<h4 class=\"has-pale-pink-color has-text-color wp-block-heading\">VENDREDI 17 JUILLET <\/h4>\n\n\n\n<ul class=\"wp-block-list\"><li>\u00c0 partir de 10h | Autour de l&#8217;Espace Lecture Balzac | 6 rue Balzac | QUARTIER LIVRES | Pendant toute la journ\u00e9e autour du local, avec les auteurs Perrine Le Querrec, Guy Allix et Z\u00e9manel, avec un pique-nique cont\u00e9 et des animations litt\u00e9raires<\/li><\/ul>\n\n\n\n<div style=\"height:20px\" aria-hidden=\"true\" class=\"wp-block-spacer\"><\/div>\n\n\n\n<h4 class=\"has-luminous-vivid-amber-color has-text-color wp-block-heading\">EN JUILLET ET AO\u00dbT\u2026<\/h4>\n\n\n\n<p>Pendant tout l&#8217;\u00e9t\u00e9 au pied des immeubles, \u00e0 Balzac, \u00e0 Marivaux, \u00e0 la Salamandre, Place des Clairons, \u00e0 Robert Blanchard, \u00e0 Phil\u00e9as Leb\u00e8gue, \u00e0 Pierre Rollin, \u00e0 Condorcet, au jardin de Rosa Bonheur, \u00e0 la plaine Debussy\u2026<\/p>\n\n\n\n<p>BIBLIOTH\u00c8QUE DE RUE : Avec une caisse de livres, des lectrices, des tapis, des jeux, les m\u00e9diatrices de Cardan proposent un moment de partage du plaisir de lire.<\/p>\n\n\n\n<h5 class=\"has-luminous-vivid-amber-color has-text-color wp-block-heading\">RENSEIGNEMENTS \u2022 INSCRIPTIONS<\/h5>\n\n\n\n<p>cardan.sudest.mn@gmail.com | cardan.corinne.r@gmail.com | cardan.laurencelesueur@gmail.com <\/p>\n\n\n\n<div style=\"height:40px\" aria-hidden=\"true\" class=\"wp-block-spacer\"><\/div>\n\n\n\n<div class=\"wp-block-columns is-layout-flex wp-container-core-columns-is-layout-9d6595d7 wp-block-columns-is-layout-flex\">\n<div class=\"wp-block-column is-layout-flow wp-block-column-is-layout-flow\">\n<figure class=\"wp-block-image size-large is-resized\"><a href=\"http:\/\/www.assocardan.org\/wp-content\/uploads\/2020\/07\/QuartierLivre.jpg\" target=\"_blank\" rel=\"noreferrer noopener\"><img loading=\"lazy\" decoding=\"async\" src=\"http:\/\/www.assocardan.org\/wp-content\/uploads\/2020\/07\/QuartierLivre-724x1024.jpg\" alt=\"Affiche de Quartier Livres 2020\" class=\"wp-image-8120\" width=\"308\" height=\"435\" srcset=\"https:\/\/www.assocardan.org\/wp-content\/uploads\/2020\/07\/QuartierLivre-724x1024.jpg 724w, https:\/\/www.assocardan.org\/wp-content\/uploads\/2020\/07\/QuartierLivre-212x300.jpg 212w, https:\/\/www.assocardan.org\/wp-content\/uploads\/2020\/07\/QuartierLivre-750x1061.jpg 750w, https:\/\/www.assocardan.org\/wp-content\/uploads\/2020\/07\/QuartierLivre-400x566.jpg 400w, https:\/\/www.assocardan.org\/wp-content\/uploads\/2020\/07\/QuartierLivre-430x608.jpg 430w, https:\/\/www.assocardan.org\/wp-content\/uploads\/2020\/07\/QuartierLivre-150x212.jpg 150w, https:\/\/www.assocardan.org\/wp-content\/uploads\/2020\/07\/QuartierLivre-100x141.jpg 100w, https:\/\/www.assocardan.org\/wp-content\/uploads\/2020\/07\/QuartierLivre.jpg 992w\" sizes=\"auto, (max-width: 308px) 100vw, 308px\" \/><\/a><figcaption><em>Cliquez sur l&#8217;affiche pour l&#8217;agrandir<\/em><br \/><\/figcaption><\/figure>\n<\/div>\n\n\n\n<div class=\"wp-block-column is-layout-flow wp-block-column-is-layout-flow\">\n<figure class=\"wp-block-image size-large\"><a href=\"http:\/\/www.assocardan.org\/wp-content\/uploads\/2020\/07\/IMG-1442-scaled.jpg\" target=\"_blank\" rel=\"noreferrer noopener\"><img loading=\"lazy\" decoding=\"async\" width=\"768\" height=\"1024\" src=\"http:\/\/www.assocardan.org\/wp-content\/uploads\/2020\/07\/IMG-1442-768x1024.jpg\" alt=\"\" class=\"wp-image-8115\" srcset=\"https:\/\/www.assocardan.org\/wp-content\/uploads\/2020\/07\/IMG-1442-768x1024.jpg 768w, https:\/\/www.assocardan.org\/wp-content\/uploads\/2020\/07\/IMG-1442-225x300.jpg 225w, https:\/\/www.assocardan.org\/wp-content\/uploads\/2020\/07\/IMG-1442-1152x1536.jpg 1152w, https:\/\/www.assocardan.org\/wp-content\/uploads\/2020\/07\/IMG-1442-1536x2048.jpg 1536w, https:\/\/www.assocardan.org\/wp-content\/uploads\/2020\/07\/IMG-1442-750x1000.jpg 750w, https:\/\/www.assocardan.org\/wp-content\/uploads\/2020\/07\/IMG-1442-400x533.jpg 400w, https:\/\/www.assocardan.org\/wp-content\/uploads\/2020\/07\/IMG-1442-430x573.jpg 430w, https:\/\/www.assocardan.org\/wp-content\/uploads\/2020\/07\/IMG-1442-150x200.jpg 150w, https:\/\/www.assocardan.org\/wp-content\/uploads\/2020\/07\/IMG-1442-100x133.jpg 100w, https:\/\/www.assocardan.org\/wp-content\/uploads\/2020\/07\/IMG-1442-scaled.jpg 1920w\" sizes=\"auto, (max-width: 768px) 100vw, 768px\" \/><\/a><\/figure>\n<\/div>\n<\/div>\n","protected":false},"excerpt":{"rendered":"<p>Partir en livre est une manifestation organis\u00e9e chaque ann\u00e9e par le Minist\u00e8re de la Culture, le CNL, le Salon du livre de Montreuil\u2026 Depuis la cr\u00e9ation de la manifestation, les [&hellip;]<\/p>\n","protected":false},"author":1,"featured_media":8090,"comment_status":"closed","ping_status":"closed","sticky":false,"template":"","format":"standard","meta":{"footnotes":""},"categories":[11,10,396,397,398],"tags":[126,30,37,277],"class_list":["post-8088","post","type-post","status-publish","format-standard","has-post-thumbnail","hentry","category-evenements","category-cardan","category-partir-en-livre","category-quartier-livres","category-raconte-marmots","tag-amiens","tag-le-cardan","tag-livres","tag-partir-en-livre"],"_links":{"self":[{"href":"https:\/\/www.assocardan.org\/index.php?rest_route=\/wp\/v2\/posts\/8088","targetHints":{"allow":["GET"]}}],"collection":[{"href":"https:\/\/www.assocardan.org\/index.php?rest_route=\/wp\/v2\/posts"}],"about":[{"href":"https:\/\/www.assocardan.org\/index.php?rest_route=\/wp\/v2\/types\/post"}],"author":[{"embeddable":true,"href":"https:\/\/www.assocardan.org\/index.php?rest_route=\/wp\/v2\/users\/1"}],"replies":[{"embeddable":true,"href":"https:\/\/www.assocardan.org\/index.php?rest_route=%2Fwp%2Fv2%2Fcomments&post=8088"}],"version-history":[{"count":31,"href":"https:\/\/www.assocardan.org\/index.php?rest_route=\/wp\/v2\/posts\/8088\/revisions"}],"predecessor-version":[{"id":8198,"href":"https:\/\/www.assocardan.org\/index.php?rest_route=\/wp\/v2\/posts\/8088\/revisions\/8198"}],"wp:featuredmedia":[{"embeddable":true,"href":"https:\/\/www.assocardan.org\/index.php?rest_route=\/wp\/v2\/media\/8090"}],"wp:attachment":[{"href":"https:\/\/www.assocardan.org\/index.php?rest_route=%2Fwp%2Fv2%2Fmedia&parent=8088"}],"wp:term":[{"taxonomy":"category","embeddable":true,"href":"https:\/\/www.assocardan.org\/index.php?rest_route=%2Fwp%2Fv2%2Fcategories&post=8088"},{"taxonomy":"post_tag","embeddable":true,"href":"https:\/\/www.assocardan.org\/index.php?rest_route=%2Fwp%2Fv2%2Ftags&post=8088"}],"curies":[{"name":"wp","href":"https:\/\/api.w.org\/{rel}","templated":true}]}}