{"id":8145,"date":"2020-07-28T15:44:59","date_gmt":"2020-07-28T13:44:59","guid":{"rendered":"http:\/\/www.assocardan.org\/?p=8145"},"modified":"2020-07-28T15:48:42","modified_gmt":"2020-07-28T13:48:42","slug":"partir-en-livre-2020-bilan","status":"publish","type":"post","link":"https:\/\/www.assocardan.org\/?p=8145","title":{"rendered":"PARTIR EN LIVRE 2020 \u2013 Le bilan"},"content":{"rendered":"\n<h3 class=\"wp-block-heading\">PARTIR EN LIVRE<\/h3>\n\n\n\n<p>Souhait\u00e9e par le minist\u00e8re de la Culture, <strong>Partir en Livre<\/strong>, la grande f\u00eate du livre pour la jeunesse, est organis\u00e9e par le <strong>Centre national du livre<\/strong>, avec la participation du <strong>Salon du Livre et de la presse jeunesse en Seine-Saint-Denis<\/strong>.<\/p>\n\n\n\n<p>Avec <strong>Partir en Livre<\/strong>, manifestation nationale, gratuite, populaire et festive, le livre sort de ses lieux habituels pour aller \u00e0 la rencontre des enfants et des jeunes pour leur transmettre le plaisir de lire. Les invitations \u00e0 lire sont multiples et vari\u00e9es partout en France.<\/p>\n\n\n\n<p>C&#8217;est tout \u00ab&nbsp;naturellement&nbsp;\u00bb que <strong>Cardan<\/strong> s&#8217;est inscrit dans cette dynamique nationale. Depuis 1978, les \u00e9quipes de <strong>Cardan<\/strong> apportent le livre au pied des immeubles des quartiers populaires d&#8217;Amiens. Les m\u00e9diatrices multiplient les actions qui visent \u00e0 partager le plaisir de lire, en particulier pour permettre aux familles peu habitu\u00e9es au livre de pouvoir s&#8217;\u00e9vader par la lecture. Les interventions de <strong>Cardan<\/strong> pendant l&#8217;\u00e9t\u00e9 proposent depuis le d\u00e9but des ann\u00e9es 90 des rencontres avec des auteurs, des r\u00e9sidences, des ateliers d&#8217;\u00e9criture. Ce mouvement se poursuit dans les propositions qui s&#8217;inscrivent dans le cadre de <strong>Partir en Livre<\/strong>.<\/p>\n\n\n\n<div style=\"height:20px\" aria-hidden=\"true\" class=\"wp-block-spacer\"><\/div>\n\n\n\n<p>Petit retour sur les propositions de 2020&nbsp;:<\/p>\n\n\n\n<div style=\"height:20px\" aria-hidden=\"true\" class=\"wp-block-spacer\"><\/div>\n\n\n\n<h3 class=\"wp-block-heading\">MERCREDI 8 JUILLET<\/h3>\n\n\n\n<p>Le matin, \u00e0 l&#8217;<strong>Espace Lectures Balzac<\/strong>, 6 rue Balzac, une dizaine d&#8217;enfants sont venus d\u00e9couvrir les albums de <strong>Zemanel<\/strong> (auteur invit\u00e9 de l&#8217;\u00e9dition 2020).<\/p>\n\n\n\n<p>Pendant ce temps, la <strong>Maison du Th\u00e9\u00e2tre<\/strong> d&#8217;Amiens M\u00e9tropole, 8 rue des Majots, avait ouvert ses portes aux familles de Saint-Leu pour que <strong>Zemanel<\/strong> puisse pr\u00e9senter ses marionnettes. Une quinzaine de personnes (enfants et parents) ont assist\u00e9 \u00e0 ces petites formes et pris rendez-vous pour le lendemain.<\/p>\n\n\n\n<p>L&#8217;apr\u00e8s-midi, \u00e0 l&#8217;<strong>Espace Lectures Balzac<\/strong>, l&#8217;\u00e9quipe avait sorti les livres et les tapis et \u00e0 l&#8217;int\u00e9rieur, <strong>Zemanel<\/strong> a rencontr\u00e9 un petit groupe d&#8217;enfants pour proposer une animation litt\u00e9raire et la cr\u00e9ation d&#8217;un \u00ab&nbsp;Jardin de mots&nbsp;\u00bb.<\/p>\n\n\n\n<div style=\"height:20px\" aria-hidden=\"true\" class=\"wp-block-spacer\"><\/div>\n\n\n\n<figure class=\"wp-block-gallery columns-4 is-cropped wp-block-gallery-1 is-layout-flex wp-block-gallery-is-layout-flex\"><ul class=\"blocks-gallery-grid\"><li class=\"blocks-gallery-item\"><figure><a href=\"http:\/\/www.assocardan.org\/wp-content\/uploads\/2020\/07\/PART_1594217840062.jpg\"><img loading=\"lazy\" decoding=\"async\" width=\"1000\" height=\"493\" src=\"http:\/\/www.assocardan.org\/wp-content\/uploads\/2020\/07\/PART_1594217840062.jpg\" alt=\"\" data-id=\"8166\" data-full-url=\"http:\/\/www.assocardan.org\/wp-content\/uploads\/2020\/07\/PART_1594217840062.jpg\" data-link=\"http:\/\/www.assocardan.org\/?attachment_id=8166\" class=\"wp-image-8166\" srcset=\"https:\/\/www.assocardan.org\/wp-content\/uploads\/2020\/07\/PART_1594217840062.jpg 1000w, https:\/\/www.assocardan.org\/wp-content\/uploads\/2020\/07\/PART_1594217840062-300x148.jpg 300w, https:\/\/www.assocardan.org\/wp-content\/uploads\/2020\/07\/PART_1594217840062-750x370.jpg 750w, https:\/\/www.assocardan.org\/wp-content\/uploads\/2020\/07\/PART_1594217840062-400x197.jpg 400w, https:\/\/www.assocardan.org\/wp-content\/uploads\/2020\/07\/PART_1594217840062-430x212.jpg 430w, https:\/\/www.assocardan.org\/wp-content\/uploads\/2020\/07\/PART_1594217840062-150x74.jpg 150w, https:\/\/www.assocardan.org\/wp-content\/uploads\/2020\/07\/PART_1594217840062-100x49.jpg 100w\" sizes=\"auto, (max-width: 1000px) 100vw, 1000px\" \/><\/a><\/figure><\/li><li class=\"blocks-gallery-item\"><figure><a href=\"http:\/\/www.assocardan.org\/wp-content\/uploads\/2020\/07\/PART_1594217839578.jpg\"><img loading=\"lazy\" decoding=\"async\" width=\"505\" height=\"1024\" src=\"http:\/\/www.assocardan.org\/wp-content\/uploads\/2020\/07\/PART_1594217839578-505x1024.jpg\" alt=\"\" data-id=\"8165\" data-full-url=\"http:\/\/www.assocardan.org\/wp-content\/uploads\/2020\/07\/PART_1594217839578.jpg\" data-link=\"http:\/\/www.assocardan.org\/?attachment_id=8165\" class=\"wp-image-8165\" srcset=\"https:\/\/www.assocardan.org\/wp-content\/uploads\/2020\/07\/PART_1594217839578-505x1024.jpg 505w, https:\/\/www.assocardan.org\/wp-content\/uploads\/2020\/07\/PART_1594217839578-148x300.jpg 148w, https:\/\/www.assocardan.org\/wp-content\/uploads\/2020\/07\/PART_1594217839578-400x811.jpg 400w, https:\/\/www.assocardan.org\/wp-content\/uploads\/2020\/07\/PART_1594217839578-430x872.jpg 430w, https:\/\/www.assocardan.org\/wp-content\/uploads\/2020\/07\/PART_1594217839578-150x304.jpg 150w, https:\/\/www.assocardan.org\/wp-content\/uploads\/2020\/07\/PART_1594217839578-100x203.jpg 100w, https:\/\/www.assocardan.org\/wp-content\/uploads\/2020\/07\/PART_1594217839578.jpg 592w\" sizes=\"auto, (max-width: 505px) 100vw, 505px\" \/><\/a><\/figure><\/li><li class=\"blocks-gallery-item\"><figure><a href=\"http:\/\/www.assocardan.org\/wp-content\/uploads\/2020\/07\/PHOTO-2020-07-08-17-04-53.jpg\"><img loading=\"lazy\" decoding=\"async\" width=\"1024\" height=\"768\" src=\"http:\/\/www.assocardan.org\/wp-content\/uploads\/2020\/07\/PHOTO-2020-07-08-17-04-53-1024x768.jpg\" alt=\"\" data-id=\"8168\" data-full-url=\"http:\/\/www.assocardan.org\/wp-content\/uploads\/2020\/07\/PHOTO-2020-07-08-17-04-53.jpg\" data-link=\"http:\/\/www.assocardan.org\/?attachment_id=8168\" class=\"wp-image-8168\" srcset=\"https:\/\/www.assocardan.org\/wp-content\/uploads\/2020\/07\/PHOTO-2020-07-08-17-04-53-1024x768.jpg 1024w, https:\/\/www.assocardan.org\/wp-content\/uploads\/2020\/07\/PHOTO-2020-07-08-17-04-53-300x225.jpg 300w, https:\/\/www.assocardan.org\/wp-content\/uploads\/2020\/07\/PHOTO-2020-07-08-17-04-53-1536x1152.jpg 1536w, https:\/\/www.assocardan.org\/wp-content\/uploads\/2020\/07\/PHOTO-2020-07-08-17-04-53-750x563.jpg 750w, https:\/\/www.assocardan.org\/wp-content\/uploads\/2020\/07\/PHOTO-2020-07-08-17-04-53-400x300.jpg 400w, https:\/\/www.assocardan.org\/wp-content\/uploads\/2020\/07\/PHOTO-2020-07-08-17-04-53-430x323.jpg 430w, https:\/\/www.assocardan.org\/wp-content\/uploads\/2020\/07\/PHOTO-2020-07-08-17-04-53-150x113.jpg 150w, https:\/\/www.assocardan.org\/wp-content\/uploads\/2020\/07\/PHOTO-2020-07-08-17-04-53-100x75.jpg 100w, https:\/\/www.assocardan.org\/wp-content\/uploads\/2020\/07\/PHOTO-2020-07-08-17-04-53.jpg 1600w\" sizes=\"auto, (max-width: 1024px) 100vw, 1024px\" \/><\/a><\/figure><\/li><li class=\"blocks-gallery-item\"><figure><a href=\"http:\/\/www.assocardan.org\/wp-content\/uploads\/2020\/07\/PHOTO-2020-07-08-16-36-40.jpg\"><img loading=\"lazy\" decoding=\"async\" width=\"1024\" height=\"768\" src=\"http:\/\/www.assocardan.org\/wp-content\/uploads\/2020\/07\/PHOTO-2020-07-08-16-36-40-1024x768.jpg\" alt=\"\" data-id=\"8167\" data-full-url=\"http:\/\/www.assocardan.org\/wp-content\/uploads\/2020\/07\/PHOTO-2020-07-08-16-36-40.jpg\" data-link=\"http:\/\/www.assocardan.org\/?attachment_id=8167\" class=\"wp-image-8167\" srcset=\"https:\/\/www.assocardan.org\/wp-content\/uploads\/2020\/07\/PHOTO-2020-07-08-16-36-40-1024x768.jpg 1024w, https:\/\/www.assocardan.org\/wp-content\/uploads\/2020\/07\/PHOTO-2020-07-08-16-36-40-300x225.jpg 300w, https:\/\/www.assocardan.org\/wp-content\/uploads\/2020\/07\/PHOTO-2020-07-08-16-36-40-1536x1152.jpg 1536w, https:\/\/www.assocardan.org\/wp-content\/uploads\/2020\/07\/PHOTO-2020-07-08-16-36-40-750x563.jpg 750w, https:\/\/www.assocardan.org\/wp-content\/uploads\/2020\/07\/PHOTO-2020-07-08-16-36-40-400x300.jpg 400w, https:\/\/www.assocardan.org\/wp-content\/uploads\/2020\/07\/PHOTO-2020-07-08-16-36-40-430x323.jpg 430w, https:\/\/www.assocardan.org\/wp-content\/uploads\/2020\/07\/PHOTO-2020-07-08-16-36-40-150x113.jpg 150w, https:\/\/www.assocardan.org\/wp-content\/uploads\/2020\/07\/PHOTO-2020-07-08-16-36-40-100x75.jpg 100w, https:\/\/www.assocardan.org\/wp-content\/uploads\/2020\/07\/PHOTO-2020-07-08-16-36-40.jpg 1600w\" sizes=\"auto, (max-width: 1024px) 100vw, 1024px\" \/><\/a><\/figure><\/li><\/ul><\/figure>\n\n\n\n<div style=\"height:40px\" aria-hidden=\"true\" class=\"wp-block-spacer\"><\/div>\n\n\n\n<h3 class=\"wp-block-heading\">JEUDI 9 JUILLET<\/h3>\n\n\n\n<p>Le matin, \u00e0 l&#8217;<strong>Espace Lectures Balzac<\/strong>, une s\u00e9ance de \u00ab&nbsp;<strong>Raconte Marmots<\/strong>&nbsp;\u00bb a \u00e9t\u00e9 propos\u00e9e par Laurence Lesueur et accompagn\u00e9e par <strong>Maxime Titi<\/strong>. Des comptines, quelques albums et un temps privil\u00e9gi\u00e9 pour les enfants de moins de 6 ans et leurs parents. Une douzaine de participants y ont assist\u00e9.<\/p>\n\n\n\n<p>\u00c0 Saint-Leu, les spectateurs de la veille sont devenus acteurs. Au cours de la matin\u00e9e \u00e0 la <strong>Maison du Th\u00e9\u00e2tre<\/strong> toujours accueillante, ils ont imagin\u00e9 quelques histoires en compagnie de <strong>Zemanel<\/strong>. Une pr\u00e9sentation \u00e0 l&#8217;\u00e9quipe du DRE, de la <strong>Maison du Th\u00e9\u00e2tre<\/strong> et \u00e0 quelques habitants a clos la s\u00e9ance.<\/p>\n\n\n\n<p>L&#8217;apr\u00e8s-midi, l&#8217;\u00e9quipe de l&#8217;<strong>Espace Lectures Balzac<\/strong> a propos\u00e9 quelques jeux litt\u00e9raires et ont pr\u00e9sent\u00e9 le \u00ab&nbsp;jardin de mots&nbsp;\u00bb r\u00e9alis\u00e9 la veille \u00e0 l&#8217;aire de jeux Marivaux.<\/p>\n\n\n\n<p>Pendant toute la journ\u00e9e, l&#8217;\u00e9quipe de m\u00e9diation de Sud Est a anim\u00e9 un \u00ab&nbsp;<strong>Quartier Livres<\/strong>&nbsp;\u00bb autour du <strong>local partag\u00e9 Condorcet<\/strong>,  27 rue Condorcet. Lectures \u00e0 haute voix, ateliers jeux litt\u00e9raires, animations litt\u00e9raires propos\u00e9es par <strong>Guy Allix<\/strong> et <strong>Zemanel<\/strong> sur place, <strong>Perrine Le Querrec<\/strong> en distanciel, pique-nique cont\u00e9 anim\u00e9 par <strong>Monsieur Faribol<\/strong>. Une cinquantaine de participants au cours de la journ\u00e9e. Quelques r\u00e9alisations (mots masqu\u00e9s, cartes postales virtuelles,\u2026) et un air de vacances malgr\u00e9 tout.<\/p>\n\n\n\n<div style=\"height:20px\" aria-hidden=\"true\" class=\"wp-block-spacer\"><\/div>\n\n\n\n<figure class=\"wp-block-gallery columns-4 is-cropped wp-block-gallery-2 is-layout-flex wp-block-gallery-is-layout-flex\"><ul class=\"blocks-gallery-grid\"><li class=\"blocks-gallery-item\"><figure><a href=\"http:\/\/www.assocardan.org\/wp-content\/uploads\/2020\/07\/PART_1594218031710.jpg\"><img loading=\"lazy\" decoding=\"async\" width=\"1000\" height=\"493\" src=\"http:\/\/www.assocardan.org\/wp-content\/uploads\/2020\/07\/PART_1594218031710.jpg\" alt=\"\" data-id=\"8179\" data-full-url=\"http:\/\/www.assocardan.org\/wp-content\/uploads\/2020\/07\/PART_1594218031710.jpg\" data-link=\"http:\/\/www.assocardan.org\/?attachment_id=8179\" class=\"wp-image-8179\" srcset=\"https:\/\/www.assocardan.org\/wp-content\/uploads\/2020\/07\/PART_1594218031710.jpg 1000w, https:\/\/www.assocardan.org\/wp-content\/uploads\/2020\/07\/PART_1594218031710-300x148.jpg 300w, https:\/\/www.assocardan.org\/wp-content\/uploads\/2020\/07\/PART_1594218031710-750x370.jpg 750w, https:\/\/www.assocardan.org\/wp-content\/uploads\/2020\/07\/PART_1594218031710-400x197.jpg 400w, https:\/\/www.assocardan.org\/wp-content\/uploads\/2020\/07\/PART_1594218031710-430x212.jpg 430w, https:\/\/www.assocardan.org\/wp-content\/uploads\/2020\/07\/PART_1594218031710-150x74.jpg 150w, https:\/\/www.assocardan.org\/wp-content\/uploads\/2020\/07\/PART_1594218031710-100x49.jpg 100w\" sizes=\"auto, (max-width: 1000px) 100vw, 1000px\" \/><\/a><\/figure><\/li><li class=\"blocks-gallery-item\"><figure><a href=\"http:\/\/www.assocardan.org\/wp-content\/uploads\/2020\/07\/20200709_162629.jpg\"><img loading=\"lazy\" decoding=\"async\" width=\"1024\" height=\"768\" src=\"http:\/\/www.assocardan.org\/wp-content\/uploads\/2020\/07\/20200709_162629-1024x768.jpg\" alt=\"\" data-id=\"8164\" data-full-url=\"http:\/\/www.assocardan.org\/wp-content\/uploads\/2020\/07\/20200709_162629.jpg\" data-link=\"http:\/\/www.assocardan.org\/?attachment_id=8164\" class=\"wp-image-8164\" srcset=\"https:\/\/www.assocardan.org\/wp-content\/uploads\/2020\/07\/20200709_162629-1024x768.jpg 1024w, https:\/\/www.assocardan.org\/wp-content\/uploads\/2020\/07\/20200709_162629-300x225.jpg 300w, https:\/\/www.assocardan.org\/wp-content\/uploads\/2020\/07\/20200709_162629-1536x1152.jpg 1536w, https:\/\/www.assocardan.org\/wp-content\/uploads\/2020\/07\/20200709_162629-750x563.jpg 750w, https:\/\/www.assocardan.org\/wp-content\/uploads\/2020\/07\/20200709_162629-400x300.jpg 400w, https:\/\/www.assocardan.org\/wp-content\/uploads\/2020\/07\/20200709_162629-430x323.jpg 430w, https:\/\/www.assocardan.org\/wp-content\/uploads\/2020\/07\/20200709_162629-150x113.jpg 150w, https:\/\/www.assocardan.org\/wp-content\/uploads\/2020\/07\/20200709_162629-100x75.jpg 100w, https:\/\/www.assocardan.org\/wp-content\/uploads\/2020\/07\/20200709_162629.jpg 1600w\" sizes=\"auto, (max-width: 1024px) 100vw, 1024px\" \/><\/a><\/figure><\/li><li class=\"blocks-gallery-item\"><figure><a href=\"http:\/\/www.assocardan.org\/wp-content\/uploads\/2020\/07\/PHOTO-2020-07-17-18-46-37.jpg\"><img loading=\"lazy\" decoding=\"async\" width=\"1024\" height=\"768\" src=\"http:\/\/www.assocardan.org\/wp-content\/uploads\/2020\/07\/PHOTO-2020-07-17-18-46-37-1024x768.jpg\" alt=\"\" data-id=\"8194\" data-full-url=\"http:\/\/www.assocardan.org\/wp-content\/uploads\/2020\/07\/PHOTO-2020-07-17-18-46-37.jpg\" data-link=\"http:\/\/www.assocardan.org\/?attachment_id=8194\" class=\"wp-image-8194\" srcset=\"https:\/\/www.assocardan.org\/wp-content\/uploads\/2020\/07\/PHOTO-2020-07-17-18-46-37-1024x768.jpg 1024w, https:\/\/www.assocardan.org\/wp-content\/uploads\/2020\/07\/PHOTO-2020-07-17-18-46-37-300x225.jpg 300w, https:\/\/www.assocardan.org\/wp-content\/uploads\/2020\/07\/PHOTO-2020-07-17-18-46-37-1536x1152.jpg 1536w, https:\/\/www.assocardan.org\/wp-content\/uploads\/2020\/07\/PHOTO-2020-07-17-18-46-37-750x563.jpg 750w, https:\/\/www.assocardan.org\/wp-content\/uploads\/2020\/07\/PHOTO-2020-07-17-18-46-37-400x300.jpg 400w, https:\/\/www.assocardan.org\/wp-content\/uploads\/2020\/07\/PHOTO-2020-07-17-18-46-37-430x323.jpg 430w, https:\/\/www.assocardan.org\/wp-content\/uploads\/2020\/07\/PHOTO-2020-07-17-18-46-37-150x113.jpg 150w, https:\/\/www.assocardan.org\/wp-content\/uploads\/2020\/07\/PHOTO-2020-07-17-18-46-37-100x75.jpg 100w, https:\/\/www.assocardan.org\/wp-content\/uploads\/2020\/07\/PHOTO-2020-07-17-18-46-37.jpg 1600w\" sizes=\"auto, (max-width: 1024px) 100vw, 1024px\" \/><\/a><\/figure><\/li><li class=\"blocks-gallery-item\"><figure><a href=\"http:\/\/www.assocardan.org\/wp-content\/uploads\/2020\/07\/PHOTO-2020-07-17-18-48-34.jpg\"><img loading=\"lazy\" decoding=\"async\" width=\"768\" height=\"1024\" src=\"http:\/\/www.assocardan.org\/wp-content\/uploads\/2020\/07\/PHOTO-2020-07-17-18-48-34-768x1024.jpg\" alt=\"\" data-id=\"8195\" data-full-url=\"http:\/\/www.assocardan.org\/wp-content\/uploads\/2020\/07\/PHOTO-2020-07-17-18-48-34.jpg\" data-link=\"http:\/\/www.assocardan.org\/?attachment_id=8195\" class=\"wp-image-8195\" srcset=\"https:\/\/www.assocardan.org\/wp-content\/uploads\/2020\/07\/PHOTO-2020-07-17-18-48-34-768x1024.jpg 768w, https:\/\/www.assocardan.org\/wp-content\/uploads\/2020\/07\/PHOTO-2020-07-17-18-48-34-225x300.jpg 225w, https:\/\/www.assocardan.org\/wp-content\/uploads\/2020\/07\/PHOTO-2020-07-17-18-48-34-1152x1536.jpg 1152w, https:\/\/www.assocardan.org\/wp-content\/uploads\/2020\/07\/PHOTO-2020-07-17-18-48-34-750x1000.jpg 750w, https:\/\/www.assocardan.org\/wp-content\/uploads\/2020\/07\/PHOTO-2020-07-17-18-48-34-400x533.jpg 400w, https:\/\/www.assocardan.org\/wp-content\/uploads\/2020\/07\/PHOTO-2020-07-17-18-48-34-430x573.jpg 430w, https:\/\/www.assocardan.org\/wp-content\/uploads\/2020\/07\/PHOTO-2020-07-17-18-48-34-150x200.jpg 150w, https:\/\/www.assocardan.org\/wp-content\/uploads\/2020\/07\/PHOTO-2020-07-17-18-48-34-100x133.jpg 100w, https:\/\/www.assocardan.org\/wp-content\/uploads\/2020\/07\/PHOTO-2020-07-17-18-48-34.jpg 1200w\" sizes=\"auto, (max-width: 768px) 100vw, 768px\" \/><\/a><\/figure><\/li><\/ul><\/figure>\n\n\n\n<div style=\"height:20px\" aria-hidden=\"true\" class=\"wp-block-spacer\"><\/div>\n\n\n\n<h3 class=\"wp-block-heading\">VENDREDI 10 JUILLET<\/h3>\n\n\n\n<p>Pendant toute la journ\u00e9e, l&#8217;\u00e9quipe de m\u00e9diation de Sud Est a anim\u00e9 un \u00ab&nbsp;<strong>Quartier Livres<\/strong>&nbsp;\u00bb autour du <strong>Centre Culturel Jacques Tati<\/strong> (qui propose des animations <em><strong>#Playtime<\/strong><\/em> pendant tout le mois de juillet), all\u00e9e des Rencontres. Lectures \u00e0 haute voix, ateliers jeux litt\u00e9raires, animations litt\u00e9raires propos\u00e9es par <strong>Guy Allix<\/strong> et <strong>Zemanel<\/strong> sur place, <strong>Perrine Le Querrec<\/strong> en distanciel, pique-nique cont\u00e9 anim\u00e9 par <strong>Monsieur Faribol<\/strong>. Une soixantaine de participants au cours de la journ\u00e9e. Quelques r\u00e9alisations (mots masqu\u00e9s, cartes postales virtuelles,\u2026) et un moment partag\u00e9 en musique et en lectures.<\/p>\n\n\n\n<p>L&#8217;apr\u00e8s-midi, l&#8217;\u00e9quipe de m\u00e9diation de l&#8217;<strong>Espace Lecture Balzac<\/strong> a propos\u00e9 des ateliers itin\u00e9rants dans les parcs de jeux de Balzac et Marivaux. Maque-origami, arts plastiques et lectures.<\/p>\n\n\n\n<div style=\"height:20px\" aria-hidden=\"true\" class=\"wp-block-spacer\"><\/div>\n\n\n\n<figure class=\"wp-block-gallery columns-3 is-cropped wp-block-gallery-3 is-layout-flex wp-block-gallery-is-layout-flex\"><ul class=\"blocks-gallery-grid\"><li class=\"blocks-gallery-item\"><figure><a href=\"http:\/\/www.assocardan.org\/wp-content\/uploads\/2020\/07\/20200710_165850.jpg\"><img loading=\"lazy\" decoding=\"async\" width=\"1024\" height=\"576\" src=\"http:\/\/www.assocardan.org\/wp-content\/uploads\/2020\/07\/20200710_165850-1024x576.jpg\" alt=\"\" data-id=\"8173\" data-full-url=\"http:\/\/www.assocardan.org\/wp-content\/uploads\/2020\/07\/20200710_165850.jpg\" data-link=\"http:\/\/www.assocardan.org\/?attachment_id=8173\" class=\"wp-image-8173\" srcset=\"https:\/\/www.assocardan.org\/wp-content\/uploads\/2020\/07\/20200710_165850-1024x576.jpg 1024w, https:\/\/www.assocardan.org\/wp-content\/uploads\/2020\/07\/20200710_165850-300x169.jpg 300w, https:\/\/www.assocardan.org\/wp-content\/uploads\/2020\/07\/20200710_165850-1536x864.jpg 1536w, https:\/\/www.assocardan.org\/wp-content\/uploads\/2020\/07\/20200710_165850-750x422.jpg 750w, https:\/\/www.assocardan.org\/wp-content\/uploads\/2020\/07\/20200710_165850-400x225.jpg 400w, https:\/\/www.assocardan.org\/wp-content\/uploads\/2020\/07\/20200710_165850-430x242.jpg 430w, https:\/\/www.assocardan.org\/wp-content\/uploads\/2020\/07\/20200710_165850-150x84.jpg 150w, https:\/\/www.assocardan.org\/wp-content\/uploads\/2020\/07\/20200710_165850-100x56.jpg 100w, https:\/\/www.assocardan.org\/wp-content\/uploads\/2020\/07\/20200710_165850.jpg 1600w\" sizes=\"auto, (max-width: 1024px) 100vw, 1024px\" \/><\/a><\/figure><\/li><li class=\"blocks-gallery-item\"><figure><a href=\"http:\/\/www.assocardan.org\/wp-content\/uploads\/2020\/07\/20200710_173234.jpg\"><img loading=\"lazy\" decoding=\"async\" width=\"1024\" height=\"576\" src=\"http:\/\/www.assocardan.org\/wp-content\/uploads\/2020\/07\/20200710_173234-1024x576.jpg\" alt=\"\" data-id=\"8175\" data-full-url=\"http:\/\/www.assocardan.org\/wp-content\/uploads\/2020\/07\/20200710_173234.jpg\" data-link=\"http:\/\/www.assocardan.org\/?attachment_id=8175\" class=\"wp-image-8175\" srcset=\"https:\/\/www.assocardan.org\/wp-content\/uploads\/2020\/07\/20200710_173234-1024x576.jpg 1024w, https:\/\/www.assocardan.org\/wp-content\/uploads\/2020\/07\/20200710_173234-300x169.jpg 300w, https:\/\/www.assocardan.org\/wp-content\/uploads\/2020\/07\/20200710_173234-1536x864.jpg 1536w, https:\/\/www.assocardan.org\/wp-content\/uploads\/2020\/07\/20200710_173234-750x422.jpg 750w, https:\/\/www.assocardan.org\/wp-content\/uploads\/2020\/07\/20200710_173234-400x225.jpg 400w, https:\/\/www.assocardan.org\/wp-content\/uploads\/2020\/07\/20200710_173234-430x242.jpg 430w, https:\/\/www.assocardan.org\/wp-content\/uploads\/2020\/07\/20200710_173234-150x84.jpg 150w, https:\/\/www.assocardan.org\/wp-content\/uploads\/2020\/07\/20200710_173234-100x56.jpg 100w, https:\/\/www.assocardan.org\/wp-content\/uploads\/2020\/07\/20200710_173234.jpg 1600w\" sizes=\"auto, (max-width: 1024px) 100vw, 1024px\" \/><\/a><\/figure><\/li><li class=\"blocks-gallery-item\"><figure><a href=\"http:\/\/www.assocardan.org\/wp-content\/uploads\/2020\/07\/20200710_172416.jpg\"><img loading=\"lazy\" decoding=\"async\" width=\"1024\" height=\"576\" src=\"http:\/\/www.assocardan.org\/wp-content\/uploads\/2020\/07\/20200710_172416-1024x576.jpg\" alt=\"\" data-id=\"8174\" data-full-url=\"http:\/\/www.assocardan.org\/wp-content\/uploads\/2020\/07\/20200710_172416.jpg\" data-link=\"http:\/\/www.assocardan.org\/?attachment_id=8174\" class=\"wp-image-8174\" srcset=\"https:\/\/www.assocardan.org\/wp-content\/uploads\/2020\/07\/20200710_172416-1024x576.jpg 1024w, https:\/\/www.assocardan.org\/wp-content\/uploads\/2020\/07\/20200710_172416-300x169.jpg 300w, https:\/\/www.assocardan.org\/wp-content\/uploads\/2020\/07\/20200710_172416-1536x864.jpg 1536w, https:\/\/www.assocardan.org\/wp-content\/uploads\/2020\/07\/20200710_172416-750x422.jpg 750w, https:\/\/www.assocardan.org\/wp-content\/uploads\/2020\/07\/20200710_172416-400x225.jpg 400w, https:\/\/www.assocardan.org\/wp-content\/uploads\/2020\/07\/20200710_172416-430x242.jpg 430w, https:\/\/www.assocardan.org\/wp-content\/uploads\/2020\/07\/20200710_172416-150x84.jpg 150w, https:\/\/www.assocardan.org\/wp-content\/uploads\/2020\/07\/20200710_172416-100x56.jpg 100w, https:\/\/www.assocardan.org\/wp-content\/uploads\/2020\/07\/20200710_172416.jpg 1600w\" sizes=\"auto, (max-width: 1024px) 100vw, 1024px\" \/><\/a><\/figure><\/li><\/ul><\/figure>\n\n\n\n<div style=\"height:20px\" aria-hidden=\"true\" class=\"wp-block-spacer\"><\/div>\n\n\n\n<h3 class=\"wp-block-heading\">SAMEDI 11 JUILLET<\/h3>\n\n\n\n<p>Pendant toute la journ\u00e9e, l&#8217;\u00e9quipe de m\u00e9diation de Sud Est a anim\u00e9 un \u00ab&nbsp;<strong>Quartier Livres<\/strong>&nbsp;\u00bb autour du <strong>Centre Culturel l&#8217;\u00c9toile du Sud<\/strong>, 121 rue Simone Signoret. Lectures \u00e0 haute voix, ateliers jeux litt\u00e9raires, animations litt\u00e9raires propos\u00e9es par <strong>Guy Allix<\/strong> et <strong>Zemanel<\/strong> sur place, pique-nique cont\u00e9 anim\u00e9 par <strong>Monsieur Faribol<\/strong>. Une trentaine de participants au cours de la journ\u00e9e. Quelques r\u00e9alisations (mots masqu\u00e9s, cartes postales virtuelles,\u2026) et un moment partag\u00e9 en musique et en lectures.<\/p>\n\n\n\n<div style=\"height:20px\" aria-hidden=\"true\" class=\"wp-block-spacer\"><\/div>\n\n\n\n<h3 class=\"wp-block-heading\">LUNDI 13 JUILLET<\/h3>\n\n\n\n<p>\u00c0 Saint Leu, le matin, place du Hub, \u00e0 c\u00f4t\u00e9 du local DRE, une s\u00e9ance \u00ab&nbsp;<strong>Raconte Marmots<\/strong>&nbsp;\u00bb anim\u00e9e par Corinne Roussel et accompagn\u00e9e par <strong>Maxime Titi<\/strong> a rassembl\u00e9 une poign\u00e9e d&#8217;habitants.<\/p>\n\n\n\n<p>L&#8217;apr\u00e8s-midi, au m\u00eame endroit, <strong>Leslie Dumortier<\/strong> est venu animer un atelier Bande Dessin\u00e9e avec quelques \u00ab&nbsp;happy few&nbsp;\u00bb.<\/p>\n\n\n\n<p>\u00c0 l&#8217;<strong>Espace Lecture Balzac<\/strong>, un atelier illustration propos\u00e9 par <strong>Elvine<\/strong> a rassembl\u00e9 une dizaine de participants.<\/p>\n\n\n\n<div style=\"height:20px\" aria-hidden=\"true\" class=\"wp-block-spacer\"><\/div>\n\n\n\n<figure class=\"wp-block-gallery columns-3 is-cropped wp-block-gallery-4 is-layout-flex wp-block-gallery-is-layout-flex\"><ul class=\"blocks-gallery-grid\"><li class=\"blocks-gallery-item\"><figure><a href=\"http:\/\/www.assocardan.org\/wp-content\/uploads\/2020\/07\/20200709_131958.jpg\"><img loading=\"lazy\" decoding=\"async\" width=\"1024\" height=\"768\" src=\"http:\/\/www.assocardan.org\/wp-content\/uploads\/2020\/07\/20200709_131958-1024x768.jpg\" alt=\"\" data-id=\"8178\" data-full-url=\"http:\/\/www.assocardan.org\/wp-content\/uploads\/2020\/07\/20200709_131958.jpg\" data-link=\"http:\/\/www.assocardan.org\/?attachment_id=8178\" class=\"wp-image-8178\" srcset=\"https:\/\/www.assocardan.org\/wp-content\/uploads\/2020\/07\/20200709_131958-1024x768.jpg 1024w, https:\/\/www.assocardan.org\/wp-content\/uploads\/2020\/07\/20200709_131958-300x225.jpg 300w, https:\/\/www.assocardan.org\/wp-content\/uploads\/2020\/07\/20200709_131958-1536x1152.jpg 1536w, https:\/\/www.assocardan.org\/wp-content\/uploads\/2020\/07\/20200709_131958-750x563.jpg 750w, https:\/\/www.assocardan.org\/wp-content\/uploads\/2020\/07\/20200709_131958-400x300.jpg 400w, https:\/\/www.assocardan.org\/wp-content\/uploads\/2020\/07\/20200709_131958-430x323.jpg 430w, https:\/\/www.assocardan.org\/wp-content\/uploads\/2020\/07\/20200709_131958-150x113.jpg 150w, https:\/\/www.assocardan.org\/wp-content\/uploads\/2020\/07\/20200709_131958-100x75.jpg 100w, https:\/\/www.assocardan.org\/wp-content\/uploads\/2020\/07\/20200709_131958.jpg 1600w\" sizes=\"auto, (max-width: 1024px) 100vw, 1024px\" \/><\/a><\/figure><\/li><li class=\"blocks-gallery-item\"><figure><a href=\"http:\/\/www.assocardan.org\/wp-content\/uploads\/2020\/07\/IMG_20200716_115448.jpg\"><img loading=\"lazy\" decoding=\"async\" width=\"1024\" height=\"768\" src=\"http:\/\/www.assocardan.org\/wp-content\/uploads\/2020\/07\/IMG_20200716_115448-1024x768.jpg\" alt=\"\" data-id=\"8196\" data-full-url=\"http:\/\/www.assocardan.org\/wp-content\/uploads\/2020\/07\/IMG_20200716_115448.jpg\" data-link=\"http:\/\/www.assocardan.org\/?attachment_id=8196\" class=\"wp-image-8196\" srcset=\"https:\/\/www.assocardan.org\/wp-content\/uploads\/2020\/07\/IMG_20200716_115448-1024x768.jpg 1024w, https:\/\/www.assocardan.org\/wp-content\/uploads\/2020\/07\/IMG_20200716_115448-300x225.jpg 300w, https:\/\/www.assocardan.org\/wp-content\/uploads\/2020\/07\/IMG_20200716_115448-1536x1152.jpg 1536w, https:\/\/www.assocardan.org\/wp-content\/uploads\/2020\/07\/IMG_20200716_115448-750x563.jpg 750w, https:\/\/www.assocardan.org\/wp-content\/uploads\/2020\/07\/IMG_20200716_115448-400x300.jpg 400w, https:\/\/www.assocardan.org\/wp-content\/uploads\/2020\/07\/IMG_20200716_115448-430x323.jpg 430w, https:\/\/www.assocardan.org\/wp-content\/uploads\/2020\/07\/IMG_20200716_115448-150x113.jpg 150w, https:\/\/www.assocardan.org\/wp-content\/uploads\/2020\/07\/IMG_20200716_115448-100x75.jpg 100w, https:\/\/www.assocardan.org\/wp-content\/uploads\/2020\/07\/IMG_20200716_115448.jpg 1600w\" sizes=\"auto, (max-width: 1024px) 100vw, 1024px\" \/><\/a><\/figure><\/li><li class=\"blocks-gallery-item\"><figure><a href=\"http:\/\/www.assocardan.org\/wp-content\/uploads\/2020\/07\/IMG_20200713_141021.jpg\"><img loading=\"lazy\" decoding=\"async\" width=\"1024\" height=\"512\" src=\"http:\/\/www.assocardan.org\/wp-content\/uploads\/2020\/07\/IMG_20200713_141021-1024x512.jpg\" alt=\"\" data-id=\"8193\" data-full-url=\"http:\/\/www.assocardan.org\/wp-content\/uploads\/2020\/07\/IMG_20200713_141021.jpg\" data-link=\"http:\/\/www.assocardan.org\/?attachment_id=8193\" class=\"wp-image-8193\" srcset=\"https:\/\/www.assocardan.org\/wp-content\/uploads\/2020\/07\/IMG_20200713_141021-1024x512.jpg 1024w, https:\/\/www.assocardan.org\/wp-content\/uploads\/2020\/07\/IMG_20200713_141021-300x150.jpg 300w, https:\/\/www.assocardan.org\/wp-content\/uploads\/2020\/07\/IMG_20200713_141021-1536x768.jpg 1536w, https:\/\/www.assocardan.org\/wp-content\/uploads\/2020\/07\/IMG_20200713_141021-750x375.jpg 750w, https:\/\/www.assocardan.org\/wp-content\/uploads\/2020\/07\/IMG_20200713_141021-400x200.jpg 400w, https:\/\/www.assocardan.org\/wp-content\/uploads\/2020\/07\/IMG_20200713_141021-430x215.jpg 430w, https:\/\/www.assocardan.org\/wp-content\/uploads\/2020\/07\/IMG_20200713_141021-150x75.jpg 150w, https:\/\/www.assocardan.org\/wp-content\/uploads\/2020\/07\/IMG_20200713_141021-100x50.jpg 100w, https:\/\/www.assocardan.org\/wp-content\/uploads\/2020\/07\/IMG_20200713_141021.jpg 1686w\" sizes=\"auto, (max-width: 1024px) 100vw, 1024px\" \/><\/a><\/figure><\/li><\/ul><\/figure>\n\n\n\n<div style=\"height:20px\" aria-hidden=\"true\" class=\"wp-block-spacer\"><\/div>\n\n\n\n<h3 class=\"wp-block-heading\">MERCREDI 15 JUILLET<\/h3>\n\n\n\n<p>Le midi, un pique-nique cont\u00e9 anim\u00e9 par <strong>Catherine Petit<\/strong> a rassembl\u00e9 18 participants aux alentours de l&#8217;<strong>Espace Lecture Balzac<\/strong> (avec un temps un peu mena\u00e7ant), \u00e9changes d&#8217;histoires, jeux de mains et sourires partag\u00e9s.<\/p>\n\n\n\n<div style=\"height:20px\" aria-hidden=\"true\" class=\"wp-block-spacer\"><\/div>\n\n\n\n<h3 class=\"wp-block-heading\">JEUDI 16 JUILLET<\/h3>\n\n\n\n<p>Le matin, \u00e0 l&#8217;<strong>Espace Lecture Balzac<\/strong>, <strong>Leslie Dumortier<\/strong> est venue animer un atelier Bande Dessin\u00e9e. <\/p>\n\n\n\n<p>Et l&#8217;apr\u00e8s-midi, un \u00ab&nbsp;Cin\u00e9-Famille&nbsp;\u00bb propos\u00e9 par <strong>Z\u00e9bulon<\/strong> a permis \u00e0 11 enfants de voir  LOU, JOURNAL INFIME (l&#8217;adaptation cin\u00e9matographique de la c\u00e9l\u00e8bre BD du m\u00eame nom).<\/p>\n\n\n\n<p>Le midi, un pique-nique cont\u00e9 anim\u00e9 par <strong>Catherine Petit<\/strong> a rassembl\u00e9 18 participants au d\u00e9part de la <strong>Maison du Th\u00e9\u00e2tre<\/strong>, \u00e9changes d&#8217;histoires, jeux de mains et sourires partag\u00e9s.<\/p>\n\n\n\n<div style=\"height:20px\" aria-hidden=\"true\" class=\"wp-block-spacer\"><\/div>\n\n\n\n<figure class=\"wp-block-gallery columns-4 is-cropped wp-block-gallery-5 is-layout-flex wp-block-gallery-is-layout-flex\"><ul class=\"blocks-gallery-grid\"><li class=\"blocks-gallery-item\"><figure><a href=\"http:\/\/www.assocardan.org\/wp-content\/uploads\/2020\/07\/IMG_20200716_114546.jpg\"><img loading=\"lazy\" decoding=\"async\" width=\"1024\" height=\"768\" src=\"http:\/\/www.assocardan.org\/wp-content\/uploads\/2020\/07\/IMG_20200716_114546-1024x768.jpg\" alt=\"\" data-id=\"8182\" data-full-url=\"http:\/\/www.assocardan.org\/wp-content\/uploads\/2020\/07\/IMG_20200716_114546.jpg\" data-link=\"http:\/\/www.assocardan.org\/?attachment_id=8182\" class=\"wp-image-8182\" srcset=\"https:\/\/www.assocardan.org\/wp-content\/uploads\/2020\/07\/IMG_20200716_114546-1024x768.jpg 1024w, https:\/\/www.assocardan.org\/wp-content\/uploads\/2020\/07\/IMG_20200716_114546-300x225.jpg 300w, https:\/\/www.assocardan.org\/wp-content\/uploads\/2020\/07\/IMG_20200716_114546-1536x1152.jpg 1536w, https:\/\/www.assocardan.org\/wp-content\/uploads\/2020\/07\/IMG_20200716_114546-750x563.jpg 750w, https:\/\/www.assocardan.org\/wp-content\/uploads\/2020\/07\/IMG_20200716_114546-400x300.jpg 400w, https:\/\/www.assocardan.org\/wp-content\/uploads\/2020\/07\/IMG_20200716_114546-430x323.jpg 430w, https:\/\/www.assocardan.org\/wp-content\/uploads\/2020\/07\/IMG_20200716_114546-150x113.jpg 150w, https:\/\/www.assocardan.org\/wp-content\/uploads\/2020\/07\/IMG_20200716_114546-100x75.jpg 100w, https:\/\/www.assocardan.org\/wp-content\/uploads\/2020\/07\/IMG_20200716_114546.jpg 1600w\" sizes=\"auto, (max-width: 1024px) 100vw, 1024px\" \/><\/a><\/figure><\/li><li class=\"blocks-gallery-item\"><figure><a href=\"http:\/\/www.assocardan.org\/wp-content\/uploads\/2020\/07\/IMG_20200716_114510.jpg\"><img loading=\"lazy\" decoding=\"async\" width=\"1024\" height=\"768\" src=\"http:\/\/www.assocardan.org\/wp-content\/uploads\/2020\/07\/IMG_20200716_114510-1024x768.jpg\" alt=\"\" data-id=\"8181\" data-full-url=\"http:\/\/www.assocardan.org\/wp-content\/uploads\/2020\/07\/IMG_20200716_114510.jpg\" data-link=\"http:\/\/www.assocardan.org\/?attachment_id=8181\" class=\"wp-image-8181\" srcset=\"https:\/\/www.assocardan.org\/wp-content\/uploads\/2020\/07\/IMG_20200716_114510-1024x768.jpg 1024w, https:\/\/www.assocardan.org\/wp-content\/uploads\/2020\/07\/IMG_20200716_114510-300x225.jpg 300w, https:\/\/www.assocardan.org\/wp-content\/uploads\/2020\/07\/IMG_20200716_114510-1536x1152.jpg 1536w, https:\/\/www.assocardan.org\/wp-content\/uploads\/2020\/07\/IMG_20200716_114510-750x563.jpg 750w, https:\/\/www.assocardan.org\/wp-content\/uploads\/2020\/07\/IMG_20200716_114510-400x300.jpg 400w, https:\/\/www.assocardan.org\/wp-content\/uploads\/2020\/07\/IMG_20200716_114510-430x323.jpg 430w, https:\/\/www.assocardan.org\/wp-content\/uploads\/2020\/07\/IMG_20200716_114510-150x113.jpg 150w, https:\/\/www.assocardan.org\/wp-content\/uploads\/2020\/07\/IMG_20200716_114510-100x75.jpg 100w, https:\/\/www.assocardan.org\/wp-content\/uploads\/2020\/07\/IMG_20200716_114510.jpg 1600w\" sizes=\"auto, (max-width: 1024px) 100vw, 1024px\" \/><\/a><\/figure><\/li><li class=\"blocks-gallery-item\"><figure><a href=\"http:\/\/www.assocardan.org\/wp-content\/uploads\/2020\/07\/IMG_20200716_114608.jpg\"><img loading=\"lazy\" decoding=\"async\" width=\"1024\" height=\"768\" src=\"http:\/\/www.assocardan.org\/wp-content\/uploads\/2020\/07\/IMG_20200716_114608-1024x768.jpg\" alt=\"\" data-id=\"8183\" data-full-url=\"http:\/\/www.assocardan.org\/wp-content\/uploads\/2020\/07\/IMG_20200716_114608.jpg\" data-link=\"http:\/\/www.assocardan.org\/?attachment_id=8183\" class=\"wp-image-8183\" srcset=\"https:\/\/www.assocardan.org\/wp-content\/uploads\/2020\/07\/IMG_20200716_114608-1024x768.jpg 1024w, https:\/\/www.assocardan.org\/wp-content\/uploads\/2020\/07\/IMG_20200716_114608-300x225.jpg 300w, https:\/\/www.assocardan.org\/wp-content\/uploads\/2020\/07\/IMG_20200716_114608-1536x1152.jpg 1536w, https:\/\/www.assocardan.org\/wp-content\/uploads\/2020\/07\/IMG_20200716_114608-750x563.jpg 750w, https:\/\/www.assocardan.org\/wp-content\/uploads\/2020\/07\/IMG_20200716_114608-400x300.jpg 400w, https:\/\/www.assocardan.org\/wp-content\/uploads\/2020\/07\/IMG_20200716_114608-430x323.jpg 430w, https:\/\/www.assocardan.org\/wp-content\/uploads\/2020\/07\/IMG_20200716_114608-150x113.jpg 150w, https:\/\/www.assocardan.org\/wp-content\/uploads\/2020\/07\/IMG_20200716_114608-100x75.jpg 100w, https:\/\/www.assocardan.org\/wp-content\/uploads\/2020\/07\/IMG_20200716_114608.jpg 1600w\" sizes=\"auto, (max-width: 1024px) 100vw, 1024px\" \/><\/a><\/figure><\/li><li class=\"blocks-gallery-item\"><figure><a href=\"http:\/\/www.assocardan.org\/wp-content\/uploads\/2020\/07\/20200716_171306-1.jpg\"><img loading=\"lazy\" decoding=\"async\" width=\"1024\" height=\"576\" src=\"http:\/\/www.assocardan.org\/wp-content\/uploads\/2020\/07\/20200716_171306-1-1024x576.jpg\" alt=\"\" data-id=\"8190\" data-full-url=\"http:\/\/www.assocardan.org\/wp-content\/uploads\/2020\/07\/20200716_171306-1.jpg\" data-link=\"http:\/\/www.assocardan.org\/?attachment_id=8190\" class=\"wp-image-8190\" srcset=\"https:\/\/www.assocardan.org\/wp-content\/uploads\/2020\/07\/20200716_171306-1-1024x576.jpg 1024w, https:\/\/www.assocardan.org\/wp-content\/uploads\/2020\/07\/20200716_171306-1-300x169.jpg 300w, https:\/\/www.assocardan.org\/wp-content\/uploads\/2020\/07\/20200716_171306-1-1536x864.jpg 1536w, https:\/\/www.assocardan.org\/wp-content\/uploads\/2020\/07\/20200716_171306-1-750x422.jpg 750w, https:\/\/www.assocardan.org\/wp-content\/uploads\/2020\/07\/20200716_171306-1-400x225.jpg 400w, https:\/\/www.assocardan.org\/wp-content\/uploads\/2020\/07\/20200716_171306-1-430x242.jpg 430w, https:\/\/www.assocardan.org\/wp-content\/uploads\/2020\/07\/20200716_171306-1-150x84.jpg 150w, https:\/\/www.assocardan.org\/wp-content\/uploads\/2020\/07\/20200716_171306-1-100x56.jpg 100w, https:\/\/www.assocardan.org\/wp-content\/uploads\/2020\/07\/20200716_171306-1.jpg 1600w\" sizes=\"auto, (max-width: 1024px) 100vw, 1024px\" \/><\/a><\/figure><\/li><\/ul><\/figure>\n\n\n\n<div style=\"height:20px\" aria-hidden=\"true\" class=\"wp-block-spacer\"><\/div>\n\n\n\n<h3 class=\"wp-block-heading\">VENDREDI 17 JUILLET<\/h3>\n\n\n\n<p>Pendant toute la journ\u00e9e, l&#8217;\u00e9quipe de m\u00e9diation de l&#8217;<strong>Espace Lecture Balzac<\/strong> a anim\u00e9 un \u00ab&nbsp;<strong>Quartier Livres<\/strong>&nbsp;\u00bb autour du local. Lectures \u00e0 haute voix, ateliers jeux litt\u00e9raires, animations litt\u00e9raires propos\u00e9es par <strong>Guy Allix<\/strong> et <strong>Zemanel<\/strong> sur place. Une cinquantaine de participants au cours de la journ\u00e9e. Quelques r\u00e9alisations (mots masqu\u00e9s, cartes postales virtuelles,\u2026) et un air de vacances malgr\u00e9 tout.<\/p>\n\n\n\n<div style=\"height:20px\" aria-hidden=\"true\" class=\"wp-block-spacer\"><\/div>\n\n\n\n<figure class=\"wp-block-gallery columns-3 is-cropped wp-block-gallery-6 is-layout-flex wp-block-gallery-is-layout-flex\"><ul class=\"blocks-gallery-grid\"><li class=\"blocks-gallery-item\"><figure><a href=\"http:\/\/www.assocardan.org\/wp-content\/uploads\/2020\/07\/PHOTO-2020-07-17-17-18-14-2.jpg\"><img loading=\"lazy\" decoding=\"async\" width=\"1024\" height=\"505\" src=\"http:\/\/www.assocardan.org\/wp-content\/uploads\/2020\/07\/PHOTO-2020-07-17-17-18-14-2-1024x505.jpg\" alt=\"\" data-id=\"8184\" data-full-url=\"http:\/\/www.assocardan.org\/wp-content\/uploads\/2020\/07\/PHOTO-2020-07-17-17-18-14-2.jpg\" data-link=\"http:\/\/www.assocardan.org\/?attachment_id=8184\" class=\"wp-image-8184\" srcset=\"https:\/\/www.assocardan.org\/wp-content\/uploads\/2020\/07\/PHOTO-2020-07-17-17-18-14-2-1024x505.jpg 1024w, https:\/\/www.assocardan.org\/wp-content\/uploads\/2020\/07\/PHOTO-2020-07-17-17-18-14-2-300x148.jpg 300w, https:\/\/www.assocardan.org\/wp-content\/uploads\/2020\/07\/PHOTO-2020-07-17-17-18-14-2-1536x757.jpg 1536w, https:\/\/www.assocardan.org\/wp-content\/uploads\/2020\/07\/PHOTO-2020-07-17-17-18-14-2-750x370.jpg 750w, https:\/\/www.assocardan.org\/wp-content\/uploads\/2020\/07\/PHOTO-2020-07-17-17-18-14-2-400x197.jpg 400w, https:\/\/www.assocardan.org\/wp-content\/uploads\/2020\/07\/PHOTO-2020-07-17-17-18-14-2-430x212.jpg 430w, https:\/\/www.assocardan.org\/wp-content\/uploads\/2020\/07\/PHOTO-2020-07-17-17-18-14-2-150x74.jpg 150w, https:\/\/www.assocardan.org\/wp-content\/uploads\/2020\/07\/PHOTO-2020-07-17-17-18-14-2-100x49.jpg 100w, https:\/\/www.assocardan.org\/wp-content\/uploads\/2020\/07\/PHOTO-2020-07-17-17-18-14-2.jpg 1599w\" sizes=\"auto, (max-width: 1024px) 100vw, 1024px\" \/><\/a><\/figure><\/li><li class=\"blocks-gallery-item\"><figure><a href=\"http:\/\/www.assocardan.org\/wp-content\/uploads\/2020\/07\/PHOTO-2020-07-17-18-50-17.jpg\"><img loading=\"lazy\" decoding=\"async\" width=\"768\" height=\"1024\" src=\"http:\/\/www.assocardan.org\/wp-content\/uploads\/2020\/07\/PHOTO-2020-07-17-18-50-17-768x1024.jpg\" alt=\"\" data-id=\"8185\" data-full-url=\"http:\/\/www.assocardan.org\/wp-content\/uploads\/2020\/07\/PHOTO-2020-07-17-18-50-17.jpg\" data-link=\"http:\/\/www.assocardan.org\/?attachment_id=8185\" class=\"wp-image-8185\" srcset=\"https:\/\/www.assocardan.org\/wp-content\/uploads\/2020\/07\/PHOTO-2020-07-17-18-50-17-768x1024.jpg 768w, https:\/\/www.assocardan.org\/wp-content\/uploads\/2020\/07\/PHOTO-2020-07-17-18-50-17-225x300.jpg 225w, https:\/\/www.assocardan.org\/wp-content\/uploads\/2020\/07\/PHOTO-2020-07-17-18-50-17-1152x1536.jpg 1152w, https:\/\/www.assocardan.org\/wp-content\/uploads\/2020\/07\/PHOTO-2020-07-17-18-50-17-750x1000.jpg 750w, https:\/\/www.assocardan.org\/wp-content\/uploads\/2020\/07\/PHOTO-2020-07-17-18-50-17-400x533.jpg 400w, https:\/\/www.assocardan.org\/wp-content\/uploads\/2020\/07\/PHOTO-2020-07-17-18-50-17-430x573.jpg 430w, https:\/\/www.assocardan.org\/wp-content\/uploads\/2020\/07\/PHOTO-2020-07-17-18-50-17-150x200.jpg 150w, https:\/\/www.assocardan.org\/wp-content\/uploads\/2020\/07\/PHOTO-2020-07-17-18-50-17-100x133.jpg 100w, https:\/\/www.assocardan.org\/wp-content\/uploads\/2020\/07\/PHOTO-2020-07-17-18-50-17.jpg 1200w\" sizes=\"auto, (max-width: 768px) 100vw, 768px\" \/><\/a><\/figure><\/li><li class=\"blocks-gallery-item\"><figure><a href=\"http:\/\/www.assocardan.org\/wp-content\/uploads\/2020\/07\/PHOTO-2020-07-17-18-55-05.jpg\"><img loading=\"lazy\" decoding=\"async\" width=\"1024\" height=\"768\" src=\"http:\/\/www.assocardan.org\/wp-content\/uploads\/2020\/07\/PHOTO-2020-07-17-18-55-05-1024x768.jpg\" alt=\"\" data-id=\"8186\" data-full-url=\"http:\/\/www.assocardan.org\/wp-content\/uploads\/2020\/07\/PHOTO-2020-07-17-18-55-05.jpg\" data-link=\"http:\/\/www.assocardan.org\/?attachment_id=8186\" class=\"wp-image-8186\" srcset=\"https:\/\/www.assocardan.org\/wp-content\/uploads\/2020\/07\/PHOTO-2020-07-17-18-55-05-1024x768.jpg 1024w, https:\/\/www.assocardan.org\/wp-content\/uploads\/2020\/07\/PHOTO-2020-07-17-18-55-05-300x225.jpg 300w, https:\/\/www.assocardan.org\/wp-content\/uploads\/2020\/07\/PHOTO-2020-07-17-18-55-05-1536x1152.jpg 1536w, https:\/\/www.assocardan.org\/wp-content\/uploads\/2020\/07\/PHOTO-2020-07-17-18-55-05-750x563.jpg 750w, https:\/\/www.assocardan.org\/wp-content\/uploads\/2020\/07\/PHOTO-2020-07-17-18-55-05-400x300.jpg 400w, https:\/\/www.assocardan.org\/wp-content\/uploads\/2020\/07\/PHOTO-2020-07-17-18-55-05-430x323.jpg 430w, https:\/\/www.assocardan.org\/wp-content\/uploads\/2020\/07\/PHOTO-2020-07-17-18-55-05-150x113.jpg 150w, https:\/\/www.assocardan.org\/wp-content\/uploads\/2020\/07\/PHOTO-2020-07-17-18-55-05-100x75.jpg 100w, https:\/\/www.assocardan.org\/wp-content\/uploads\/2020\/07\/PHOTO-2020-07-17-18-55-05.jpg 1600w\" sizes=\"auto, (max-width: 1024px) 100vw, 1024px\" \/><\/a><\/figure><\/li><\/ul><\/figure>\n","protected":false},"excerpt":{"rendered":"<p>PARTIR EN LIVRE Souhait\u00e9e par le minist\u00e8re de la Culture, Partir en Livre, la grande f\u00eate du livre pour la jeunesse, est organis\u00e9e par le Centre national du livre, avec [&hellip;]<\/p>\n","protected":false},"author":1,"featured_media":8184,"comment_status":"closed","ping_status":"closed","sticky":false,"template":"","format":"standard","meta":{"footnotes":""},"categories":[11,10,396,397,398],"tags":[126,30,37,277],"class_list":["post-8145","post","type-post","status-publish","format-standard","has-post-thumbnail","hentry","category-evenements","category-cardan","category-partir-en-livre","category-quartier-livres","category-raconte-marmots","tag-amiens","tag-le-cardan","tag-livres","tag-partir-en-livre"],"_links":{"self":[{"href":"https:\/\/www.assocardan.org\/index.php?rest_route=\/wp\/v2\/posts\/8145","targetHints":{"allow":["GET"]}}],"collection":[{"href":"https:\/\/www.assocardan.org\/index.php?rest_route=\/wp\/v2\/posts"}],"about":[{"href":"https:\/\/www.assocardan.org\/index.php?rest_route=\/wp\/v2\/types\/post"}],"author":[{"embeddable":true,"href":"https:\/\/www.assocardan.org\/index.php?rest_route=\/wp\/v2\/users\/1"}],"replies":[{"embeddable":true,"href":"https:\/\/www.assocardan.org\/index.php?rest_route=%2Fwp%2Fv2%2Fcomments&post=8145"}],"version-history":[{"count":30,"href":"https:\/\/www.assocardan.org\/index.php?rest_route=\/wp\/v2\/posts\/8145\/revisions"}],"predecessor-version":[{"id":8200,"href":"https:\/\/www.assocardan.org\/index.php?rest_route=\/wp\/v2\/posts\/8145\/revisions\/8200"}],"wp:featuredmedia":[{"embeddable":true,"href":"https:\/\/www.assocardan.org\/index.php?rest_route=\/wp\/v2\/media\/8184"}],"wp:attachment":[{"href":"https:\/\/www.assocardan.org\/index.php?rest_route=%2Fwp%2Fv2%2Fmedia&parent=8145"}],"wp:term":[{"taxonomy":"category","embeddable":true,"href":"https:\/\/www.assocardan.org\/index.php?rest_route=%2Fwp%2Fv2%2Fcategories&post=8145"},{"taxonomy":"post_tag","embeddable":true,"href":"https:\/\/www.assocardan.org\/index.php?rest_route=%2Fwp%2Fv2%2Ftags&post=8145"}],"curies":[{"name":"wp","href":"https:\/\/api.w.org\/{rel}","templated":true}]}}