{"id":8203,"date":"2020-10-22T13:40:29","date_gmt":"2020-10-22T11:40:29","guid":{"rendered":"http:\/\/www.assocardan.org\/?p=8203"},"modified":"2020-10-22T13:40:30","modified_gmt":"2020-10-22T11:40:30","slug":"ma-parole-le-12-decembre-2020-a-la-maison-du-theatre-damiens","status":"publish","type":"post","link":"https:\/\/www.assocardan.org\/?p=8203","title":{"rendered":"Ma Parole, le 12 d\u00e9cembre 2020, \u00e0 la Maison du Th\u00e9\u00e2tre d\u2019Amiens"},"content":{"rendered":"\n<div class=\"wp-block-media-text alignwide is-stacked-on-mobile is-vertically-aligned-top\" style=\"grid-template-columns:42% auto\"><figure class=\"wp-block-media-text__media\"><img loading=\"lazy\" decoding=\"async\" width=\"617\" height=\"880\" src=\"http:\/\/www.assocardan.org\/wp-content\/uploads\/2016\/11\/logoMP.png\" alt=\"logo-ma-parole\" class=\"wp-image-6138\" srcset=\"https:\/\/www.assocardan.org\/wp-content\/uploads\/2016\/11\/logoMP.png 617w, https:\/\/www.assocardan.org\/wp-content\/uploads\/2016\/11\/logoMP-210x300.png 210w, https:\/\/www.assocardan.org\/wp-content\/uploads\/2016\/11\/logoMP-600x856.png 600w, https:\/\/www.assocardan.org\/wp-content\/uploads\/2016\/11\/logoMP-400x571.png 400w, https:\/\/www.assocardan.org\/wp-content\/uploads\/2016\/11\/logoMP-430x613.png 430w, https:\/\/www.assocardan.org\/wp-content\/uploads\/2016\/11\/logoMP-150x214.png 150w, https:\/\/www.assocardan.org\/wp-content\/uploads\/2016\/11\/logoMP-100x143.png 100w\" sizes=\"auto, (max-width: 617px) 100vw, 617px\" \/><\/figure><div class=\"wp-block-media-text__content\">\n<p style=\"font-size:17px\">Ma Parole est une journ\u00e9e organis\u00e9e par Le Cardan, association de lutte contre l\u2019illettrisme, en partenariat avec Cit\u00e9 philo.<\/p>\n\n\n\n<div style=\"height:20px\" aria-hidden=\"true\" class=\"wp-block-spacer\"><\/div>\n\n\n\n<p style=\"font-size:17px\">Elle aura lieu le <strong>12 d\u00e9cembre 2020<\/strong> \u00e0 la <strong>Maison du Th\u00e9\u00e2tre<\/strong>, 8 rue des Majots \u00e0 Amiens.<\/p>\n<\/div><\/div>\n\n\n\n<div style=\"height:20px\" aria-hidden=\"true\" class=\"wp-block-spacer\"><\/div>\n\n\n\n<p class=\"has-text-align-justify\">Il n\u2019existait pas de lieu dans l\u2019espace r\u00e9gional o\u00f9 la parole \u2013 m\u00eame maladroite \u2013 des personnes en \u00e9tat de silence, en difficult\u00e9s sociales, puisse \u00eatre exprim\u00e9e, r\u00e9par\u00e9e et restitu\u00e9e \u00e0 la population.<\/p>\n\n\n\n<p>L\u2019association Le Cardan a cr\u00e9\u00e9 Ma Parole ! qui permet \u00e0 des groupes de personnes \u00ab priv\u00e9es \u00bb de la l\u00e9gitimit\u00e9 de la parole de questionner la soci\u00e9t\u00e9 en s\u2019emparant de questions sociales, en r\u00e9fl\u00e9chissant aux sens des mots, en partageant un temps de r\u00e9flexion, en \u00e9veillant la curiosit\u00e9.<\/p>\n\n\n\n<p>Apr\u00e8s ces prises de parole, <strong>Julien Cahon<\/strong> et <strong>Claude Leli\u00e8vre<\/strong> tenteront d&#8217;\u00e9tablir des ponts entre parole populaire et r\u00e9flexions savantes, ce que le festival d\u00e9signe par \u00ab causerie savante et populaire \u00bb.<\/p>\n\n\n\n<div style=\"height:20px\" aria-hidden=\"true\" class=\"wp-block-spacer\"><\/div>\n\n\n\n<p><strong>Julien Cahon<\/strong>, ma\u00eetre de conf\u00e9rences en sciences de l\u2019\u00e9ducation de l&#8217;Universit\u00e9 Picardie Jules Verne, laboratoire CAREF<\/p>\n\n\n\n<h4 class=\"wp-block-heading\">Bibliographie :<\/h4>\n\n\n\n<ul class=\"wp-block-list\"><li><em><a rel=\"noreferrer noopener\" aria-label=\"Refus et refus\u00e9s d\u2019\u00e9cole. France, XIXe-XXe si\u00e8cle (s\u2019ouvre dans un nouvel onglet)\" href=\"http:\/\/www.worldcat.org\/isbn\/9782706145605\" target=\"_blank\"><strong>Refus et refus\u00e9s d\u2019\u00e9cole. France, XIXe-XXe si\u00e8cle<\/strong><\/a> <\/em>(PUG), 2020<\/li><li><em><strong>La\u00efcit\u00e9 scolaire et signes religieux, quelle histoire ! 1882-2019<\/strong><\/em> (Les Cahiers p\u00e9dagogiques), 2019<\/li><li><strong><em>Ce que la guerre fait \u00e0 l\u2019\u00c9cole, 1870-1944<\/em> <\/strong>(Revue du Nord &#8211; hors-s\u00e9rie n\u00b039)<\/li><\/ul>\n\n\n\n<div style=\"height:20px\" aria-hidden=\"true\" class=\"wp-block-spacer\"><\/div>\n\n\n\n<p><strong>Claude Leli\u00e8vre<\/strong>, historien de l&#8217;\u00e9ducation, professeur \u00e9m\u00e9rite de l&#8217;Universit\u00e9 Paris-Descartes<\/p>\n\n\n\n<h4 class=\"wp-block-heading\">Bibliographie :<\/h4>\n\n\n\n<ul class=\"wp-block-list\"><li><strong><a rel=\"noreferrer noopener\" aria-label=\"Le niveau baisse-t-il vraiment ? entretiens crois\u00e9s de Fanny Capel et de Fran\u00e7ois Dubet de Fanny Capel, Fran\u00e7ois Dubet, Claude Leli\u00e8vre (s\u2019ouvre dans un nouvel onglet)\" href=\"http:\/\/www.worldcat.org\/isbn\/9782210747845\" target=\"_blank\"><em>Le niveau baisse-t-il vraiment ? entretiens crois\u00e9s de Fanny Capel et de Fran\u00e7ois Dubet de Fanny Capel, Fran\u00e7ois Dubet, Claude Leli\u00e8vre<\/em><\/a> <\/strong>(Magnard), 2009<\/li><li> <a rel=\"noreferrer noopener\" aria-label=\"Faut-il plus de comp\u00e9tition \u00e0 la fac ? entretiens crois\u00e9s de Benoist Apparu et de Bruno Julliard (Magnard) (s\u2019ouvre dans un nouvel onglet)\" href=\"http:\/\/www.worldcat.org\/isbn\/9782210747876\" target=\"_blank\"><em><strong>Faut-il plus de comp\u00e9tition \u00e0 la fac ? entretiens crois\u00e9s de Benoist Apparu et de Bruno Julliard<\/strong><\/em> <\/a>(Magnard), 2009<\/li><li> <strong><em><a rel=\"noreferrer noopener\" aria-label=\"Faut-il supprimer la carte scolaire ? entretiens crois\u00e9s d'Alain Madelin et de G\u00e9rard Aschieri de Alain Madelin, G\u00e9rard Aschieri, Claude Leli\u00e8vre (s\u2019ouvre dans un nouvel onglet)\" href=\"http:\/\/www.worldcat.org\/isbn\/9782210747838\" target=\"_blank\">Faut-il supprimer la carte scolaire ? entretiens crois\u00e9s d&#8217;Alain Madelin et de G\u00e9rard Aschieri de Alain Madelin, G\u00e9rard Aschieri, Claude Leli\u00e8vre<\/a><\/em> <\/strong>(Magnard), 2009<\/li><\/ul>\n\n\n\n<div style=\"height:20px\" aria-hidden=\"true\" class=\"wp-block-spacer\"><\/div>\n\n\n\n<h3 class=\"wp-block-heading\"> Mod\u00e9rateurs : <\/h3>\n\n\n\n<p><strong>Jean-Christophe Iriarte Arriola<\/strong>, coordinateur de l\u2019association Cardan<\/p>\n\n\n\n<p>et <\/p>\n\n\n\n<p><strong>Bruno Poucet<\/strong>, professeur en sciences de l&#8217;\u00e9ducation \u00e0 l&#8217;Universit\u00e9 Picardie Jules Verne, directeur du CAREF<\/p>\n\n\n\n<h4 class=\"wp-block-heading\">Bibliographie :<\/h4>\n\n\n\n<ul class=\"wp-block-list\"><li><em><strong>Enseigner la philosophie. Histoire d\u2019une discipline scolaire 1860-1990<\/strong><\/em> (CNRS \u00c9ditions), 1998<\/li><li> <em><a href=\"http:\/\/www.worldcat.org\/isbn\/9791030000368\" target=\"_blank\" rel=\"noreferrer noopener\" aria-label=\"Enseignement et pratiques de la philosophie (s\u2019ouvre dans un nouvel onglet)\"><strong>Enseignement et pratiques de la philosophie<\/strong><\/a><\/em> (PUB), 2016, co-auteur : Patrick Rayou<\/li><li> <em><strong>R\u00e9former l\u2019\u00c9ducation nationale. Le colloque d&#8217;Amiens, mars 1968<\/strong><\/em> (\u00e0 para\u00eetre en 2021) (PUR), co-auteur : Julien Cahon<\/li><\/ul>\n","protected":false},"excerpt":{"rendered":"<p>Il n\u2019existait pas de lieu dans l\u2019espace r\u00e9gional o\u00f9 la parole \u2013 m\u00eame maladroite \u2013 des personnes en \u00e9tat de silence, en difficult\u00e9s sociales, puisse \u00eatre exprim\u00e9e, r\u00e9par\u00e9e et restitu\u00e9e [&hellip;]<\/p>\n","protected":false},"author":1,"featured_media":6138,"comment_status":"closed","ping_status":"closed","sticky":false,"template":"","format":"standard","meta":{"footnotes":""},"categories":[221],"tags":[126,107,342],"class_list":["post-8203","post","type-post","status-publish","format-standard","has-post-thumbnail","hentry","category-ma-parole","tag-amiens","tag-festival-ma-parole","tag-maison-du-theatre"],"_links":{"self":[{"href":"https:\/\/www.assocardan.org\/index.php?rest_route=\/wp\/v2\/posts\/8203","targetHints":{"allow":["GET"]}}],"collection":[{"href":"https:\/\/www.assocardan.org\/index.php?rest_route=\/wp\/v2\/posts"}],"about":[{"href":"https:\/\/www.assocardan.org\/index.php?rest_route=\/wp\/v2\/types\/post"}],"author":[{"embeddable":true,"href":"https:\/\/www.assocardan.org\/index.php?rest_route=\/wp\/v2\/users\/1"}],"replies":[{"embeddable":true,"href":"https:\/\/www.assocardan.org\/index.php?rest_route=%2Fwp%2Fv2%2Fcomments&post=8203"}],"version-history":[{"count":34,"href":"https:\/\/www.assocardan.org\/index.php?rest_route=\/wp\/v2\/posts\/8203\/revisions"}],"predecessor-version":[{"id":8239,"href":"https:\/\/www.assocardan.org\/index.php?rest_route=\/wp\/v2\/posts\/8203\/revisions\/8239"}],"wp:featuredmedia":[{"embeddable":true,"href":"https:\/\/www.assocardan.org\/index.php?rest_route=\/wp\/v2\/media\/6138"}],"wp:attachment":[{"href":"https:\/\/www.assocardan.org\/index.php?rest_route=%2Fwp%2Fv2%2Fmedia&parent=8203"}],"wp:term":[{"taxonomy":"category","embeddable":true,"href":"https:\/\/www.assocardan.org\/index.php?rest_route=%2Fwp%2Fv2%2Fcategories&post=8203"},{"taxonomy":"post_tag","embeddable":true,"href":"https:\/\/www.assocardan.org\/index.php?rest_route=%2Fwp%2Fv2%2Ftags&post=8203"}],"curies":[{"name":"wp","href":"https:\/\/api.w.org\/{rel}","templated":true}]}}