{"id":8312,"date":"2021-03-29T23:31:14","date_gmt":"2021-03-29T21:31:14","guid":{"rendered":"http:\/\/www.assocardan.org\/?p=8312"},"modified":"2021-05-06T20:14:31","modified_gmt":"2021-05-06T18:14:31","slug":"assemblee-generale-vendredi-9-avril-2021","status":"publish","type":"post","link":"https:\/\/www.assocardan.org\/?p=8312","title":{"rendered":"Assembl\u00e9e g\u00e9n\u00e9rale, Vendredi 9 avril 2021"},"content":{"rendered":"\n<p>Nous vous invitons \u00e0 participer, par <strong>visioconf\u00e9rence<\/strong>, \u00e0 notre assembl\u00e9e g\u00e9n\u00e9rale, qui se d\u00e9roulera le <strong>vendredi 9 avril 2021<\/strong> \u00e0 <strong>18h<\/strong>.<\/p>\n\n\n\n<!--more-->\n\n\n\n<div style=\"height:20px\" aria-hidden=\"true\" class=\"wp-block-spacer\"><\/div>\n\n\n\n<p>Pour participer, nous vous proposons de t\u00e9l\u00e9charger et compl\u00e9ter le coupon-r\u00e9ponse ci-dessous, puis de l&#8217;envoyer \u00e0 <a rel=\"noreferrer noopener\" aria-label=\"lectures@assocardan.org (s\u2019ouvre dans un nouvel onglet)\" href=\"mailto:lectures@assocardan.org\" target=\"_blank\"><strong>lectures@assocardan.org<\/strong><\/a> avant le <strong>6 avril<\/strong>. <\/p>\n\n\n\n<p>Nous vous enverrons alors <strong>le lien<\/strong> de la visioconf\u00e9rence, <strong>vendredi<\/strong>, avant l\u2019assembl\u00e9e. <\/p>\n\n\n\n<div style=\"height:20px\" aria-hidden=\"true\" class=\"wp-block-spacer\"><\/div>\n\n\n\n<h4 class=\"wp-block-heading\"><strong><a rel=\"noreferrer noopener\" aria-label=\"Pour t\u00e9l\u00e9charger le coupon r\u00e9ponse, cliquez ici (s\u2019ouvre dans un nouvel onglet)\" href=\"http:\/\/www.assocardan.org\/wp-content\/uploads\/2021\/03\/invit-ag2021.pdf\" target=\"_blank\">Pour t\u00e9l\u00e9charger le coupon r\u00e9ponse, cliquez ici<\/a><\/strong>.<\/h4>\n\n\n\n<div style=\"height:20px\" aria-hidden=\"true\" class=\"wp-block-spacer\"><\/div>\n\n\n\n<p>Au moment du vote, seules les personnes ayant pay\u00e9 une cotisation annuelle de <strong>8 euros<\/strong> pourront rester connect\u00e9s. <\/p>\n\n\n\n<p>Vous pouvez r\u00e9gler votre cotisation par ch\u00e8que, en liquide, ou sur le site <strong><a rel=\"noreferrer noopener\" aria-label=\"Helloasso (s\u2019ouvre dans un nouvel onglet)\" href=\"https:\/\/www.helloasso.com\/associations\/cardan\/paiements\/adhesion\/\" target=\"_blank\">Helloasso<\/a><\/strong>.<\/p>\n\n\n\n<div style=\"height:20px\" aria-hidden=\"true\" class=\"wp-block-spacer\"><\/div>\n\n\n\n<p>Le Cardan peut aussi recevoir des dons en tant qu&#8217;association d&#8217;int\u00e9r\u00eat g\u00e9n\u00e9ral, ce qui ouvre droit \u00e0 une r\u00e9duction d&#8217;imp\u00f4ts (jusqu&#8217;\u00e0 66 % dans la limite de 20% du revenu net imposable). <\/p>\n\n\n\n<h4 class=\"wp-block-heading\"><a href=\"https:\/\/www.helloasso.com\/associations\/cardan\/formulaires\/1\" target=\"_blank\" rel=\"noreferrer noopener\" aria-label=\"Pour faire un don \u00e0 l'association, cliquez sur ce lien. (s\u2019ouvre dans un nouvel onglet)\">Pour faire un don \u00e0 l&#8217;association, cliquez sur <strong>ce lien<\/strong>.<\/a><\/h4>\n\n\n\n<div style=\"height:20px\" aria-hidden=\"true\" class=\"wp-block-spacer\"><\/div>\n\n\n\n<p>Les adh\u00e9sions et les dons permettent la continuit\u00e9 des actions gratuites pour le public, notamment la formation pour les adultes et la lecture aux enfants et adultes dans les quartiers.<\/p>\n","protected":false},"excerpt":{"rendered":"<p>Nous vous invitons \u00e0 participer, par visioconf\u00e9rence, \u00e0 notre assembl\u00e9e g\u00e9n\u00e9rale, qui se d\u00e9roulera le vendredi 9 avril 2021 \u00e0 18h.<\/p>\n","protected":false},"author":1,"featured_media":0,"comment_status":"closed","ping_status":"closed","sticky":false,"template":"","format":"standard","meta":{"footnotes":""},"categories":[10],"tags":[296,30],"class_list":["post-8312","post","type-post","status-publish","format-standard","hentry","category-cardan","tag-assemblee-generale","tag-le-cardan"],"_links":{"self":[{"href":"https:\/\/www.assocardan.org\/index.php?rest_route=\/wp\/v2\/posts\/8312","targetHints":{"allow":["GET"]}}],"collection":[{"href":"https:\/\/www.assocardan.org\/index.php?rest_route=\/wp\/v2\/posts"}],"about":[{"href":"https:\/\/www.assocardan.org\/index.php?rest_route=\/wp\/v2\/types\/post"}],"author":[{"embeddable":true,"href":"https:\/\/www.assocardan.org\/index.php?rest_route=\/wp\/v2\/users\/1"}],"replies":[{"embeddable":true,"href":"https:\/\/www.assocardan.org\/index.php?rest_route=%2Fwp%2Fv2%2Fcomments&post=8312"}],"version-history":[{"count":16,"href":"https:\/\/www.assocardan.org\/index.php?rest_route=\/wp\/v2\/posts\/8312\/revisions"}],"predecessor-version":[{"id":8328,"href":"https:\/\/www.assocardan.org\/index.php?rest_route=\/wp\/v2\/posts\/8312\/revisions\/8328"}],"wp:attachment":[{"href":"https:\/\/www.assocardan.org\/index.php?rest_route=%2Fwp%2Fv2%2Fmedia&parent=8312"}],"wp:term":[{"taxonomy":"category","embeddable":true,"href":"https:\/\/www.assocardan.org\/index.php?rest_route=%2Fwp%2Fv2%2Fcategories&post=8312"},{"taxonomy":"post_tag","embeddable":true,"href":"https:\/\/www.assocardan.org\/index.php?rest_route=%2Fwp%2Fv2%2Ftags&post=8312"}],"curies":[{"name":"wp","href":"https:\/\/api.w.org\/{rel}","templated":true}]}}