{"id":8336,"date":"2021-04-08T18:47:22","date_gmt":"2021-04-08T16:47:22","guid":{"rendered":"http:\/\/www.assocardan.org\/?p=8336"},"modified":"2021-04-08T22:45:33","modified_gmt":"2021-04-08T20:45:33","slug":"ma-parole-2020-a-saint-roch","status":"publish","type":"post","link":"https:\/\/www.assocardan.org\/?p=8336","title":{"rendered":"Ma Parole 2020 \u00e0 Saint-Roch"},"content":{"rendered":"\n<p>Le 12 d\u00e9cembre 2020, l&#8217;association Cardan a organis\u00e9 <strong>Ma Parole<\/strong>&#8230; dans des conditions un peu particuli\u00e8res, compte tenu de la situation sanitaire. <\/p>\n\n\n\n<!--more-->\n\n\n\n<div style=\"height:20px\" aria-hidden=\"true\" class=\"wp-block-spacer\"><\/div>\n\n\n\n<figure class=\"wp-block-gallery columns-2 is-cropped wp-block-gallery-1 is-layout-flex wp-block-gallery-is-layout-flex\"><ul class=\"blocks-gallery-grid\"><li class=\"blocks-gallery-item\"><figure><a href=\"http:\/\/www.assocardan.org\/wp-content\/uploads\/2021\/04\/Ma_Parole2020-1-scaled.jpg\"><img loading=\"lazy\" decoding=\"async\" width=\"1024\" height=\"768\" src=\"http:\/\/www.assocardan.org\/wp-content\/uploads\/2021\/04\/Ma_Parole2020-1-1024x768.jpg\" alt=\"\" data-id=\"8339\" data-full-url=\"http:\/\/www.assocardan.org\/wp-content\/uploads\/2021\/04\/Ma_Parole2020-1-scaled.jpg\" data-link=\"http:\/\/www.assocardan.org\/?attachment_id=8339\" class=\"wp-image-8339\" srcset=\"https:\/\/www.assocardan.org\/wp-content\/uploads\/2021\/04\/Ma_Parole2020-1-1024x768.jpg 1024w, https:\/\/www.assocardan.org\/wp-content\/uploads\/2021\/04\/Ma_Parole2020-1-300x225.jpg 300w, https:\/\/www.assocardan.org\/wp-content\/uploads\/2021\/04\/Ma_Parole2020-1-1536x1152.jpg 1536w, https:\/\/www.assocardan.org\/wp-content\/uploads\/2021\/04\/Ma_Parole2020-1-2048x1536.jpg 2048w, https:\/\/www.assocardan.org\/wp-content\/uploads\/2021\/04\/Ma_Parole2020-1-750x563.jpg 750w, https:\/\/www.assocardan.org\/wp-content\/uploads\/2021\/04\/Ma_Parole2020-1-400x300.jpg 400w, https:\/\/www.assocardan.org\/wp-content\/uploads\/2021\/04\/Ma_Parole2020-1-430x323.jpg 430w, https:\/\/www.assocardan.org\/wp-content\/uploads\/2021\/04\/Ma_Parole2020-1-150x113.jpg 150w, https:\/\/www.assocardan.org\/wp-content\/uploads\/2021\/04\/Ma_Parole2020-1-100x75.jpg 100w\" sizes=\"auto, (max-width: 1024px) 100vw, 1024px\" \/><\/a><\/figure><\/li><li class=\"blocks-gallery-item\"><figure><a href=\"http:\/\/www.assocardan.org\/wp-content\/uploads\/2021\/04\/Ma_Parole2020-2-scaled.jpg\"><img loading=\"lazy\" decoding=\"async\" width=\"1024\" height=\"768\" src=\"http:\/\/www.assocardan.org\/wp-content\/uploads\/2021\/04\/Ma_Parole2020-2-1024x768.jpg\" alt=\"\" data-id=\"8340\" data-full-url=\"http:\/\/www.assocardan.org\/wp-content\/uploads\/2021\/04\/Ma_Parole2020-2-scaled.jpg\" data-link=\"http:\/\/www.assocardan.org\/?attachment_id=8340\" class=\"wp-image-8340\" srcset=\"https:\/\/www.assocardan.org\/wp-content\/uploads\/2021\/04\/Ma_Parole2020-2-1024x768.jpg 1024w, https:\/\/www.assocardan.org\/wp-content\/uploads\/2021\/04\/Ma_Parole2020-2-300x225.jpg 300w, https:\/\/www.assocardan.org\/wp-content\/uploads\/2021\/04\/Ma_Parole2020-2-1536x1152.jpg 1536w, https:\/\/www.assocardan.org\/wp-content\/uploads\/2021\/04\/Ma_Parole2020-2-2048x1536.jpg 2048w, https:\/\/www.assocardan.org\/wp-content\/uploads\/2021\/04\/Ma_Parole2020-2-750x563.jpg 750w, https:\/\/www.assocardan.org\/wp-content\/uploads\/2021\/04\/Ma_Parole2020-2-400x300.jpg 400w, https:\/\/www.assocardan.org\/wp-content\/uploads\/2021\/04\/Ma_Parole2020-2-430x323.jpg 430w, https:\/\/www.assocardan.org\/wp-content\/uploads\/2021\/04\/Ma_Parole2020-2-150x113.jpg 150w, https:\/\/www.assocardan.org\/wp-content\/uploads\/2021\/04\/Ma_Parole2020-2-100x75.jpg 100w\" sizes=\"auto, (max-width: 1024px) 100vw, 1024px\" \/><\/a><\/figure><\/li><\/ul><\/figure>\n\n\n\n<p class=\"has-text-color has-text-align-center has-cyan-bluish-gray-color\"> <em> Photos prises lors de Ma Parole le 12 d\u00e9cembre 2020 <\/em> <\/p>\n\n\n\n<div style=\"height:20px\" aria-hidden=\"true\" class=\"wp-block-spacer\"><\/div>\n\n\n\n<p>En novembre 2020, <strong>Eddy Pallaro<\/strong> a rencontr\u00e9 3 groupes qui viennent au Cardan pour apprendre \u00e0 lire, \u00e9crire et mieux parler pour certains. Les 3 textes issus de ces rencontres ont \u00e9t\u00e9 lus par des com\u00e9diens amateurs mis \u00e0 disposition par la <a href=\"https:\/\/www.amiens.fr\/Vivre-a-Amiens\/Culture-Patrimoine\/Etablissements-culturels\/Maison-du-theatre\" target=\"_blank\" rel=\"noreferrer noopener\" aria-label=\"Maison du Th\u00e9\u00e2tre (s\u2019ouvre dans un nouvel onglet)\"><strong>Maison du Th\u00e9\u00e2tre<\/strong><\/a> d&#8217;Amiens. <strong>C\u00e9dric Bonfils<\/strong> a \u00e9galement rencontr\u00e9 un groupe de l&#8217;ESAT Unapei 60 de Longueil-Sainte-Marie et <strong>Olivier Gosse<\/strong> un groupe de Doullens. <\/p>\n\n\n\n<div style=\"height:20px\" aria-hidden=\"true\" class=\"wp-block-spacer\"><\/div>\n\n\n\n<p>Voici les textes. Vous pouvez cliquer sur <span style=\"color:#007fac; text-decoration: underline; font-weight: bold;\"> le titre<\/span> pour t\u00e9l\u00e9charger le texte (au cas o\u00f9 celui-ci n\u2019appara\u00eetrait pas). <\/p>\n\n\n\n<div style=\"height:20px\" aria-hidden=\"true\" class=\"wp-block-spacer\"><\/div>\n\n\n\n<h4 class=\"wp-block-heading\"><a href=\"http:\/\/www.assocardan.org\/PDF\/MA_PAROLE2020\/Transmission_et_Refus.pdf\" target=\"_blank\" rel=\"noreferrer noopener\" aria-label=\"Transmission et Refus (s\u2019ouvre dans un nouvel onglet)\">Transmission et Refus<\/a><\/h4>\n\n\n\n<figure class=\"wp-block-embed-youtube wp-block-embed is-type-video is-provider-youtube wp-embed-aspect-16-9 wp-has-aspect-ratio\"><div class=\"wp-block-embed__wrapper\">\n<iframe loading=\"lazy\" title=\"Transmission et refus\" width=\"1140\" height=\"641\" src=\"https:\/\/www.youtube.com\/embed\/TRDrxRYOlM4?feature=oembed\" frameborder=\"0\" allow=\"accelerometer; autoplay; clipboard-write; encrypted-media; gyroscope; picture-in-picture\" allowfullscreen><\/iframe>\n<\/div><\/figure>\n\n\n\n<iframe src=\"\/\/docs.google.com\/viewer?url=http%3A%2F%2Fwww.assocardan.org%2FPDF%2FMA_PAROLE2020%2FTransmission_et_Refus.pdf&hl=fr&embedded=true\" class=\"gde-frame\" style=\"width:100%; height:500px; border: none;\" scrolling=\"no\"><\/iframe>\n<p class=\"gde-text\"><a href=\"http:\/\/www.assocardan.org\/PDF\/MA_PAROLE2020\/Transmission_et_Refus.pdf\" class=\"gde-link\">T\u00e9l\u00e9charger (PDF, 68KB)<\/a><\/p>\n\n\n\n<div style=\"height:20px\" aria-hidden=\"true\" class=\"wp-block-spacer\"><\/div>\n\n\n\n<h4 class=\"wp-block-heading\"><a href=\"http:\/\/www.assocardan.org\/PDF\/MA_PAROLE2020\/Je_suis_partie.pdf\" target=\"_blank\" rel=\"noreferrer noopener\" aria-label=\"Je suis partie (s\u2019ouvre dans un nouvel onglet)\">Je suis partie<\/a><\/h4>\n\n\n\n<figure class=\"wp-block-embed-youtube wp-block-embed is-type-video is-provider-youtube wp-embed-aspect-16-9 wp-has-aspect-ratio\"><div class=\"wp-block-embed__wrapper\">\n<iframe loading=\"lazy\" title=\"Je suis partie\" width=\"1140\" height=\"641\" src=\"https:\/\/www.youtube.com\/embed\/yyGJK7dwzsA?feature=oembed\" frameborder=\"0\" allow=\"accelerometer; autoplay; clipboard-write; encrypted-media; gyroscope; picture-in-picture\" allowfullscreen><\/iframe>\n<\/div><\/figure>\n\n\n\n<iframe src=\"\/\/docs.google.com\/viewer?url=http%3A%2F%2Fwww.assocardan.org%2FPDF%2FMA_PAROLE2020%2FJe_suis_partie.pdf&hl=fr&embedded=true\" class=\"gde-frame\" style=\"width:100%; height:500px; border: none;\" scrolling=\"no\"><\/iframe>\n<p class=\"gde-text\"><a href=\"http:\/\/www.assocardan.org\/PDF\/MA_PAROLE2020\/Je_suis_partie.pdf\" class=\"gde-link\">T\u00e9l\u00e9charger (PDF, 56KB)<\/a><\/p>\n\n\n\n<div style=\"height:20px\" aria-hidden=\"true\" class=\"wp-block-spacer\"><\/div>\n\n\n\n<h4 class=\"wp-block-heading\"><a href=\"http:\/\/www.assocardan.org\/PDF\/MA_PAROLE2020\/Tout_le_monde_a_peur_de_tout_le_monde.pdf\" target=\"_blank\" rel=\"noreferrer noopener\" aria-label=\"Tout le monde a peur de tout le monde (s\u2019ouvre dans un nouvel onglet)\">Tout le monde a peur de tout le monde<\/a><\/h4>\n\n\n\n<figure class=\"wp-block-embed-youtube wp-block-embed is-type-video is-provider-youtube wp-embed-aspect-16-9 wp-has-aspect-ratio\"><div class=\"wp-block-embed__wrapper\">\n<iframe loading=\"lazy\" title=\"Tout le monde a peur de tout le monde\" width=\"1140\" height=\"641\" src=\"https:\/\/www.youtube.com\/embed\/_2qCQNn6cMM?feature=oembed\" frameborder=\"0\" allow=\"accelerometer; autoplay; clipboard-write; encrypted-media; gyroscope; picture-in-picture\" allowfullscreen><\/iframe>\n<\/div><\/figure>\n\n\n\n<iframe src=\"\/\/docs.google.com\/viewer?url=http%3A%2F%2Fwww.assocardan.org%2FPDF%2FMA_PAROLE2020%2FTout_le_monde_a_peur_de_tout_le_monde.pdf&hl=fr&embedded=true\" class=\"gde-frame\" style=\"width:100%; height:500px; border: none;\" scrolling=\"no\"><\/iframe>\n<p class=\"gde-text\"><a href=\"http:\/\/www.assocardan.org\/PDF\/MA_PAROLE2020\/Tout_le_monde_a_peur_de_tout_le_monde.pdf\" class=\"gde-link\">T\u00e9l\u00e9charger (PDF, 57KB)<\/a><\/p>\n\n\n\n<div style=\"height:20px\" aria-hidden=\"true\" class=\"wp-block-spacer\"><\/div>\n\n\n\n<h4 class=\"wp-block-heading\"><a href=\"http:\/\/www.assocardan.org\/PDF\/MA_PAROLE2020\/Si_t_as_pas_internet.pdf\" target=\"_blank\" rel=\"noreferrer noopener\" aria-label=\"Si t'as pas Internet (s\u2019ouvre dans un nouvel onglet)\">Si t&#8217;as pas Internet<\/a><\/h4>\n\n\n\n<figure class=\"wp-block-embed-youtube wp-block-embed is-type-video is-provider-youtube wp-embed-aspect-16-9 wp-has-aspect-ratio\"><div class=\"wp-block-embed__wrapper\">\n<iframe loading=\"lazy\" title=\"Si t&#039;as pas internet\" width=\"1140\" height=\"641\" src=\"https:\/\/www.youtube.com\/embed\/2K_4RAD8VD8?feature=oembed\" frameborder=\"0\" allow=\"accelerometer; autoplay; clipboard-write; encrypted-media; gyroscope; picture-in-picture\" allowfullscreen><\/iframe>\n<\/div><\/figure>\n\n\n\n<iframe src=\"\/\/docs.google.com\/viewer?url=http%3A%2F%2Fwww.assocardan.org%2FPDF%2FMA_PAROLE2020%2FSi_t_as_pas_internet.pdf&hl=fr&embedded=true\" class=\"gde-frame\" style=\"width:100%; height:500px; border: none;\" scrolling=\"no\"><\/iframe>\n<p class=\"gde-text\"><a href=\"http:\/\/www.assocardan.org\/PDF\/MA_PAROLE2020\/Si_t_as_pas_internet.pdf\" class=\"gde-link\">T\u00e9l\u00e9charger (PDF, 55KB)<\/a><\/p>\n\n\n\n<div style=\"height:20px\" aria-hidden=\"true\" class=\"wp-block-spacer\"><\/div>\n\n\n\n<h4 class=\"wp-block-heading\"><a href=\"http:\/\/www.assocardan.org\/PDF\/MA_PAROLE2020\/Ca_depend_de_quel_pied_gauche.pdf\" target=\"_blank\" rel=\"noreferrer noopener\" aria-label=\"\u00c7a d\u00e9pend de quel pied gauche\u2026 (s\u2019ouvre dans un nouvel onglet)\">\u00c7a d\u00e9pend de quel pied gauche\u2026<\/a><\/h4>\n\n\n\n<figure class=\"wp-block-embed-youtube wp-block-embed is-type-video is-provider-youtube wp-embed-aspect-16-9 wp-has-aspect-ratio\"><div class=\"wp-block-embed__wrapper\">\n<iframe loading=\"lazy\" title=\"\u00c7a d\u00e9pend de quel pied gauche\" width=\"1140\" height=\"641\" src=\"https:\/\/www.youtube.com\/embed\/yxVmfYUKH7c?feature=oembed\" frameborder=\"0\" allow=\"accelerometer; autoplay; clipboard-write; encrypted-media; gyroscope; picture-in-picture\" allowfullscreen><\/iframe>\n<\/div><\/figure>\n\n\n\n<iframe src=\"\/\/docs.google.com\/viewer?url=http%3A%2F%2Fwww.assocardan.org%2FPDF%2FMA_PAROLE2020%2FCa_depend_de_quel_pied_gauche.pdf&hl=fr&embedded=true\" class=\"gde-frame\" style=\"width:100%; height:500px; border: none;\" scrolling=\"no\"><\/iframe>\n<p class=\"gde-text\"><a href=\"http:\/\/www.assocardan.org\/PDF\/MA_PAROLE2020\/Ca_depend_de_quel_pied_gauche.pdf\" class=\"gde-link\">T\u00e9l\u00e9charger (PDF, 61KB)<\/a><\/p>\n\n\n\n<p><\/p>\n\n\n\n<div style=\"height:50px\" aria-hidden=\"true\" class=\"wp-block-spacer\"><\/div>\n\n\n\n<p>Une causerie savante et populaire fut organis\u00e9, en visioconf\u00e9rence, avec <strong>Bruno Poucet<\/strong>, <strong>Julien Cahon<\/strong> et <strong>Claude Leli\u00e8vre<\/strong>, au sujet de l&#8217;\u00e9cole et du refus.  La vid\u00e9o sera prochainement disponible sur <a rel=\"noreferrer noopener\" aria-label=\"citephilo.org (s\u2019ouvre dans un nouvel onglet)\" href=\"http:\/\/www.citephilo.org\/\" target=\"_blank\"><strong>citephilo.org<\/strong><\/a>.<\/p>\n","protected":false},"excerpt":{"rendered":"<p>Le 12 d\u00e9cembre 2020, l&#8217;association Cardan a organis\u00e9 Ma Parole&#8230; dans des conditions un peu particuli\u00e8res, compte tenu de la situation sanitaire.<\/p>\n","protected":false},"author":1,"featured_media":8339,"comment_status":"closed","ping_status":"closed","sticky":false,"template":"","format":"standard","meta":{"footnotes":""},"categories":[221],"tags":[126,344,415,413,107,30,342,414],"class_list":["post-8336","post","type-post","status-publish","format-standard","has-post-thumbnail","hentry","category-ma-parole","tag-amiens","tag-cedric-bonfils","tag-citephilo","tag-eddy-pallaro","tag-festival-ma-parole","tag-le-cardan","tag-maison-du-theatre","tag-olivier-gosse"],"_links":{"self":[{"href":"https:\/\/www.assocardan.org\/index.php?rest_route=\/wp\/v2\/posts\/8336","targetHints":{"allow":["GET"]}}],"collection":[{"href":"https:\/\/www.assocardan.org\/index.php?rest_route=\/wp\/v2\/posts"}],"about":[{"href":"https:\/\/www.assocardan.org\/index.php?rest_route=\/wp\/v2\/types\/post"}],"author":[{"embeddable":true,"href":"https:\/\/www.assocardan.org\/index.php?rest_route=\/wp\/v2\/users\/1"}],"replies":[{"embeddable":true,"href":"https:\/\/www.assocardan.org\/index.php?rest_route=%2Fwp%2Fv2%2Fcomments&post=8336"}],"version-history":[{"count":21,"href":"https:\/\/www.assocardan.org\/index.php?rest_route=\/wp\/v2\/posts\/8336\/revisions"}],"predecessor-version":[{"id":8380,"href":"https:\/\/www.assocardan.org\/index.php?rest_route=\/wp\/v2\/posts\/8336\/revisions\/8380"}],"wp:featuredmedia":[{"embeddable":true,"href":"https:\/\/www.assocardan.org\/index.php?rest_route=\/wp\/v2\/media\/8339"}],"wp:attachment":[{"href":"https:\/\/www.assocardan.org\/index.php?rest_route=%2Fwp%2Fv2%2Fmedia&parent=8336"}],"wp:term":[{"taxonomy":"category","embeddable":true,"href":"https:\/\/www.assocardan.org\/index.php?rest_route=%2Fwp%2Fv2%2Fcategories&post=8336"},{"taxonomy":"post_tag","embeddable":true,"href":"https:\/\/www.assocardan.org\/index.php?rest_route=%2Fwp%2Fv2%2Ftags&post=8336"}],"curies":[{"name":"wp","href":"https:\/\/api.w.org\/{rel}","templated":true}]}}