{"id":8481,"date":"2021-05-27T00:03:54","date_gmt":"2021-05-26T22:03:54","guid":{"rendered":"http:\/\/www.assocardan.org\/?p=8481"},"modified":"2021-05-27T09:27:46","modified_gmt":"2021-05-27T07:27:46","slug":"leitura-furiosa-2021-les-tontons-zonzon","status":"publish","type":"post","link":"https:\/\/www.assocardan.org\/?p=8481","title":{"rendered":"[Leitura Furiosa 2021] &#8211; Les tontons zonzon"},"content":{"rendered":"\n<p>Un texte \u00e9crit par <strong>G\u00e9rard Alle<\/strong> avec Alexis, Franck, J\u00e9r\u00f4me, Djamal, Daniel et Dimitri.<\/p>\n\n\n\n<p>Il est illustr\u00e9 par <strong>V\u00e9ronique Groseil<\/strong>.<\/p>\n\n\n\n<!--more-->\n\n\n\n<div style=\"height:40px\" aria-hidden=\"true\" class=\"wp-block-spacer\"><\/div>\n\n\n\n<p><em>En cas de probl\u00e8me d&#8217;affichage du texte, vous pouvez <strong><a href=\"http:\/\/www.assocardan.org\/PDF\/LEITURA2021\/affiches_LF21\/alle%20affiche%202021%20vecto.pdf\" target=\"_blank\" rel=\"noreferrer noopener\">t\u00e9l\u00e9charger le fichier PDF<\/a><\/strong>.<\/em><\/p>\n\n\n<iframe src=\"\/\/docs.google.com\/viewer?url=http%3A%2F%2Fwww.assocardan.org%2FPDF%2FLEITURA2021%2Faffiches_LF21%2Falle%2520affiche%25202021%2520vecto.pdf&hl=fr&embedded=true\" class=\"gde-frame\" style=\"width:100%; height:500px; border: none;\" scrolling=\"no\"><\/iframe>\n<p class=\"gde-text\"><a href=\"http:\/\/www.assocardan.org\/PDF\/LEITURA2021\/affiches_LF21\/alle%20affiche%202021%20vecto.pdf\" class=\"gde-link\">T\u00e9l\u00e9charger (PDF, 1.45Mo)<\/a><\/p>\n\n\n\n<div style=\"height:40px\" aria-hidden=\"true\" class=\"wp-block-spacer\"><\/div>\n\n\n\n<figure class=\"wp-block-embed is-type-video is-provider-youtube wp-block-embed-youtube wp-embed-aspect-16-9 wp-has-aspect-ratio\"><div class=\"wp-block-embed__wrapper\">\n<iframe loading=\"lazy\" title=\"LEITURA FURIOSA 2021 : Les tontons zonzon\" width=\"1140\" height=\"641\" src=\"https:\/\/www.youtube.com\/embed\/VMeMI32CfhU?feature=oembed\" frameborder=\"0\" allow=\"accelerometer; autoplay; clipboard-write; encrypted-media; gyroscope; picture-in-picture\" allowfullscreen><\/iframe>\n<\/div><\/figure>\n","protected":false},"excerpt":{"rendered":"<p>Un texte \u00e9crit par G\u00e9rard Alle avec Alexis, Franck, J\u00e9r\u00f4me, Djamal, Daniel et Dimitri. Il est illustr\u00e9 par V\u00e9ronique Groseil.<\/p>\n","protected":false},"author":1,"featured_media":0,"comment_status":"closed","ping_status":"closed","sticky":false,"template":"","format":"standard","meta":{"footnotes":""},"categories":[204,416,424],"tags":[309,44,417],"class_list":["post-8481","post","type-post","status-publish","format-standard","hentry","category-leitura-furiosa","category-leitura-furiosa-2021","category-textes-de-leitura-furiosa-2021","tag-gerard-alle","tag-leitura-furiosa","tag-leitura-furiosa-2021"],"_links":{"self":[{"href":"https:\/\/www.assocardan.org\/index.php?rest_route=\/wp\/v2\/posts\/8481","targetHints":{"allow":["GET"]}}],"collection":[{"href":"https:\/\/www.assocardan.org\/index.php?rest_route=\/wp\/v2\/posts"}],"about":[{"href":"https:\/\/www.assocardan.org\/index.php?rest_route=\/wp\/v2\/types\/post"}],"author":[{"embeddable":true,"href":"https:\/\/www.assocardan.org\/index.php?rest_route=\/wp\/v2\/users\/1"}],"replies":[{"embeddable":true,"href":"https:\/\/www.assocardan.org\/index.php?rest_route=%2Fwp%2Fv2%2Fcomments&post=8481"}],"version-history":[{"count":6,"href":"https:\/\/www.assocardan.org\/index.php?rest_route=\/wp\/v2\/posts\/8481\/revisions"}],"predecessor-version":[{"id":8515,"href":"https:\/\/www.assocardan.org\/index.php?rest_route=\/wp\/v2\/posts\/8481\/revisions\/8515"}],"wp:attachment":[{"href":"https:\/\/www.assocardan.org\/index.php?rest_route=%2Fwp%2Fv2%2Fmedia&parent=8481"}],"wp:term":[{"taxonomy":"category","embeddable":true,"href":"https:\/\/www.assocardan.org\/index.php?rest_route=%2Fwp%2Fv2%2Fcategories&post=8481"},{"taxonomy":"post_tag","embeddable":true,"href":"https:\/\/www.assocardan.org\/index.php?rest_route=%2Fwp%2Fv2%2Ftags&post=8481"}],"curies":[{"name":"wp","href":"https:\/\/api.w.org\/{rel}","templated":true}]}}