{"id":8624,"date":"2021-10-15T12:31:29","date_gmt":"2021-10-15T10:31:29","guid":{"rendered":"https:\/\/www.assocardan.org\/?p=8624"},"modified":"2021-12-02T13:46:53","modified_gmt":"2021-12-02T12:46:53","slug":"france-bleu-picardie-lillettrisme-est-un-symptome-dun-mal-beaucoup-plus-grand-quest-la-pauvrete","status":"publish","type":"post","link":"https:\/\/www.assocardan.org\/?p=8624","title":{"rendered":"France Bleu Picardie : &#8220;L&#8217;illettrisme est un sympt\u00f4me d&#8217;un mal beaucoup plus grand qu&#8217;est la pauvret\u00e9&#8230;&#8221;"},"content":{"rendered":"\n<p>\u00c0 l\u2019occasion des journ\u00e9es de lutte contre l\u2019illettrisme d\u00e9but\u00e9 le 6 septembre 2021, <a href=\"https:\/\/www.francebleu.fr\/\" target=\"_blank\" rel=\"noreferrer noopener\">France Bleu Picardie<\/a> a publi\u00e9 un article mardi 7 septembre 2021.<\/p>\n\n\n\n<!--more-->\n\n\n\n<div style=\"height:20px\" aria-hidden=\"true\" class=\"wp-block-spacer\"><\/div>\n\n\n\n<h4 class=\"wp-block-heading\">Vous pouvez lire l&#8217;article en cliquant sur <strong><a rel=\"noreferrer noopener\" href=\"https:\/\/www.francebleu.fr\/infos\/societe\/l-illetrisme-est-un-symptome-d-un-mal-beaucoup-plus-grand-qu-est-la-pauvrete-dit-le-coordinateur-de-1630996820\" data-type=\"URL\" data-id=\"https:\/\/www.francebleu.fr\/infos\/societe\/l-illetrisme-est-un-symptome-d-un-mal-beaucoup-plus-grand-qu-est-la-pauvrete-dit-le-coordinateur-de-1630996820\" target=\"_blank\">ce lien<\/a><\/strong>.<\/h4>\n\n\n\n<div style=\"height:20px\" aria-hidden=\"true\" class=\"wp-block-spacer\"><\/div>\n\n\n\n<figure class=\"wp-block-gallery columns-1 is-cropped wp-block-gallery-1 is-layout-flex wp-block-gallery-is-layout-flex\"><ul class=\"blocks-gallery-grid\"><li class=\"blocks-gallery-item\"><figure><img loading=\"lazy\" decoding=\"async\" width=\"923\" height=\"519\" src=\"http:\/\/www.assocardan.org\/wp-content\/uploads\/2021\/10\/France_Bleu-illettrisme.png\" alt=\"\" data-id=\"8645\" class=\"wp-image-8645\" srcset=\"https:\/\/www.assocardan.org\/wp-content\/uploads\/2021\/10\/France_Bleu-illettrisme.png 923w, https:\/\/www.assocardan.org\/wp-content\/uploads\/2021\/10\/France_Bleu-illettrisme-300x169.png 300w, https:\/\/www.assocardan.org\/wp-content\/uploads\/2021\/10\/France_Bleu-illettrisme-750x422.png 750w, https:\/\/www.assocardan.org\/wp-content\/uploads\/2021\/10\/France_Bleu-illettrisme-400x225.png 400w, https:\/\/www.assocardan.org\/wp-content\/uploads\/2021\/10\/France_Bleu-illettrisme-430x242.png 430w, https:\/\/www.assocardan.org\/wp-content\/uploads\/2021\/10\/France_Bleu-illettrisme-150x84.png 150w, https:\/\/www.assocardan.org\/wp-content\/uploads\/2021\/10\/France_Bleu-illettrisme-100x56.png 100w\" sizes=\"auto, (max-width: 923px) 100vw, 923px\" \/><figcaption class=\"blocks-gallery-item__caption\"><em>Photo de <strong>Bastien Roques<\/strong> &#8211; <strong>Radio France<\/strong><\/em><\/figcaption><\/figure><\/li><\/ul><\/figure>\n","protected":false},"excerpt":{"rendered":"<p>\u00c0 l\u2019occasion des journ\u00e9es de lutte contre l\u2019illettrisme d\u00e9but\u00e9 le 6 septembre 2021, France Bleu Picardie a publi\u00e9 un article mardi 7 septembre 2021.<\/p>\n","protected":false},"author":1,"featured_media":8645,"comment_status":"closed","ping_status":"closed","sticky":false,"template":"","format":"standard","meta":{"footnotes":""},"categories":[90],"tags":[421,405,217,366],"class_list":["post-8624","post","type-post","status-publish","format-standard","has-post-thumbnail","hentry","category-revue-de-presse","tag-cardan","tag-formation","tag-france-bleu-picardie","tag-illettrisme"],"_links":{"self":[{"href":"https:\/\/www.assocardan.org\/index.php?rest_route=\/wp\/v2\/posts\/8624","targetHints":{"allow":["GET"]}}],"collection":[{"href":"https:\/\/www.assocardan.org\/index.php?rest_route=\/wp\/v2\/posts"}],"about":[{"href":"https:\/\/www.assocardan.org\/index.php?rest_route=\/wp\/v2\/types\/post"}],"author":[{"embeddable":true,"href":"https:\/\/www.assocardan.org\/index.php?rest_route=\/wp\/v2\/users\/1"}],"replies":[{"embeddable":true,"href":"https:\/\/www.assocardan.org\/index.php?rest_route=%2Fwp%2Fv2%2Fcomments&post=8624"}],"version-history":[{"count":16,"href":"https:\/\/www.assocardan.org\/index.php?rest_route=\/wp\/v2\/posts\/8624\/revisions"}],"predecessor-version":[{"id":8649,"href":"https:\/\/www.assocardan.org\/index.php?rest_route=\/wp\/v2\/posts\/8624\/revisions\/8649"}],"wp:featuredmedia":[{"embeddable":true,"href":"https:\/\/www.assocardan.org\/index.php?rest_route=\/wp\/v2\/media\/8645"}],"wp:attachment":[{"href":"https:\/\/www.assocardan.org\/index.php?rest_route=%2Fwp%2Fv2%2Fmedia&parent=8624"}],"wp:term":[{"taxonomy":"category","embeddable":true,"href":"https:\/\/www.assocardan.org\/index.php?rest_route=%2Fwp%2Fv2%2Fcategories&post=8624"},{"taxonomy":"post_tag","embeddable":true,"href":"https:\/\/www.assocardan.org\/index.php?rest_route=%2Fwp%2Fv2%2Ftags&post=8624"}],"curies":[{"name":"wp","href":"https:\/\/api.w.org\/{rel}","templated":true}]}}