{"id":8935,"date":"2022-01-14T14:25:39","date_gmt":"2022-01-14T13:25:39","guid":{"rendered":"https:\/\/www.assocardan.org\/?p=8935"},"modified":"2022-01-14T14:25:41","modified_gmt":"2022-01-14T13:25:41","slug":"partir-en-livre-2021-chansons-de-marins-ecrites-a-lespace-lecture-cardan","status":"publish","type":"post","link":"https:\/\/www.assocardan.org\/?p=8935","title":{"rendered":"Partir en livre 2021 &#8211; Chansons de marins \u00e9crites \u00e0 l&#8217;espace lecture Cardan"},"content":{"rendered":"\n<p>Nous vous proposons 2 chansons, \u00e9crites \u00e0 l&#8217;Espace lecture Balzac sur le bateau pirate post\u00e9 devant l\u2019Espace Lecture, en compagnie de Nicolas Jaillet, \u00e0 l&#8217;occasion de Partir en livre.<\/p>\n\n\n\n<!--more-->\n\n\n\n<div style=\"height:50px\" aria-hidden=\"true\" class=\"wp-block-spacer\"><\/div>\n\n\n\n<p><strong>La mer et les merveilles<\/strong> :<\/p>\n\n\n\n<figure class=\"wp-block-audio\"><audio controls src=\"http:\/\/www.assocardan.org\/audio\/partir_en_livre\/La%20mer%20et%20les%20merveilles.mp3\"><\/audio><\/figure>\n\n\n\n<div style=\"height:40px\" aria-hidden=\"true\" class=\"wp-block-spacer\"><\/div>\n\n\n\n<p><strong>La sire\u0300ne :<\/strong><\/p>\n\n\n\n<figure class=\"wp-block-audio\"><audio controls src=\"http:\/\/www.assocardan.org\/audio\/partir_en_livre\/La%20sire%CC%80ne.mp3\"><\/audio><\/figure>\n","protected":false},"excerpt":{"rendered":"<p>Nous vous proposons 2 chansons, \u00e9crites \u00e0 l&#8217;Espace lecture Balzac sur le bateau pirate post\u00e9 devant l\u2019Espace Lecture, en compagnie de Nicolas Jaillet, \u00e0 l&#8217;occasion de Partir en livre.<\/p>\n","protected":false},"author":1,"featured_media":0,"comment_status":"closed","ping_status":"closed","sticky":false,"template":"","format":"standard","meta":{"footnotes":""},"categories":[396],"tags":[126,421,412,315,277],"class_list":["post-8935","post","type-post","status-publish","format-standard","hentry","category-partir-en-livre","tag-amiens","tag-cardan","tag-espace-lecture-balzac","tag-nicolas-jaillet","tag-partir-en-livre"],"_links":{"self":[{"href":"https:\/\/www.assocardan.org\/index.php?rest_route=\/wp\/v2\/posts\/8935","targetHints":{"allow":["GET"]}}],"collection":[{"href":"https:\/\/www.assocardan.org\/index.php?rest_route=\/wp\/v2\/posts"}],"about":[{"href":"https:\/\/www.assocardan.org\/index.php?rest_route=\/wp\/v2\/types\/post"}],"author":[{"embeddable":true,"href":"https:\/\/www.assocardan.org\/index.php?rest_route=\/wp\/v2\/users\/1"}],"replies":[{"embeddable":true,"href":"https:\/\/www.assocardan.org\/index.php?rest_route=%2Fwp%2Fv2%2Fcomments&post=8935"}],"version-history":[{"count":5,"href":"https:\/\/www.assocardan.org\/index.php?rest_route=\/wp\/v2\/posts\/8935\/revisions"}],"predecessor-version":[{"id":8940,"href":"https:\/\/www.assocardan.org\/index.php?rest_route=\/wp\/v2\/posts\/8935\/revisions\/8940"}],"wp:attachment":[{"href":"https:\/\/www.assocardan.org\/index.php?rest_route=%2Fwp%2Fv2%2Fmedia&parent=8935"}],"wp:term":[{"taxonomy":"category","embeddable":true,"href":"https:\/\/www.assocardan.org\/index.php?rest_route=%2Fwp%2Fv2%2Fcategories&post=8935"},{"taxonomy":"post_tag","embeddable":true,"href":"https:\/\/www.assocardan.org\/index.php?rest_route=%2Fwp%2Fv2%2Ftags&post=8935"}],"curies":[{"name":"wp","href":"https:\/\/api.w.org\/{rel}","templated":true}]}}