{"id":9168,"date":"2022-09-15T15:25:34","date_gmt":"2022-09-15T13:25:34","guid":{"rendered":"https:\/\/www.assocardan.org\/?p=9168"},"modified":"2022-10-18T19:37:49","modified_gmt":"2022-10-18T17:37:49","slug":"reportage-du-14-septembre-2021-au-12-13-de-france-3-picardie","status":"publish","type":"post","link":"https:\/\/www.assocardan.org\/?p=9168","title":{"rendered":"Reportage du 14 septembre 2022 au 12\/13 de France 3 Picardie"},"content":{"rendered":"\n<p><strong>France 3<\/strong> a diffus\u00e9, mercredi 14 septembre au journal t\u00e9l\u00e9vis\u00e9 de France 3 Picardie, un reportage \u00e0 l&#8217;occasion de la journ\u00e9e de l&#8217;illettrisme.<\/p>\n\n\n\n<!--more-->\n\n\n\n<div style=\"height:10px\" aria-hidden=\"true\" class=\"wp-block-spacer\"><\/div>\n\n\n\n<p>Il nous pr\u00e9sente l&#8217;association <a href=\"http:\/\/aideq.fr\/\" target=\"_blank\" rel=\"noreferrer noopener\">AIDEQ <\/a>et leurs actions d&#8217;insertion pour le d\u00e9veloppement de l&#8217;emploi et de la qualification \u00e0 Chauny (Aisne).<\/p>\n\n\n\n<p>Jean-Christophe Iriarte Arriola, coordinateur de l&#8217;<strong>association<\/strong> <strong>Cardan<\/strong>, est invit\u00e9 \u00e0 r\u00e9pondre aux questions sur l&#8217;illettrisme.<\/p>\n\n\n\n<div style=\"height:50px\" aria-hidden=\"true\" class=\"wp-block-spacer\"><\/div>\n\n\n\n<figure class=\"wp-block-embed is-type-video is-provider-youtube wp-block-embed-youtube wp-embed-aspect-16-9 wp-has-aspect-ratio\"><div class=\"wp-block-embed__wrapper\">\n<iframe loading=\"lazy\" title=\"JT de France 3 Picardie du 14 septembre 2022\" width=\"1140\" height=\"641\" src=\"https:\/\/www.youtube.com\/embed\/vrQolT3kku0?feature=oembed\" frameborder=\"0\" allow=\"accelerometer; autoplay; clipboard-write; encrypted-media; gyroscope; picture-in-picture\" allowfullscreen><\/iframe>\n<\/div><\/figure>\n","protected":false},"excerpt":{"rendered":"<p>France 3 a diffus\u00e9, mercredi 14 septembre au journal t\u00e9l\u00e9vis\u00e9 de France 3 Picardie, un reportage \u00e0 l&#8217;occasion de la journ\u00e9e de l&#8217;illettrisme.<\/p>\n","protected":false},"author":1,"featured_media":0,"comment_status":"closed","ping_status":"closed","sticky":false,"template":"","format":"standard","meta":{"footnotes":""},"categories":[90],"tags":[456,421,457,301,366],"class_list":["post-9168","post","type-post","status-publish","format-standard","hentry","category-revue-de-presse","tag-aideq","tag-cardan","tag-chauny","tag-france-3","tag-illettrisme"],"_links":{"self":[{"href":"https:\/\/www.assocardan.org\/index.php?rest_route=\/wp\/v2\/posts\/9168","targetHints":{"allow":["GET"]}}],"collection":[{"href":"https:\/\/www.assocardan.org\/index.php?rest_route=\/wp\/v2\/posts"}],"about":[{"href":"https:\/\/www.assocardan.org\/index.php?rest_route=\/wp\/v2\/types\/post"}],"author":[{"embeddable":true,"href":"https:\/\/www.assocardan.org\/index.php?rest_route=\/wp\/v2\/users\/1"}],"replies":[{"embeddable":true,"href":"https:\/\/www.assocardan.org\/index.php?rest_route=%2Fwp%2Fv2%2Fcomments&post=9168"}],"version-history":[{"count":6,"href":"https:\/\/www.assocardan.org\/index.php?rest_route=\/wp\/v2\/posts\/9168\/revisions"}],"predecessor-version":[{"id":9175,"href":"https:\/\/www.assocardan.org\/index.php?rest_route=\/wp\/v2\/posts\/9168\/revisions\/9175"}],"wp:attachment":[{"href":"https:\/\/www.assocardan.org\/index.php?rest_route=%2Fwp%2Fv2%2Fmedia&parent=9168"}],"wp:term":[{"taxonomy":"category","embeddable":true,"href":"https:\/\/www.assocardan.org\/index.php?rest_route=%2Fwp%2Fv2%2Fcategories&post=9168"},{"taxonomy":"post_tag","embeddable":true,"href":"https:\/\/www.assocardan.org\/index.php?rest_route=%2Fwp%2Fv2%2Ftags&post=9168"}],"curies":[{"name":"wp","href":"https:\/\/api.w.org\/{rel}","templated":true}]}}