{"id":9180,"date":"2022-11-29T20:45:38","date_gmt":"2022-11-29T19:45:38","guid":{"rendered":"https:\/\/www.assocardan.org\/?p=9180"},"modified":"2022-11-29T20:45:39","modified_gmt":"2022-11-29T19:45:39","slug":"ma-parole-le-10-decembre-2022-a-la-maison-du-theatre-damiens","status":"publish","type":"post","link":"https:\/\/www.assocardan.org\/?p=9180","title":{"rendered":"Ma Parole, le 10 d\u00e9cembre 2022, \u00e0 la Maison du th\u00e9\u00e2tre d&#8217;Amiens"},"content":{"rendered":"\n<p class=\"has-text-align-center\" style=\"font-size:25px\"><em>\u00ab Nous ne sommes pas des machines \u00bb<\/em><\/p>\n\n\n\n<div style=\"height:50px\" aria-hidden=\"true\" class=\"wp-block-spacer\"><\/div>\n\n\n\n<p>Le th\u00e8me vous inspire ?<\/p>\n\n\n\n<p>Vous avez envie de partager une journ\u00e9e d&#8217;\u00e9changes et de convivialit\u00e9 ?<\/p>\n\n\n\n<p>Ce festival de la parole vous permettra alors de vous exprimer.<\/p>\n\n\n\n<p><strong>Samedi 10 d\u00e9cembre 2022<\/strong>, \u00e0 partir de <strong>10h30 <\/strong>\u00e0 la <strong>Maison du th\u00e9\u00e2tre d&#8217;Amiens<\/strong>, la r\u00e9flexion et les id\u00e9es de chacun seront \u00e0 l&#8217;honneur.<\/p>\n\n\n\n<div style=\"height:50px\" aria-hidden=\"true\" class=\"wp-block-spacer\"><\/div>\n\n\n\n<div class=\"wp-block-columns is-layout-flex wp-container-core-columns-is-layout-9d6595d7 wp-block-columns-is-layout-flex\">\n<div class=\"wp-block-column is-layout-flow wp-block-column-is-layout-flow\">\n<figure class=\"wp-block-image size-large\"><a href=\"http:\/\/www.assocardan.org\/wp-content\/uploads\/2022\/11\/MP_22.pdf\" target=\"_blank\" rel=\"noopener\"><img loading=\"lazy\" decoding=\"async\" width=\"298\" height=\"421\" src=\"http:\/\/www.assocardan.org\/wp-content\/uploads\/2022\/11\/MP_22.jpeg\" alt=\"\" class=\"wp-image-9178\" srcset=\"https:\/\/www.assocardan.org\/wp-content\/uploads\/2022\/11\/MP_22.jpeg 298w, https:\/\/www.assocardan.org\/wp-content\/uploads\/2022\/11\/MP_22-212x300.jpeg 212w, https:\/\/www.assocardan.org\/wp-content\/uploads\/2022\/11\/MP_22-150x212.jpeg 150w, https:\/\/www.assocardan.org\/wp-content\/uploads\/2022\/11\/MP_22-100x141.jpeg 100w\" sizes=\"auto, (max-width: 298px) 100vw, 298px\" \/><\/a><\/figure>\n\n\n\n<p class=\"has-text-align-center has-small-font-size\"><strong>Cliquez sur l&#8217;image pour lire le programme au format PDF.<\/strong><\/p>\n<\/div>\n\n\n\n<div class=\"wp-block-column is-vertically-aligned-top is-layout-flow wp-block-column-is-layout-flow\" style=\"flex-basis:65%\">\n<p><strong>Au programme :<\/strong><\/p>\n\n\n\n<p><strong>10h30 <\/strong>&#8211; Causerie savante et populaire pour r\u00e9fl\u00e9chir ensemble et \u00e9changer.<\/p>\n\n\n\n<p><strong>14h30 <\/strong>&#8211; Lectures propos\u00e9es par diff\u00e9rents groupes.<\/p>\n\n\n\n<p><strong>17h00 <\/strong>&#8211; Rencontre avec Christian Godin, philosophe et essayiste.<\/p>\n<\/div>\n<\/div>\n\n\n\n<p> <\/p>\n","protected":false},"excerpt":{"rendered":"<p>\u00ab Nous ne sommes pas des machines \u00bb Le th\u00e8me vous inspire ? Vous avez envie de partager une journ\u00e9e d&#8217;\u00e9changes et de convivialit\u00e9 ? Ce festival de la parole [&hellip;]<\/p>\n","protected":false},"author":1,"featured_media":9178,"comment_status":"closed","ping_status":"closed","sticky":false,"template":"","format":"standard","meta":{"footnotes":""},"categories":[221],"tags":[126,421,415,107,342],"class_list":["post-9180","post","type-post","status-publish","format-standard","has-post-thumbnail","hentry","category-ma-parole","tag-amiens","tag-cardan","tag-citephilo","tag-festival-ma-parole","tag-maison-du-theatre"],"_links":{"self":[{"href":"https:\/\/www.assocardan.org\/index.php?rest_route=\/wp\/v2\/posts\/9180","targetHints":{"allow":["GET"]}}],"collection":[{"href":"https:\/\/www.assocardan.org\/index.php?rest_route=\/wp\/v2\/posts"}],"about":[{"href":"https:\/\/www.assocardan.org\/index.php?rest_route=\/wp\/v2\/types\/post"}],"author":[{"embeddable":true,"href":"https:\/\/www.assocardan.org\/index.php?rest_route=\/wp\/v2\/users\/1"}],"replies":[{"embeddable":true,"href":"https:\/\/www.assocardan.org\/index.php?rest_route=%2Fwp%2Fv2%2Fcomments&post=9180"}],"version-history":[{"count":6,"href":"https:\/\/www.assocardan.org\/index.php?rest_route=\/wp\/v2\/posts\/9180\/revisions"}],"predecessor-version":[{"id":9186,"href":"https:\/\/www.assocardan.org\/index.php?rest_route=\/wp\/v2\/posts\/9180\/revisions\/9186"}],"wp:featuredmedia":[{"embeddable":true,"href":"https:\/\/www.assocardan.org\/index.php?rest_route=\/wp\/v2\/media\/9178"}],"wp:attachment":[{"href":"https:\/\/www.assocardan.org\/index.php?rest_route=%2Fwp%2Fv2%2Fmedia&parent=9180"}],"wp:term":[{"taxonomy":"category","embeddable":true,"href":"https:\/\/www.assocardan.org\/index.php?rest_route=%2Fwp%2Fv2%2Fcategories&post=9180"},{"taxonomy":"post_tag","embeddable":true,"href":"https:\/\/www.assocardan.org\/index.php?rest_route=%2Fwp%2Fv2%2Ftags&post=9180"}],"curies":[{"name":"wp","href":"https:\/\/api.w.org\/{rel}","templated":true}]}}