{"id":9198,"date":"2023-03-17T09:57:34","date_gmt":"2023-03-17T08:57:34","guid":{"rendered":"https:\/\/www.assocardan.org\/?p=9198"},"modified":"2023-03-17T09:58:28","modified_gmt":"2023-03-17T08:58:28","slug":"assemblee-generale-2023","status":"publish","type":"post","link":"https:\/\/www.assocardan.org\/?p=9198","title":{"rendered":"Assembl\u00e9e g\u00e9n\u00e9rale 2023"},"content":{"rendered":"\n<p class=\"has-text-align-center has-medium-font-size\">Le conseil d\u2019administration du <strong>Cardan<\/strong> vous invite \u00e0 son <\/p>\n\n\n\n<p class=\"has-text-align-center has-large-font-size\"><strong>Assembl\u00e9e G\u00e9n\u00e9rale<\/strong> <\/p>\n\n\n\n<p class=\"has-text-align-center has-large-font-size\">le <strong>mardi 4 avril<\/strong> <strong>2023<\/strong> \u00e0 <strong>18 h<\/strong> <\/p>\n\n\n\n<p class=\"has-text-align-center has-medium-font-size\">au Cardan \u2014 91 rue Saint-Roch \u2014 80000 Amiens. <\/p>\n\n\n\n<p class=\"has-text-align-center has-medium-font-size\">L\u2019accueil est \u00e0 partir de 17h30.<\/p>\n\n\n\n<div style=\"height:50px\" aria-hidden=\"true\" class=\"wp-block-spacer\"><\/div>\n\n\n\n<p><strong>Au programme<\/strong> :<\/p>\n\n\n\n<p>\u00c0 18 h, sont pr\u00e9sent\u00e9s : les diff\u00e9rentes activit\u00e9s du Cardan, les projets et les comptes.<\/p>\n\n\n\n<p>Sont vot\u00e9s : le rapport d\u2019orientation, le budget 2022, le budget pr\u00e9visionnel 2023,<br \/>et les membres du Conseil d\u2019administration.<\/p>\n\n\n\n<p>Vous pouvez manifester votre soutien \u00e0 l\u2019association en adh\u00e9rant. L\u2019adh\u00e9sion annuelle est de 8\u20ac.<\/p>\n\n\n\n<p>Le Cardan peut aussi recevoir des dons en tant qu\u2019association d\u2019int\u00e9r\u00eat g\u00e9n\u00e9ral, ce qui ouvre droit \u00e0 une r\u00e9duction<br \/>d\u2019imp\u00f4ts (jusqu\u2019\u00e0 66 % dans la limite de 20% du revenu net imposable).<\/p>\n\n\n\n<p>Les adh\u00e9sions et les dons permettent la continuit\u00e9 des actions gratuites pour le public, notamment la formation<br \/>pour les adultes et la lecture aux enfants et adultes dans les quartiers.<\/p>\n\n\n\n<p><\/p>\n","protected":false},"excerpt":{"rendered":"<p>Le conseil d\u2019administration du Cardan vous invite \u00e0 son Assembl\u00e9e G\u00e9n\u00e9rale le mardi 4 avril 2023 \u00e0 18 h au Cardan \u2014 91 rue Saint-Roch \u2014 80000 Amiens. L\u2019accueil est [&hellip;]<\/p>\n","protected":false},"author":1,"featured_media":0,"comment_status":"closed","ping_status":"closed","sticky":false,"template":"","format":"standard","meta":{"footnotes":""},"categories":[10],"tags":[126,296,421],"class_list":["post-9198","post","type-post","status-publish","format-standard","hentry","category-cardan","tag-amiens","tag-assemblee-generale","tag-cardan"],"_links":{"self":[{"href":"https:\/\/www.assocardan.org\/index.php?rest_route=\/wp\/v2\/posts\/9198","targetHints":{"allow":["GET"]}}],"collection":[{"href":"https:\/\/www.assocardan.org\/index.php?rest_route=\/wp\/v2\/posts"}],"about":[{"href":"https:\/\/www.assocardan.org\/index.php?rest_route=\/wp\/v2\/types\/post"}],"author":[{"embeddable":true,"href":"https:\/\/www.assocardan.org\/index.php?rest_route=\/wp\/v2\/users\/1"}],"replies":[{"embeddable":true,"href":"https:\/\/www.assocardan.org\/index.php?rest_route=%2Fwp%2Fv2%2Fcomments&post=9198"}],"version-history":[{"count":4,"href":"https:\/\/www.assocardan.org\/index.php?rest_route=\/wp\/v2\/posts\/9198\/revisions"}],"predecessor-version":[{"id":9202,"href":"https:\/\/www.assocardan.org\/index.php?rest_route=\/wp\/v2\/posts\/9198\/revisions\/9202"}],"wp:attachment":[{"href":"https:\/\/www.assocardan.org\/index.php?rest_route=%2Fwp%2Fv2%2Fmedia&parent=9198"}],"wp:term":[{"taxonomy":"category","embeddable":true,"href":"https:\/\/www.assocardan.org\/index.php?rest_route=%2Fwp%2Fv2%2Fcategories&post=9198"},{"taxonomy":"post_tag","embeddable":true,"href":"https:\/\/www.assocardan.org\/index.php?rest_route=%2Fwp%2Fv2%2Ftags&post=9198"}],"curies":[{"name":"wp","href":"https:\/\/api.w.org\/{rel}","templated":true}]}}