{"id":9269,"date":"2023-06-01T15:00:00","date_gmt":"2023-06-01T13:00:00","guid":{"rendered":"https:\/\/www.assocardan.org\/?p=9269"},"modified":"2023-06-01T19:20:32","modified_gmt":"2023-06-01T17:20:32","slug":"leitura-furiosa-du-16-au-18-juin-2023","status":"publish","type":"post","link":"https:\/\/www.assocardan.org\/?p=9269","title":{"rendered":"LEITURA FURIOSA, du 11 au 18 juin 2023"},"content":{"rendered":"\n<p>L&#8217;association Cardan vous invite \u00e0 participer \u00e0 la <strong>30\u00e8me \u00e9dition<\/strong> de <strong>LEITURA FURIOSA<\/strong> qui aura lieu du <strong>11 au 18 juin 2023<\/strong>.<\/p>\n\n\n\n<!--more-->\n\n\n\n<div style=\"height:20px\" aria-hidden=\"true\" class=\"wp-block-spacer\"><\/div>\n\n\n\n<div class=\"wp-block-media-text alignwide is-stacked-on-mobile is-vertically-aligned-center\" style=\"grid-template-columns:43% auto\"><figure class=\"wp-block-media-text__media\"><a href=\"http:\/\/www.assocardan.org\/PDF\/LEITURA2023\/LF2023_affiche_rouge.pdf\" target=\"_blank\" rel=\"noopener\"><img loading=\"lazy\" decoding=\"async\" width=\"400\" height=\"280\" src=\"http:\/\/www.assocardan.org\/wp-content\/uploads\/2023\/05\/aff_LF2023.png\" alt=\"\" class=\"wp-image-9300 size-full\" srcset=\"https:\/\/www.assocardan.org\/wp-content\/uploads\/2023\/05\/aff_LF2023.png 400w, https:\/\/www.assocardan.org\/wp-content\/uploads\/2023\/05\/aff_LF2023-300x210.png 300w, https:\/\/www.assocardan.org\/wp-content\/uploads\/2023\/05\/aff_LF2023-150x105.png 150w, https:\/\/www.assocardan.org\/wp-content\/uploads\/2023\/05\/aff_LF2023-100x70.png 100w\" sizes=\"auto, (max-width: 400px) 100vw, 400px\" \/><\/a><\/figure><div class=\"wp-block-media-text__content\">\n<p><strong>LEITURA FURIOSA<\/strong> est une manifestation litt\u00e9raire insolite, internationale et performative qui se d\u00e9roule en m\u00eame temps \u00e0 Amiens, Lisbonne et Porto. <\/p>\n\n\n\n<p class=\"has-black-color has-text-color\">Pendant 3 jours, 30 auteurs font connaissance de celles et ceux qui sont \u00ab f\u00e2ch\u00e9.e.s \u00bb avec la lecture. De ces rencontres, naissent des textes originaux qui sont illustr\u00e9s, traduits, imprim\u00e9s, affich\u00e9s, reproduits puis lus en public le <strong><span class=\"has-inline-color has-vivid-red-color\">DIMANCHE 18 JUIN 2023<\/span><\/strong>, \u00e0 partir de <span class=\"has-inline-color has-black-color\">9h<\/span>, \u00e0 la <strong><span class=\"has-inline-color has-vivid-red-color\">Maison de la Culture d\u2019Amiens<\/span><\/strong> au cours d\u2019un spectacle \u00e0 entr\u00e9e libre et ouvert \u00e0 tous.<\/p>\n<\/div><\/div>\n\n\n\n<div style=\"height:20px\" aria-hidden=\"true\" class=\"wp-block-spacer\"><\/div>\n\n\n\n<p>Vous pouvez cliquer sur le lien, ci-dessous, pour obtenir plus de d\u00e9tails sur la manifestation.<\/p>\n\n\n\n<p>Voici le lien : <a rel=\"noreferrer noopener\" href=\"http:\/\/www.assocardan.org\/PDF\/LEITURA2023\/DP_Leitura_Furiosa_2023_co.pdf\" target=\"_blank\">http:\/\/www.assocardan.org\/PDF\/LEITURA2023\/DP_Leitura_Furiosa_2023_co.pdf<\/a><\/p>\n\n\n\n<div style=\"height:20px\" aria-hidden=\"true\" class=\"wp-block-spacer\"><\/div>\n\n\n\n<h3 class=\"wp-block-heading\">La f\u00eate dans les rues d&#8217;Amiens<\/h3>\n\n\n\n<div class=\"wp-block-media-text alignwide is-stacked-on-mobile is-vertically-aligned-top\" style=\"grid-template-columns:36% auto\"><figure class=\"wp-block-media-text__media\"><a href=\"http:\/\/www.assocardan.org\/PDF\/LEITURA2023\/AfficheA3_LREAA2023.pdf\" target=\"_blank\" rel=\"noopener\"><img loading=\"lazy\" decoding=\"async\" width=\"336\" height=\"476\" src=\"https:\/\/www.assocardan.org\/wp-content\/uploads\/2023\/06\/LREAA_affiche.png\" alt=\"\" class=\"wp-image-9319 size-full\" srcset=\"https:\/\/www.assocardan.org\/wp-content\/uploads\/2023\/06\/LREAA_affiche.png 336w, https:\/\/www.assocardan.org\/wp-content\/uploads\/2023\/06\/LREAA_affiche-212x300.png 212w, https:\/\/www.assocardan.org\/wp-content\/uploads\/2023\/06\/LREAA_affiche-150x213.png 150w, https:\/\/www.assocardan.org\/wp-content\/uploads\/2023\/06\/LREAA_affiche-100x142.png 100w\" sizes=\"auto, (max-width: 336px) 100vw, 336px\" \/><\/a><\/figure><div class=\"wp-block-media-text__content\">\n<p class=\"has-normal-font-size\">Du 16 au 18 juin, le <strong>Cirque Jules Verne<\/strong> occupera les rues, places et impasses d\u2019Amiens, avec des spectacles de cirque, th\u00e9\u00e2tre, danse, arts forains et autres projets participatifs. <\/p>\n\n\n\n<p>Pour plus de d\u00e9tails, cliquez sur le lien suivant : <a rel=\"noreferrer noopener\" href=\"https:\/\/www.cirquejulesverne.fr\/evenement\/fete-dans-la-ville\/\" target=\"_blank\">https:\/\/www.cirquejulesverne.fr\/evenement\/fete-dans-la-ville\/<\/a><\/p>\n\n\n\n<div style=\"height:10px\" aria-hidden=\"true\" class=\"wp-block-spacer\"><\/div>\n\n\n\n<p class=\"has-normal-font-size\">Et l&#8217;association Cardan se joindra \u00e0 la f\u00eate.<\/p>\n\n\n\n<p>Cliquez sur ce lien pour plus de d\u00e9tails : <\/p>\n\n\n\n<p><a rel=\"noreferrer noopener\" href=\"http:\/\/www.assocardan.org\/PDF\/LEITURA2023\/tract_lecture_Helloasso.pdf\" target=\"_blank\">http:\/\/www.assocardan.org\/PDF\/LEITURA2023\/tract_lecture_Helloasso.pdf<\/a><\/p>\n<\/div><\/div>\n\n\n\n<div style=\"height:20px\" aria-hidden=\"true\" class=\"wp-block-spacer\"><\/div>\n\n\n\n<h3 class=\"wp-block-heading\">AIDEZ-NOUS<\/h3>\n\n\n\n<p>Afin de permettre \u00e0 un maximum de personnes de profiter des textes \u00e9crits pendant la manifestation,&nbsp;nous souhaitons les \u00e9diter dans un cahier de 8 pages de l&#8217;\u00e9dition du <strong>dimanche 18 juin<\/strong> du<strong> Courrier Picard<\/strong>. Pour cela, nous avons lanc\u00e9 une campagne de financement participative.<\/p>\n\n\n\n<p>Aidez-nous \u00e0 atteindre le maximum de lecteur.rice.s en participant \u00e0 notre campagne de financement participative, via <strong>HelloAsso<\/strong>. <\/p>\n\n\n\n<p>Les sommes collect\u00e9es serviront \u00e0 financer la publication des textes \u00e9crits dans l&#8217;\u00e9dition du dimanche 18 juin du<strong> Courrier Picard<\/strong>.<\/p>\n\n\n\n<div style=\"height:10px\" aria-hidden=\"true\" class=\"wp-block-spacer\"><\/div>\n\n\n\n<p>Vous pouvez participer en flashant le<strong> QR Code<\/strong> ou en cliquant sur l\u2019<strong>adresse<\/strong> ci-dessous :<\/p>\n\n\n\n<div style=\"height:10px\" aria-hidden=\"true\" class=\"wp-block-spacer\"><\/div>\n\n\n\n<div class=\"wp-block-media-text alignwide is-stacked-on-mobile\" style=\"grid-template-columns:35% auto\"><figure class=\"wp-block-media-text__media\"><img loading=\"lazy\" decoding=\"async\" width=\"726\" height=\"677\" src=\"http:\/\/www.assocardan.org\/wp-content\/uploads\/2023\/05\/helloasso-qrcode.png\" alt=\"\" class=\"wp-image-9316 size-full\" srcset=\"https:\/\/www.assocardan.org\/wp-content\/uploads\/2023\/05\/helloasso-qrcode.png 726w, https:\/\/www.assocardan.org\/wp-content\/uploads\/2023\/05\/helloasso-qrcode-300x280.png 300w, https:\/\/www.assocardan.org\/wp-content\/uploads\/2023\/05\/helloasso-qrcode-400x373.png 400w, https:\/\/www.assocardan.org\/wp-content\/uploads\/2023\/05\/helloasso-qrcode-430x401.png 430w, https:\/\/www.assocardan.org\/wp-content\/uploads\/2023\/05\/helloasso-qrcode-150x140.png 150w, https:\/\/www.assocardan.org\/wp-content\/uploads\/2023\/05\/helloasso-qrcode-100x93.png 100w\" sizes=\"auto, (max-width: 726px) 100vw, 726px\" \/><\/figure><div class=\"wp-block-media-text__content\">\n<p class=\"has-normal-font-size\">Lien : <a href=\"https:\/\/www.helloasso.com\/associations\/cardan\/collectes\/leitura-furiosa-30-dans-le-courrier-picard\" target=\"_blank\" rel=\"noreferrer noopener\">https:\/\/www.helloasso.com\/associations\/cardan\/collectes\/leitura-furiosa-30-dans-le-courrier-picard<\/a><\/p>\n<\/div><\/div>\n\n\n\n<div style=\"height:20px\" aria-hidden=\"true\" class=\"wp-block-spacer\"><\/div>\n\n\n\n<p><\/p>\n","protected":false},"excerpt":{"rendered":"<p>L&#8217;association Cardan vous invite \u00e0 participer \u00e0 la 30\u00e8me \u00e9dition de LEITURA FURIOSA qui aura lieu du 11 au 18 juin 2023.<\/p>\n","protected":false},"author":1,"featured_media":9300,"comment_status":"closed","ping_status":"closed","sticky":false,"template":"","format":"standard","meta":{"footnotes":""},"categories":[204,459],"tags":[126,465,299,466,34,44,460,55,54],"class_list":["post-9269","post","type-post","status-publish","format-standard","has-post-thumbnail","hentry","category-leitura-furiosa","category-leitura-furiosa-2023","tag-amiens","tag-cirque-jules-verne","tag-courrier-picard","tag-la-rue-est-a-amiens","tag-lecture","tag-leitura-furiosa","tag-leitura-furiosa-2023","tag-lisbonne","tag-porto"],"_links":{"self":[{"href":"https:\/\/www.assocardan.org\/index.php?rest_route=\/wp\/v2\/posts\/9269","targetHints":{"allow":["GET"]}}],"collection":[{"href":"https:\/\/www.assocardan.org\/index.php?rest_route=\/wp\/v2\/posts"}],"about":[{"href":"https:\/\/www.assocardan.org\/index.php?rest_route=\/wp\/v2\/types\/post"}],"author":[{"embeddable":true,"href":"https:\/\/www.assocardan.org\/index.php?rest_route=\/wp\/v2\/users\/1"}],"replies":[{"embeddable":true,"href":"https:\/\/www.assocardan.org\/index.php?rest_route=%2Fwp%2Fv2%2Fcomments&post=9269"}],"version-history":[{"count":36,"href":"https:\/\/www.assocardan.org\/index.php?rest_route=\/wp\/v2\/posts\/9269\/revisions"}],"predecessor-version":[{"id":9329,"href":"https:\/\/www.assocardan.org\/index.php?rest_route=\/wp\/v2\/posts\/9269\/revisions\/9329"}],"wp:featuredmedia":[{"embeddable":true,"href":"https:\/\/www.assocardan.org\/index.php?rest_route=\/wp\/v2\/media\/9300"}],"wp:attachment":[{"href":"https:\/\/www.assocardan.org\/index.php?rest_route=%2Fwp%2Fv2%2Fmedia&parent=9269"}],"wp:term":[{"taxonomy":"category","embeddable":true,"href":"https:\/\/www.assocardan.org\/index.php?rest_route=%2Fwp%2Fv2%2Fcategories&post=9269"},{"taxonomy":"post_tag","embeddable":true,"href":"https:\/\/www.assocardan.org\/index.php?rest_route=%2Fwp%2Fv2%2Ftags&post=9269"}],"curies":[{"name":"wp","href":"https:\/\/api.w.org\/{rel}","templated":true}]}}