{"id":9282,"date":"2023-05-18T12:01:23","date_gmt":"2023-05-18T10:01:23","guid":{"rendered":"https:\/\/www.assocardan.org\/?p=9282"},"modified":"2023-06-05T16:07:34","modified_gmt":"2023-06-05T14:07:34","slug":"leitura-furiosa-30eme-edition-1ere-journee","status":"publish","type":"post","link":"https:\/\/www.assocardan.org\/?p=9282","title":{"rendered":"LEITURA FURIOSA, 30\u00e8me \u00e9dition, 1\u00e8re journ\u00e9e professionnelle"},"content":{"rendered":"\n<div class=\"wp-block-image\"><figure class=\"aligncenter size-large is-resized\"><img loading=\"lazy\" decoding=\"async\" src=\"http:\/\/www.assocardan.org\/wp-content\/uploads\/2023\/04\/LF_logo.png\" alt=\"\" class=\"wp-image-9253\" width=\"388\" height=\"359\" srcset=\"https:\/\/www.assocardan.org\/wp-content\/uploads\/2023\/04\/LF_logo.png 531w, https:\/\/www.assocardan.org\/wp-content\/uploads\/2023\/04\/LF_logo-300x277.png 300w, https:\/\/www.assocardan.org\/wp-content\/uploads\/2023\/04\/LF_logo-400x370.png 400w, https:\/\/www.assocardan.org\/wp-content\/uploads\/2023\/04\/LF_logo-430x398.png 430w, https:\/\/www.assocardan.org\/wp-content\/uploads\/2023\/04\/LF_logo-150x139.png 150w, https:\/\/www.assocardan.org\/wp-content\/uploads\/2023\/04\/LF_logo-100x92.png 100w\" sizes=\"auto, (max-width: 388px) 100vw, 388px\" \/><\/figure><\/div>\n\n\n\n<h3 class=\"wp-block-heading\">JEUDI 15 JUIN 2023, en partenariat avec les \u00e9ditions du Monstre :<\/h3>\n\n\n\n<div style=\"height:30px\" aria-hidden=\"true\" class=\"wp-block-spacer\"><\/div>\n\n\n\n<h4 class=\"wp-block-heading\"><strong>Au Mic-Mac, de 14 h30 \u00e0 16h30<\/strong><\/h4>\n\n\n\n<p>\u2022 <strong>Rencontres professionnelles<\/strong> : les espaces Facile \u00e0 Lire se r\u00e9pandent en biblioth\u00e8que. Les auteures ont point\u00e9 les difficult\u00e9s d&#8217;identification dans leurs parcours de lectrice. Comment est vu le travail dans la litt\u00e9rature et dans les s\u00e9lections Facile \u00e0 Lire ? Est-ce qu&#8217;il n&#8217;y a pas des figures absentes des s\u00e9lections d&#8217;ouvrages \u00ab facile \u00e0 lire \u00bb ?<\/p>\n\n\n\n<p>Propos introduit par Val\u00e8re STARASELSKI, auteur, essayiste, directeur de la culture du CCAS EDF<\/p>\n\n\n\n<div style=\"height:20px\" aria-hidden=\"true\" class=\"wp-block-spacer\"><\/div>\n\n\n\n<h4 class=\"wp-block-heading\">\u00c0 la Briquetterie<\/h4>\n\n\n\n<p>\u2022 <strong>Salle d\u2019expo \/ Salle d\u2019Arts plastiques<\/strong> \u2013 de 14h \u00e0 17h :<br \/>Ateliers propos\u00e9s par les \u00c9ditions du Monstre, les \u00c9ditions Voix de Garage, les \u00c9ditions Les Imposteurs,\u2026<br \/>Pr\u00e9sentation d\u2019ouvrages \u00e9dit\u00e9s, ateliers pratiques<\/p>\n\n\n\n<p><br \/>\u2022 <strong>Grande salle<\/strong> \u2013 \u00e0 partir de 17h30<br \/>Litt\u00e9rature prol\u00e9tarienne, litt\u00e9rature de t\u00e9moignage, de col\u00e8re, de changement\u2026 Table ronde avec Eric LOUIS (On a perdu Quentin, ), G\u00e9rard ALLE (Zone tendue), Lisa BALAVOINE<\/p>\n","protected":false},"excerpt":{"rendered":"<p>JEUDI 15 JUIN 2023, en partenariat avec les \u00e9ditions du Monstre : Au Mic-Mac, de 14 h30 \u00e0 16h30 \u2022 Rencontres professionnelles : les espaces Facile \u00e0 Lire se r\u00e9pandent [&hellip;]<\/p>\n","protected":false},"author":1,"featured_media":9253,"comment_status":"closed","ping_status":"closed","sticky":false,"template":"","format":"standard","meta":{"footnotes":""},"categories":[204,459],"tags":[126,421,464,44,460],"class_list":["post-9282","post","type-post","status-publish","format-standard","has-post-thumbnail","hentry","category-leitura-furiosa","category-leitura-furiosa-2023","tag-amiens","tag-cardan","tag-editions-du-monstre","tag-leitura-furiosa","tag-leitura-furiosa-2023"],"_links":{"self":[{"href":"https:\/\/www.assocardan.org\/index.php?rest_route=\/wp\/v2\/posts\/9282","targetHints":{"allow":["GET"]}}],"collection":[{"href":"https:\/\/www.assocardan.org\/index.php?rest_route=\/wp\/v2\/posts"}],"about":[{"href":"https:\/\/www.assocardan.org\/index.php?rest_route=\/wp\/v2\/types\/post"}],"author":[{"embeddable":true,"href":"https:\/\/www.assocardan.org\/index.php?rest_route=\/wp\/v2\/users\/1"}],"replies":[{"embeddable":true,"href":"https:\/\/www.assocardan.org\/index.php?rest_route=%2Fwp%2Fv2%2Fcomments&post=9282"}],"version-history":[{"count":10,"href":"https:\/\/www.assocardan.org\/index.php?rest_route=\/wp\/v2\/posts\/9282\/revisions"}],"predecessor-version":[{"id":9330,"href":"https:\/\/www.assocardan.org\/index.php?rest_route=\/wp\/v2\/posts\/9282\/revisions\/9330"}],"wp:featuredmedia":[{"embeddable":true,"href":"https:\/\/www.assocardan.org\/index.php?rest_route=\/wp\/v2\/media\/9253"}],"wp:attachment":[{"href":"https:\/\/www.assocardan.org\/index.php?rest_route=%2Fwp%2Fv2%2Fmedia&parent=9282"}],"wp:term":[{"taxonomy":"category","embeddable":true,"href":"https:\/\/www.assocardan.org\/index.php?rest_route=%2Fwp%2Fv2%2Fcategories&post=9282"},{"taxonomy":"post_tag","embeddable":true,"href":"https:\/\/www.assocardan.org\/index.php?rest_route=%2Fwp%2Fv2%2Ftags&post=9282"}],"curies":[{"name":"wp","href":"https:\/\/api.w.org\/{rel}","templated":true}]}}