{"id":9436,"date":"2023-06-22T12:04:30","date_gmt":"2023-06-22T10:04:30","guid":{"rendered":"https:\/\/www.assocardan.org\/?p=9436"},"modified":"2023-06-22T12:04:32","modified_gmt":"2023-06-22T10:04:32","slug":"leitura-furiosa-2023-le-quartier","status":"publish","type":"post","link":"https:\/\/www.assocardan.org\/?p=9436","title":{"rendered":"[Leitura Furiosa 2023] \u2013 Le Quartier"},"content":{"rendered":"\n<p>Un texte \u00e9crit par <strong>Fanny Chiarello<\/strong> avec Cha\u00efma, Sarah, Maryam, Laurence, Antonin.<\/p>\n\n\n\n<p>Il est illustr\u00e9 par <strong>Andr\u00e9 Zetlaoui<\/strong>.<\/p>\n\n\n\n<!--more-->\n\n\n\n<div style=\"height:40px\" aria-hidden=\"true\" class=\"wp-block-spacer\"><\/div>\n\n\n\n<p>En cas de probl\u00e8me d\u2019affichage du texte, vous pouvez <strong><a href=\"http:\/\/www.assocardan.org\/PDF\/LEITURA2023\/textes\/AffichesLF23__04.pdf\" target=\"_blank\" rel=\"noreferrer noopener\">t\u00e9l\u00e9charger le fichier PDF<\/a><\/strong>.<\/p>\n\n\n<iframe src=\"\/\/docs.google.com\/viewer?url=http%3A%2F%2Fwww.assocardan.org%2FPDF%2FLEITURA2023%2Ftextes%2FAffichesLF23__04.pdf&hl=fr&embedded=true\" class=\"gde-frame\" style=\"width:100%; height:500px; border: none;\" scrolling=\"no\"><\/iframe>\n<p class=\"gde-text\"><a href=\"http:\/\/www.assocardan.org\/PDF\/LEITURA2023\/textes\/AffichesLF23__04.pdf\" class=\"gde-link\">T\u00e9l\u00e9charger (PDF, 427KB)<\/a><\/p>\n","protected":false},"excerpt":{"rendered":"<p>Un texte \u00e9crit par Fanny Chiarello avec Cha\u00efma, Sarah, Maryam, Laurence, Antonin. Il est illustr\u00e9 par Andr\u00e9 Zetlaoui.<\/p>\n","protected":false},"author":1,"featured_media":9437,"comment_status":"closed","ping_status":"closed","sticky":false,"template":"","format":"standard","meta":{"footnotes":""},"categories":[204,459,469],"tags":[471,44,460],"class_list":["post-9436","post","type-post","status-publish","format-standard","has-post-thumbnail","hentry","category-leitura-furiosa","category-leitura-furiosa-2023","category-textes-de-leitura-furiosa-2023","tag-fanny-chiarello","tag-leitura-furiosa","tag-leitura-furiosa-2023"],"_links":{"self":[{"href":"https:\/\/www.assocardan.org\/index.php?rest_route=\/wp\/v2\/posts\/9436","targetHints":{"allow":["GET"]}}],"collection":[{"href":"https:\/\/www.assocardan.org\/index.php?rest_route=\/wp\/v2\/posts"}],"about":[{"href":"https:\/\/www.assocardan.org\/index.php?rest_route=\/wp\/v2\/types\/post"}],"author":[{"embeddable":true,"href":"https:\/\/www.assocardan.org\/index.php?rest_route=\/wp\/v2\/users\/1"}],"replies":[{"embeddable":true,"href":"https:\/\/www.assocardan.org\/index.php?rest_route=%2Fwp%2Fv2%2Fcomments&post=9436"}],"version-history":[{"count":1,"href":"https:\/\/www.assocardan.org\/index.php?rest_route=\/wp\/v2\/posts\/9436\/revisions"}],"predecessor-version":[{"id":9438,"href":"https:\/\/www.assocardan.org\/index.php?rest_route=\/wp\/v2\/posts\/9436\/revisions\/9438"}],"wp:featuredmedia":[{"embeddable":true,"href":"https:\/\/www.assocardan.org\/index.php?rest_route=\/wp\/v2\/media\/9437"}],"wp:attachment":[{"href":"https:\/\/www.assocardan.org\/index.php?rest_route=%2Fwp%2Fv2%2Fmedia&parent=9436"}],"wp:term":[{"taxonomy":"category","embeddable":true,"href":"https:\/\/www.assocardan.org\/index.php?rest_route=%2Fwp%2Fv2%2Fcategories&post=9436"},{"taxonomy":"post_tag","embeddable":true,"href":"https:\/\/www.assocardan.org\/index.php?rest_route=%2Fwp%2Fv2%2Ftags&post=9436"}],"curies":[{"name":"wp","href":"https:\/\/api.w.org\/{rel}","templated":true}]}}