{"id":9440,"date":"2023-06-22T13:13:03","date_gmt":"2023-06-22T11:13:03","guid":{"rendered":"https:\/\/www.assocardan.org\/?p=9440"},"modified":"2023-06-22T13:13:05","modified_gmt":"2023-06-22T11:13:05","slug":"leitura-furiosa-2023-une-visite-au-pays-du-je-ne-veux-pas-savoir","status":"publish","type":"post","link":"https:\/\/www.assocardan.org\/?p=9440","title":{"rendered":"[Leitura Furiosa 2023] \u2013 Une visite au pays du je ne veux pas savoir"},"content":{"rendered":"\n<p>Un texte \u00e9crit par <strong>Alex Couto<\/strong> avec Artyom, \u00cdris, Santiago et Santiago.<\/p>\n\n\n\n<p>Il est illustr\u00e9 par <strong>Caba\u00e7o<\/strong>.<\/p>\n\n\n\n<!--more-->\n\n\n\n<div style=\"height:40px\" aria-hidden=\"true\" class=\"wp-block-spacer\"><\/div>\n\n\n\n<p>En cas de probl\u00e8me d\u2019affichage du texte, vous pouvez <strong><a rel=\"noreferrer noopener\" href=\"http:\/\/www.assocardan.org\/PDF\/LEITURA2023\/textes\/AffichesLF23__05.pdf\" target=\"_blank\">t\u00e9l\u00e9charger le fichier PDF<\/a><\/strong>.<\/p>\n\n\n<iframe src=\"\/\/docs.google.com\/viewer?url=http%3A%2F%2Fwww.assocardan.org%2FPDF%2FLEITURA2023%2Ftextes%2FAffichesLF23__05.pdf&hl=fr&embedded=true\" class=\"gde-frame\" style=\"width:100%; height:500px; border: none;\" scrolling=\"no\"><\/iframe>\n<p class=\"gde-text\"><a href=\"http:\/\/www.assocardan.org\/PDF\/LEITURA2023\/textes\/AffichesLF23__05.pdf\" class=\"gde-link\">T\u00e9l\u00e9charger (PDF, 449KB)<\/a><\/p>\n","protected":false},"excerpt":{"rendered":"<p>Un texte \u00e9crit par Alex Couto avec Artyom, \u00cdris, Santiago et Santiago. Il est illustr\u00e9 par Caba\u00e7o.<\/p>\n","protected":false},"author":1,"featured_media":9441,"comment_status":"closed","ping_status":"closed","sticky":false,"template":"","format":"standard","meta":{"footnotes":""},"categories":[204,459,469],"tags":[472,44,460],"class_list":["post-9440","post","type-post","status-publish","format-standard","has-post-thumbnail","hentry","category-leitura-furiosa","category-leitura-furiosa-2023","category-textes-de-leitura-furiosa-2023","tag-alex-couto","tag-leitura-furiosa","tag-leitura-furiosa-2023"],"_links":{"self":[{"href":"https:\/\/www.assocardan.org\/index.php?rest_route=\/wp\/v2\/posts\/9440","targetHints":{"allow":["GET"]}}],"collection":[{"href":"https:\/\/www.assocardan.org\/index.php?rest_route=\/wp\/v2\/posts"}],"about":[{"href":"https:\/\/www.assocardan.org\/index.php?rest_route=\/wp\/v2\/types\/post"}],"author":[{"embeddable":true,"href":"https:\/\/www.assocardan.org\/index.php?rest_route=\/wp\/v2\/users\/1"}],"replies":[{"embeddable":true,"href":"https:\/\/www.assocardan.org\/index.php?rest_route=%2Fwp%2Fv2%2Fcomments&post=9440"}],"version-history":[{"count":1,"href":"https:\/\/www.assocardan.org\/index.php?rest_route=\/wp\/v2\/posts\/9440\/revisions"}],"predecessor-version":[{"id":9442,"href":"https:\/\/www.assocardan.org\/index.php?rest_route=\/wp\/v2\/posts\/9440\/revisions\/9442"}],"wp:featuredmedia":[{"embeddable":true,"href":"https:\/\/www.assocardan.org\/index.php?rest_route=\/wp\/v2\/media\/9441"}],"wp:attachment":[{"href":"https:\/\/www.assocardan.org\/index.php?rest_route=%2Fwp%2Fv2%2Fmedia&parent=9440"}],"wp:term":[{"taxonomy":"category","embeddable":true,"href":"https:\/\/www.assocardan.org\/index.php?rest_route=%2Fwp%2Fv2%2Fcategories&post=9440"},{"taxonomy":"post_tag","embeddable":true,"href":"https:\/\/www.assocardan.org\/index.php?rest_route=%2Fwp%2Fv2%2Ftags&post=9440"}],"curies":[{"name":"wp","href":"https:\/\/api.w.org\/{rel}","templated":true}]}}