{"id":9449,"date":"2023-06-22T13:21:39","date_gmt":"2023-06-22T11:21:39","guid":{"rendered":"https:\/\/www.assocardan.org\/?p=9449"},"modified":"2023-06-22T13:21:41","modified_gmt":"2023-06-22T11:21:41","slug":"leitura-furiosa-2023-une-voix-ma-ordonne-daller-au-cafe-et-jy-suis-allee","status":"publish","type":"post","link":"https:\/\/www.assocardan.org\/?p=9449","title":{"rendered":"[Leitura Furiosa 2023] \u2013 Une voix m&#8217;a ordonn\u00e9 d&#8217;aller au caf\u00e9 et j&#8217;y suis all\u00e9e."},"content":{"rendered":"\n<p>Un texte \u00e9crit par <strong>Daniela Duarte<\/strong> avec Manuel, R\u00faben, Ant\u00f3nio, Silvano, Joaquim, Alfredo, Albino, Paulo, Diogo e e Paulo Jo\u00e3o na Casa da Rua.<\/p>\n\n\n\n<!--more-->\n\n\n\n<div style=\"height:40px\" aria-hidden=\"true\" class=\"wp-block-spacer\"><\/div>\n\n\n\n<p>En cas de probl\u00e8me d\u2019affichage du texte, vous pouvez <strong><a rel=\"noreferrer noopener\" href=\"http:\/\/www.assocardan.org\/PDF\/LEITURA2023\/textes\/AffichesLF23__08.pdf\" target=\"_blank\">t\u00e9l\u00e9charger le fichier PDF<\/a><\/strong>.<\/p>\n\n\n<iframe src=\"\/\/docs.google.com\/viewer?url=http%3A%2F%2Fwww.assocardan.org%2FPDF%2FLEITURA2023%2Ftextes%2FAffichesLF23__08.pdf&hl=fr&embedded=true\" class=\"gde-frame\" style=\"width:100%; height:500px; border: none;\" scrolling=\"no\"><\/iframe>\n<p class=\"gde-text\"><a href=\"http:\/\/www.assocardan.org\/PDF\/LEITURA2023\/textes\/AffichesLF23__08.pdf\" class=\"gde-link\">T\u00e9l\u00e9charger (PDF, 380KB)<\/a><\/p>\n","protected":false},"excerpt":{"rendered":"<p>Un texte \u00e9crit par Daniela Duarte avec Manuel, R\u00faben, Ant\u00f3nio, Silvano, Joaquim, Alfredo, Albino, Paulo, Diogo e e Paulo Jo\u00e3o na Casa da Rua.<\/p>\n","protected":false},"author":1,"featured_media":9450,"comment_status":"closed","ping_status":"closed","sticky":false,"template":"","format":"standard","meta":{"footnotes":""},"categories":[204,459,469],"tags":[44,460],"class_list":["post-9449","post","type-post","status-publish","format-standard","has-post-thumbnail","hentry","category-leitura-furiosa","category-leitura-furiosa-2023","category-textes-de-leitura-furiosa-2023","tag-leitura-furiosa","tag-leitura-furiosa-2023"],"_links":{"self":[{"href":"https:\/\/www.assocardan.org\/index.php?rest_route=\/wp\/v2\/posts\/9449","targetHints":{"allow":["GET"]}}],"collection":[{"href":"https:\/\/www.assocardan.org\/index.php?rest_route=\/wp\/v2\/posts"}],"about":[{"href":"https:\/\/www.assocardan.org\/index.php?rest_route=\/wp\/v2\/types\/post"}],"author":[{"embeddable":true,"href":"https:\/\/www.assocardan.org\/index.php?rest_route=\/wp\/v2\/users\/1"}],"replies":[{"embeddable":true,"href":"https:\/\/www.assocardan.org\/index.php?rest_route=%2Fwp%2Fv2%2Fcomments&post=9449"}],"version-history":[{"count":1,"href":"https:\/\/www.assocardan.org\/index.php?rest_route=\/wp\/v2\/posts\/9449\/revisions"}],"predecessor-version":[{"id":9451,"href":"https:\/\/www.assocardan.org\/index.php?rest_route=\/wp\/v2\/posts\/9449\/revisions\/9451"}],"wp:featuredmedia":[{"embeddable":true,"href":"https:\/\/www.assocardan.org\/index.php?rest_route=\/wp\/v2\/media\/9450"}],"wp:attachment":[{"href":"https:\/\/www.assocardan.org\/index.php?rest_route=%2Fwp%2Fv2%2Fmedia&parent=9449"}],"wp:term":[{"taxonomy":"category","embeddable":true,"href":"https:\/\/www.assocardan.org\/index.php?rest_route=%2Fwp%2Fv2%2Fcategories&post=9449"},{"taxonomy":"post_tag","embeddable":true,"href":"https:\/\/www.assocardan.org\/index.php?rest_route=%2Fwp%2Fv2%2Ftags&post=9449"}],"curies":[{"name":"wp","href":"https:\/\/api.w.org\/{rel}","templated":true}]}}