{"id":9455,"date":"2023-06-22T13:27:01","date_gmt":"2023-06-22T11:27:01","guid":{"rendered":"https:\/\/www.assocardan.org\/?p=9455"},"modified":"2023-06-22T13:27:02","modified_gmt":"2023-06-22T11:27:02","slug":"leitura-furiosa-2023-la-sirene-et-le-cocotier","status":"publish","type":"post","link":"https:\/\/www.assocardan.org\/?p=9455","title":{"rendered":"[Leitura Furiosa 2023] \u2013 La sir\u00e8ne et le cocotier"},"content":{"rendered":"\n<p>Un texte \u00e9crit par <strong>Arnaud Guillon<\/strong> avec V\u00e9ronique Jeanne, \u00c9meline Mosco, Florian Adenis, Yoann Vaille.<\/p>\n\n\n\n<p>Il est illustr\u00e9 par <strong>Leslie Dumortier<\/strong>.<\/p>\n\n\n\n<!--more-->\n\n\n\n<div style=\"height:40px\" aria-hidden=\"true\" class=\"wp-block-spacer\"><\/div>\n\n\n\n<p>En cas de probl\u00e8me d\u2019affichage du texte, vous pouvez <strong><a rel=\"noreferrer noopener\" href=\"http:\/\/www.assocardan.org\/PDF\/LEITURA2023\/textes\/AffichesLF23__10.pdf\" target=\"_blank\">t\u00e9l\u00e9charger le fichier PDF<\/a><\/strong>.<\/p>\n\n\n<iframe src=\"\/\/docs.google.com\/viewer?url=http%3A%2F%2Fwww.assocardan.org%2FPDF%2FLEITURA2023%2Ftextes%2FAffichesLF23__10.pdf&hl=fr&embedded=true\" class=\"gde-frame\" style=\"width:100%; height:500px; border: none;\" scrolling=\"no\"><\/iframe>\n<p class=\"gde-text\"><a href=\"http:\/\/www.assocardan.org\/PDF\/LEITURA2023\/textes\/AffichesLF23__10.pdf\" class=\"gde-link\">T\u00e9l\u00e9charger (PDF, 164KB)<\/a><\/p>\n","protected":false},"excerpt":{"rendered":"<p>Un texte \u00e9crit par Arnaud Guillon avec V\u00e9ronique Jeanne, \u00c9meline Mosco, Florian Adenis, Yoann Vaille. Il est illustr\u00e9 par Leslie Dumortier.<\/p>\n","protected":false},"author":1,"featured_media":9456,"comment_status":"closed","ping_status":"closed","sticky":false,"template":"","format":"standard","meta":{"footnotes":""},"categories":[204,459,469],"tags":[440,44,460],"class_list":["post-9455","post","type-post","status-publish","format-standard","has-post-thumbnail","hentry","category-leitura-furiosa","category-leitura-furiosa-2023","category-textes-de-leitura-furiosa-2023","tag-arnaud-guillon","tag-leitura-furiosa","tag-leitura-furiosa-2023"],"_links":{"self":[{"href":"https:\/\/www.assocardan.org\/index.php?rest_route=\/wp\/v2\/posts\/9455","targetHints":{"allow":["GET"]}}],"collection":[{"href":"https:\/\/www.assocardan.org\/index.php?rest_route=\/wp\/v2\/posts"}],"about":[{"href":"https:\/\/www.assocardan.org\/index.php?rest_route=\/wp\/v2\/types\/post"}],"author":[{"embeddable":true,"href":"https:\/\/www.assocardan.org\/index.php?rest_route=\/wp\/v2\/users\/1"}],"replies":[{"embeddable":true,"href":"https:\/\/www.assocardan.org\/index.php?rest_route=%2Fwp%2Fv2%2Fcomments&post=9455"}],"version-history":[{"count":1,"href":"https:\/\/www.assocardan.org\/index.php?rest_route=\/wp\/v2\/posts\/9455\/revisions"}],"predecessor-version":[{"id":9457,"href":"https:\/\/www.assocardan.org\/index.php?rest_route=\/wp\/v2\/posts\/9455\/revisions\/9457"}],"wp:featuredmedia":[{"embeddable":true,"href":"https:\/\/www.assocardan.org\/index.php?rest_route=\/wp\/v2\/media\/9456"}],"wp:attachment":[{"href":"https:\/\/www.assocardan.org\/index.php?rest_route=%2Fwp%2Fv2%2Fmedia&parent=9455"}],"wp:term":[{"taxonomy":"category","embeddable":true,"href":"https:\/\/www.assocardan.org\/index.php?rest_route=%2Fwp%2Fv2%2Fcategories&post=9455"},{"taxonomy":"post_tag","embeddable":true,"href":"https:\/\/www.assocardan.org\/index.php?rest_route=%2Fwp%2Fv2%2Ftags&post=9455"}],"curies":[{"name":"wp","href":"https:\/\/api.w.org\/{rel}","templated":true}]}}