{"id":9489,"date":"2023-06-22T14:05:45","date_gmt":"2023-06-22T12:05:45","guid":{"rendered":"https:\/\/www.assocardan.org\/?p=9489"},"modified":"2023-06-22T14:06:24","modified_gmt":"2023-06-22T12:06:24","slug":"leitura-furiosa-2023-personne-nest-exclu-de-mon-for-interieur","status":"publish","type":"post","link":"https:\/\/www.assocardan.org\/?p=9489","title":{"rendered":"[Leitura Furiosa 2023] \u2013 Personne n&#8217;est exclu de mon for int\u00e9rieur"},"content":{"rendered":"\n<p>Un texte \u00e9crit par <strong>Em\u00edlio Remelhe<\/strong> avec Amadeu, Ant\u00f3nio, Ant\u00f3nio Sampaio, Artur, Elsa, Fernando, Filipa, Goretti, Jorge, Jos\u00e9, Lu\u00eds, Marco, Miguel, M\u00f3nica, Ramesh, Raquel, Raul, Ricardo, Rui, S\u00edlvia, V\u00edtor et Paulo Almeida dans la Comunidade Terap\u00eautica Ponte da Pedra.<\/p>\n\n\n\n<!--more-->\n\n\n\n<div style=\"height:40px\" aria-hidden=\"true\" class=\"wp-block-spacer\"><\/div>\n\n\n\n<p>En cas de probl\u00e8me d\u2019affichage du texte, vous pouvez <strong><a rel=\"noreferrer noopener\" href=\"http:\/\/www.assocardan.org\/PDF\/LEITURA2023\/textes\/AffichesLF23__21.pdf\" target=\"_blank\">t\u00e9l\u00e9charger le fichier PDF<\/a><\/strong>.<\/p>\n\n\n<iframe src=\"\/\/docs.google.com\/viewer?url=http%3A%2F%2Fwww.assocardan.org%2FPDF%2FLEITURA2023%2Ftextes%2FAffichesLF23__21.pdf&hl=fr&embedded=true\" class=\"gde-frame\" style=\"width:100%; height:500px; border: none;\" scrolling=\"no\"><\/iframe>\n<p class=\"gde-text\"><a href=\"http:\/\/www.assocardan.org\/PDF\/LEITURA2023\/textes\/AffichesLF23__21.pdf\" class=\"gde-link\">T\u00e9l\u00e9charger (PDF, 397KB)<\/a><\/p>\n","protected":false},"excerpt":{"rendered":"<p>Un texte \u00e9crit par Em\u00edlio Remelhe avec Amadeu, Ant\u00f3nio, Ant\u00f3nio Sampaio, Artur, Elsa, Fernando, Filipa, Goretti, Jorge, Jos\u00e9, Lu\u00eds, Marco, Miguel, M\u00f3nica, Ramesh, Raquel, Raul, Ricardo, Rui, S\u00edlvia, V\u00edtor et [&hellip;]<\/p>\n","protected":false},"author":1,"featured_media":9490,"comment_status":"closed","ping_status":"closed","sticky":false,"template":"","format":"standard","meta":{"footnotes":""},"categories":[204,459,469],"tags":[324,44,460],"class_list":["post-9489","post","type-post","status-publish","format-standard","has-post-thumbnail","hentry","category-leitura-furiosa","category-leitura-furiosa-2023","category-textes-de-leitura-furiosa-2023","tag-emilio-remelhe","tag-leitura-furiosa","tag-leitura-furiosa-2023"],"_links":{"self":[{"href":"https:\/\/www.assocardan.org\/index.php?rest_route=\/wp\/v2\/posts\/9489","targetHints":{"allow":["GET"]}}],"collection":[{"href":"https:\/\/www.assocardan.org\/index.php?rest_route=\/wp\/v2\/posts"}],"about":[{"href":"https:\/\/www.assocardan.org\/index.php?rest_route=\/wp\/v2\/types\/post"}],"author":[{"embeddable":true,"href":"https:\/\/www.assocardan.org\/index.php?rest_route=\/wp\/v2\/users\/1"}],"replies":[{"embeddable":true,"href":"https:\/\/www.assocardan.org\/index.php?rest_route=%2Fwp%2Fv2%2Fcomments&post=9489"}],"version-history":[{"count":2,"href":"https:\/\/www.assocardan.org\/index.php?rest_route=\/wp\/v2\/posts\/9489\/revisions"}],"predecessor-version":[{"id":9492,"href":"https:\/\/www.assocardan.org\/index.php?rest_route=\/wp\/v2\/posts\/9489\/revisions\/9492"}],"wp:featuredmedia":[{"embeddable":true,"href":"https:\/\/www.assocardan.org\/index.php?rest_route=\/wp\/v2\/media\/9490"}],"wp:attachment":[{"href":"https:\/\/www.assocardan.org\/index.php?rest_route=%2Fwp%2Fv2%2Fmedia&parent=9489"}],"wp:term":[{"taxonomy":"category","embeddable":true,"href":"https:\/\/www.assocardan.org\/index.php?rest_route=%2Fwp%2Fv2%2Fcategories&post=9489"},{"taxonomy":"post_tag","embeddable":true,"href":"https:\/\/www.assocardan.org\/index.php?rest_route=%2Fwp%2Fv2%2Ftags&post=9489"}],"curies":[{"name":"wp","href":"https:\/\/api.w.org\/{rel}","templated":true}]}}