{"id":9530,"date":"2023-09-12T19:40:55","date_gmt":"2023-09-12T17:40:55","guid":{"rendered":"https:\/\/www.assocardan.org\/?p=9530"},"modified":"2023-09-12T19:40:57","modified_gmt":"2023-09-12T17:40:57","slug":"12-13-picardie-journees-dactions-contre-lillettrisme-8-septembre-2023","status":"publish","type":"post","link":"https:\/\/www.assocardan.org\/?p=9530","title":{"rendered":"12\/13 Picardie : Journ\u00e9es d&#8217;actions contre l&#8217;illettrisme &#8211; 8 septembre 2023"},"content":{"rendered":"\n<p>Dans le cadre des <strong>Journ\u00e9es Nationales d&#8217;Action contre l&#8217;Illettrisme<\/strong> qui ont lieu du <strong>8 au 15 septembre 2023<\/strong>, Jean-Christophe Iriarte Arriola, coordinateur de l\u2019<strong>association Cardan<\/strong>, est invit\u00e9 au journal t\u00e9l\u00e9vis\u00e9 de <strong>France 3 Picardie<\/strong>, pour r\u00e9pondre aux questions sur l\u2019illettrisme.<\/p>\n\n\n\n<!--more-->\n\n\n\n<div style=\"height:10px\" aria-hidden=\"true\" class=\"wp-block-spacer\"><\/div>\n\n\n\n<p>Pour plus d&#8217;informations sur les Journ\u00e9es Nationales d&#8217;Action contre l&#8217;Illettrisme, cliquez sur <strong><a href=\"https:\/\/www.illettrisme-journees.fr\/\" target=\"_blank\" rel=\"noreferrer noopener\">ce lien<\/a><\/strong> ou <strong><a href=\"http:\/\/www.anlci.gouv.fr\/\" target=\"_blank\" rel=\"noreferrer noopener\">celui-ci<\/a><\/strong>.<\/p>\n\n\n\n<div style=\"height:50px\" aria-hidden=\"true\" class=\"wp-block-spacer\"><\/div>\n\n\n\n<figure class=\"wp-block-embed is-type-video is-provider-youtube wp-block-embed-youtube wp-embed-aspect-16-9 wp-has-aspect-ratio\"><div class=\"wp-block-embed__wrapper\">\n<iframe loading=\"lazy\" title=\"12\/13 Picardie : Journ\u00e9es d&#039;actions contre l&#039;illettrisme - 8 septembre 2023\" width=\"1140\" height=\"641\" src=\"https:\/\/www.youtube.com\/embed\/6IOBz33GeeI?feature=oembed\" frameborder=\"0\" allow=\"accelerometer; autoplay; clipboard-write; encrypted-media; gyroscope; picture-in-picture; web-share\" allowfullscreen><\/iframe>\n<\/div><\/figure>\n","protected":false},"excerpt":{"rendered":"<p>Dans le cadre des Journ\u00e9es Nationales d&#8217;Action contre l&#8217;Illettrisme qui ont lieu du 8 au 15 septembre 2023, Jean-Christophe Iriarte Arriola, coordinateur de l\u2019association Cardan, est invit\u00e9 au journal t\u00e9l\u00e9vis\u00e9 [&hellip;]<\/p>\n","protected":false},"author":1,"featured_media":0,"comment_status":"closed","ping_status":"closed","sticky":false,"template":"","format":"standard","meta":{"footnotes":""},"categories":[90],"tags":[126,421,481,301,366,480],"class_list":["post-9530","post","type-post","status-publish","format-standard","hentry","category-revue-de-presse","tag-amiens","tag-cardan","tag-enparlerpouravancer","tag-france-3","tag-illettrisme","tag-jnai"],"_links":{"self":[{"href":"https:\/\/www.assocardan.org\/index.php?rest_route=\/wp\/v2\/posts\/9530","targetHints":{"allow":["GET"]}}],"collection":[{"href":"https:\/\/www.assocardan.org\/index.php?rest_route=\/wp\/v2\/posts"}],"about":[{"href":"https:\/\/www.assocardan.org\/index.php?rest_route=\/wp\/v2\/types\/post"}],"author":[{"embeddable":true,"href":"https:\/\/www.assocardan.org\/index.php?rest_route=\/wp\/v2\/users\/1"}],"replies":[{"embeddable":true,"href":"https:\/\/www.assocardan.org\/index.php?rest_route=%2Fwp%2Fv2%2Fcomments&post=9530"}],"version-history":[{"count":5,"href":"https:\/\/www.assocardan.org\/index.php?rest_route=\/wp\/v2\/posts\/9530\/revisions"}],"predecessor-version":[{"id":9535,"href":"https:\/\/www.assocardan.org\/index.php?rest_route=\/wp\/v2\/posts\/9530\/revisions\/9535"}],"wp:attachment":[{"href":"https:\/\/www.assocardan.org\/index.php?rest_route=%2Fwp%2Fv2%2Fmedia&parent=9530"}],"wp:term":[{"taxonomy":"category","embeddable":true,"href":"https:\/\/www.assocardan.org\/index.php?rest_route=%2Fwp%2Fv2%2Fcategories&post=9530"},{"taxonomy":"post_tag","embeddable":true,"href":"https:\/\/www.assocardan.org\/index.php?rest_route=%2Fwp%2Fv2%2Ftags&post=9530"}],"curies":[{"name":"wp","href":"https:\/\/api.w.org\/{rel}","templated":true}]}}