{"id":9558,"date":"2023-11-24T12:29:11","date_gmt":"2023-11-24T11:29:11","guid":{"rendered":"https:\/\/www.assocardan.org\/?p=9558"},"modified":"2023-11-30T14:19:22","modified_gmt":"2023-11-30T13:19:22","slug":"ma-parole-le-9-decembre-2023-a-la-maison-du-theatre-damiens","status":"publish","type":"post","link":"https:\/\/www.assocardan.org\/?p=9558","title":{"rendered":"Ma Parole, le 9 d\u00e9cembre 2023, \u00e0 la Maison du th\u00e9\u00e2tre d\u2019Amiens"},"content":{"rendered":"\n<p class=\"has-text-align-center\" style=\"font-size:25px\"><em><\/em><em>\u00ab Pourquoi travaillons-nous ? \u00bb<\/em><\/p>\n\n\n\n<div style=\"height:10px\" aria-hidden=\"true\" class=\"wp-block-spacer\"><\/div>\n\n\n\n<p>C&#8217;est le th\u00e8me du festival Ma Parole cette ann\u00e9e.<\/p>\n\n\n\n<p>Venez partager une journ\u00e9e d&#8217;\u00e9changes et de convivialit\u00e9 le <strong>Samedi 9 d\u00e9cembre<\/strong> \u00e0 la <strong>Maison du th\u00e9\u00e2tre d&#8217;Amiens<\/strong>.<\/p>\n\n\n\n<!--more-->\n\n\n\n<div style=\"height:30px\" aria-hidden=\"true\" class=\"wp-block-spacer\"><\/div>\n\n\n\n<div class=\"wp-block-columns is-layout-flex wp-container-core-columns-is-layout-9d6595d7 wp-block-columns-is-layout-flex\">\n<div class=\"wp-block-column is-layout-flow wp-block-column-is-layout-flow\" style=\"flex-basis:33.33%\">\n<figure class=\"wp-block-image size-large\"><a href=\"http:\/\/www.assocardan.org\/PDF\/affiche_MP_2023.pdf\" target=\"_blank\" rel=\"noopener\"><img loading=\"lazy\" decoding=\"async\" width=\"309\" height=\"447\" src=\"http:\/\/www.assocardan.org\/wp-content\/uploads\/2023\/11\/img_MP2023.png\" alt=\"\" class=\"wp-image-9559\" srcset=\"https:\/\/www.assocardan.org\/wp-content\/uploads\/2023\/11\/img_MP2023.png 309w, https:\/\/www.assocardan.org\/wp-content\/uploads\/2023\/11\/img_MP2023-207x300.png 207w, https:\/\/www.assocardan.org\/wp-content\/uploads\/2023\/11\/img_MP2023-150x217.png 150w, https:\/\/www.assocardan.org\/wp-content\/uploads\/2023\/11\/img_MP2023-100x145.png 100w\" sizes=\"auto, (max-width: 309px) 100vw, 309px\" \/><\/a><figcaption>Cliquez sur l\u2019image pour lire le programme au format PDF.<\/figcaption><\/figure>\n<\/div>\n\n\n\n<div class=\"wp-block-column is-layout-flow wp-block-column-is-layout-flow\" style=\"flex-basis:66.66%\">\n<p><strong>Au Programme<\/strong> :<\/p>\n\n\n\n<p><strong>10 h<\/strong> : <strong>Causerie savante et populaire<\/strong> pour r\u00e9fl\u00e9chir ensemble et \u00e9changer.<\/p>\n\n\n\n<p><strong>12 h<\/strong> : <strong>Repas en commun<\/strong> avec le dispositif de soutien de la <strong>Fondation de France<\/strong>. <\/p>\n\n\n\n<p class=\"has-vivid-red-color has-text-color has-small-font-size\"><em><strong>ATTENTION <\/strong><\/em>: <em>L&#8217;inscription pour le repas du midi est obligatoire. Veuillez remplir le<strong> <a rel=\"noreferrer noopener\" href=\"http:\/\/www.assocardan.org\/PDF\/coupon_ma_parole_2023.pdf\" target=\"_blank\">coupon d&#8217;inscription suivant<\/a><\/strong> et le retourner \u00e0 l&#8217;association Cardan (L&#8217;adresse e-mail est pr\u00e9sente sur le coupon r\u00e9ponse).<\/em> <em><a rel=\"noreferrer noopener\" href=\"http:\/\/www.assocardan.org\/PDF\/coupon_ma_parole_2023.pdf\" target=\"_blank\"><strong>Cliquez ici pour t\u00e9l\u00e9charge<\/strong><\/a><a rel=\"noreferrer noopener\" href=\"http:\/\/www.assocardan.org\/PDF\/coupon_ma_parole_2023.pdf\" target=\"_blank\"><strong>r <\/strong><\/a><a rel=\"noreferrer noopener\" href=\"http:\/\/www.assocardan.org\/PDF\/coupon_ma_parole_2023.pdf\" target=\"_blank\"><strong>le coupon \u00e0 remplir<\/strong>.<\/a><\/em><\/p>\n\n\n\n<p><strong>14 h<\/strong> : <strong>Sayn\u00e8tes de th\u00e9\u00e2tre populaire<\/strong> lus par des groupes, des travailleuses et des travailleurs de Somme Emploi Service, Les Ateliers du Val de Selle,  de l&#8217;EPSOMS, de Cayeux et d&#8217;Abbeville&#8230;<\/p>\n\n\n\n<p><strong>17 h<\/strong> : <strong>Conf\u00e9rence d\u00e9bat<\/strong> avec St\u00e9phane Lleres, en partenariat avec Cit\u00e9 Philo et l&#8217;Universit\u00e9 populaire d&#8217;Amiens.<\/p>\n\n\n\n<div style=\"height:20px\" aria-hidden=\"true\" class=\"wp-block-spacer\"><\/div>\n\n\n\n<p>Ma Parole est soutenu par la <strong>Fondation de France<\/strong>, les <strong>Conseil d\u00e9partemental de la Somme<\/strong>.<\/p>\n\n\n\n<p>C&#8217;est gratuit et ouvert \u00e0 toutes et tous !<\/p>\n<\/div>\n<\/div>\n","protected":false},"excerpt":{"rendered":"<p>\u00ab Pourquoi travaillons-nous ? \u00bb C&#8217;est le th\u00e8me du festival Ma Parole cette ann\u00e9e. Venez partager une journ\u00e9e d&#8217;\u00e9changes et de convivialit\u00e9 le Samedi 9 d\u00e9cembre \u00e0 la Maison du [&hellip;]<\/p>\n","protected":false},"author":1,"featured_media":9559,"comment_status":"closed","ping_status":"closed","sticky":false,"template":"","format":"standard","meta":{"footnotes":""},"categories":[221],"tags":[126,421,415,107,342,482],"class_list":["post-9558","post","type-post","status-publish","format-standard","has-post-thumbnail","hentry","category-ma-parole","tag-amiens","tag-cardan","tag-citephilo","tag-festival-ma-parole","tag-maison-du-theatre","tag-universite-populaire-damiens"],"_links":{"self":[{"href":"https:\/\/www.assocardan.org\/index.php?rest_route=\/wp\/v2\/posts\/9558","targetHints":{"allow":["GET"]}}],"collection":[{"href":"https:\/\/www.assocardan.org\/index.php?rest_route=\/wp\/v2\/posts"}],"about":[{"href":"https:\/\/www.assocardan.org\/index.php?rest_route=\/wp\/v2\/types\/post"}],"author":[{"embeddable":true,"href":"https:\/\/www.assocardan.org\/index.php?rest_route=\/wp\/v2\/users\/1"}],"replies":[{"embeddable":true,"href":"https:\/\/www.assocardan.org\/index.php?rest_route=%2Fwp%2Fv2%2Fcomments&post=9558"}],"version-history":[{"count":14,"href":"https:\/\/www.assocardan.org\/index.php?rest_route=\/wp\/v2\/posts\/9558\/revisions"}],"predecessor-version":[{"id":9575,"href":"https:\/\/www.assocardan.org\/index.php?rest_route=\/wp\/v2\/posts\/9558\/revisions\/9575"}],"wp:featuredmedia":[{"embeddable":true,"href":"https:\/\/www.assocardan.org\/index.php?rest_route=\/wp\/v2\/media\/9559"}],"wp:attachment":[{"href":"https:\/\/www.assocardan.org\/index.php?rest_route=%2Fwp%2Fv2%2Fmedia&parent=9558"}],"wp:term":[{"taxonomy":"category","embeddable":true,"href":"https:\/\/www.assocardan.org\/index.php?rest_route=%2Fwp%2Fv2%2Fcategories&post=9558"},{"taxonomy":"post_tag","embeddable":true,"href":"https:\/\/www.assocardan.org\/index.php?rest_route=%2Fwp%2Fv2%2Ftags&post=9558"}],"curies":[{"name":"wp","href":"https:\/\/api.w.org\/{rel}","templated":true}]}}