{"id":9606,"date":"2024-05-16T13:46:34","date_gmt":"2024-05-16T11:46:34","guid":{"rendered":"https:\/\/www.assocardan.org\/?p=9606"},"modified":"2024-05-16T13:48:53","modified_gmt":"2024-05-16T11:48:53","slug":"leitura-furiosa-du-18-au-26-mai-2024","status":"publish","type":"post","link":"https:\/\/www.assocardan.org\/?p=9606","title":{"rendered":"LEITURA FURIOSA du 18 au 26 mai 2024"},"content":{"rendered":"\n<p><em>Y\u2019a de quoi lire, visiter, voyager, d\u00e9couvrir, grandir, se d\u00e9velopper, apprendre, reprendre, \u00e9changer\u2026 Nourrir le corps et l\u2019esprit : \u00ab des mets, les mots ! \u00bb<\/em><\/p>\n\n\n\n<!--more-->\n\n\n\n<div style=\"height:30px\" aria-hidden=\"true\" class=\"wp-block-spacer\"><\/div>\n\n\n\n<div class=\"wp-block-image\"><figure class=\"aligncenter size-large is-resized\"><a href=\"https:\/\/www.assocardan.org\/wp-content\/uploads\/2024\/05\/affiche_LF2024.png\" target=\"_blank\" rel=\"noopener\"><img loading=\"lazy\" decoding=\"async\" src=\"http:\/\/www.assocardan.org\/wp-content\/uploads\/2024\/05\/affiche_LF2024.png\" alt=\"\" class=\"wp-image-9638\" width=\"301\" height=\"428\" srcset=\"https:\/\/www.assocardan.org\/wp-content\/uploads\/2024\/05\/affiche_LF2024.png 662w, https:\/\/www.assocardan.org\/wp-content\/uploads\/2024\/05\/affiche_LF2024-211x300.png 211w, https:\/\/www.assocardan.org\/wp-content\/uploads\/2024\/05\/affiche_LF2024-400x569.png 400w, https:\/\/www.assocardan.org\/wp-content\/uploads\/2024\/05\/affiche_LF2024-430x612.png 430w, https:\/\/www.assocardan.org\/wp-content\/uploads\/2024\/05\/affiche_LF2024-150x213.png 150w, https:\/\/www.assocardan.org\/wp-content\/uploads\/2024\/05\/affiche_LF2024-100x142.png 100w\" sizes=\"auto, (max-width: 301px) 100vw, 301px\" \/><\/a><\/figure><\/div>\n\n\n\n<p>Depuis 1992, <strong>Cardan <\/strong>organise <strong>Leitura Furiosa<\/strong>, une manifestation litt\u00e9raire insolite. <\/p>\n\n\n\n<p>Chaque ann\u00e9e, une vingtaine de groupes de personnes &#8220;f\u00e2ch\u00e9es&#8221; avec la lecture font connaissance avec une vingtaine d&#8217;autrices et d&#8217;auteurs. De ces rencontres, naissent des textes originaux qui sont illustr\u00e9s, imprim\u00e9s, affich\u00e9s et lus sur la sc\u00e8ne de la Maison de la Culture d&#8217;Amiens. <\/p>\n\n\n\n<p>Et les textes sont imprim\u00e9s dans le Courrier Picard, mais pour cela, <a href=\"https:\/\/www.helloasso.com\/associations\/cardan\/collectes\/leitura-furiosa-31-dans-le-courrier-picard-du-26-mai-2024\" target=\"_blank\" rel=\"noreferrer noopener\">Cardan a besoin de vous<\/a>.<\/p>\n\n\n\n<div style=\"height:20px\" aria-hidden=\"true\" class=\"wp-block-spacer\"><\/div>\n\n\n\n<p>Nous vous invitons \u00e0 participer \u00e0 la <strong>31\u00e8me \u00e9dition<\/strong> de <strong>LEITURA FURIOSA<\/strong> qui aura lieu du <strong>18 au 26 mai 2024<\/strong>. <\/p>\n\n\n\n<div style=\"height:20px\" aria-hidden=\"true\" class=\"wp-block-spacer\"><\/div>\n\n\n\n<p>Voici le programme :<\/p>\n\n\n\n<div style=\"height:20px\" aria-hidden=\"true\" class=\"wp-block-spacer\"><\/div>\n\n\n\n<h5 class=\"wp-block-heading\">SAMEDI 18 MAI<\/h5>\n\n\n\n<p>\u00c0 15h : Nicolas Jaillet et C\u00e9cile Hennerolles d\u00e9dicaceront leurs livres \u00e0 la librairie Pages d&#8217;Encre.<\/p>\n\n\n\n<p>\u00c0 18h30 : Concert propos\u00e9 par \u00ab La Joie du Bonheur \u00bb au Capuccino.<\/p>\n\n\n\n<div style=\"height:10px\" aria-hidden=\"true\" class=\"wp-block-spacer\"><\/div>\n\n\n\n<h5 class=\"wp-block-heading\">LES 21, 22, 23 ET 24 MAI<\/h5>\n\n\n\n<p>\u00c0 18h \u00e0 la librairie Pages d&#8217;Encre : de furieux lecteurs vous donneront \u00e0 entendre une s\u00e9lection de textes des \u00e9ditions ant\u00e9rieures de Leitura Furiosa.<\/p>\n\n\n\n<div style=\"height:10px\" aria-hidden=\"true\" class=\"wp-block-spacer\"><\/div>\n\n\n\n<h5 class=\"wp-block-heading\">VENDREDI 24 MAI<\/h5>\n\n\n\n<p>\u00c0 16H30 \u00e0 la biblioth\u00e8que de Conty : vous assisterez \u00e0 un Raffut de lecture.<\/p>\n\n\n\n<div style=\"height:10px\" aria-hidden=\"true\" class=\"wp-block-spacer\"><\/div>\n\n\n\n<h5 class=\"wp-block-heading\">SAMEDI 25 MAI<\/h5>\n\n\n\n<p>L&#8217;apr\u00e8s-midi, des ateliers sont install\u00e9s devant les librairies ami\u00e9noises : Al\u00e9atoire &#8211; Labyrinthe &#8211; Bulle en stock &#8211; Pages d&#8217;Encre &#8211; Martelle &#8211; L&#8217;imprimerie &#8211; Au chat qui lit &#8211; La th\u00e9i\u00e8re de la libraire.<\/p>\n\n\n\n<ul class=\"wp-block-list\"><li>Atelier sur les 5 Sens avec Thierry Stasiuk.<\/li><li>Atelier typographie<\/li><li>Atelier 30 ans d&#8217;illustrations<\/li><li>Atelier tampons tote-bags<\/li><li>Atelier gravure sur T\u00e9tra Pak<\/li><li>Atelier alphabet \u00e0 recr\u00e9er<\/li><li>Atelier cartes postales bougie et aquarelle<\/li><li>Atelier pochoirs<\/li><\/ul>\n\n\n\n<div style=\"height:10px\" aria-hidden=\"true\" class=\"wp-block-spacer\"><\/div>\n\n\n\n<h5 class=\"wp-block-heading\">DIMANCHE 26 MAI<\/h5>\n\n\n\n<p>\u00c0 la Maison de la Culture d&#8217;Amiens : <\/p>\n\n\n\n<p>Les textes illustr\u00e9s sont affich\u00e9s (25m\u00b2 de litt\u00e9rature toute fraiche). <\/p>\n\n\n\n<p>Les brochures sont distribu\u00e9es (\u00e9dition en cahier central du Courrier Picard). <\/p>\n\n\n\n<p>Les ateliers (s\u00e9rigraphie, calligraphie, typographie, \u00e9criture\u2026) sont propos\u00e9s. <\/p>\n\n\n\n<p>Une librairie propose les ouvrages des auteurs pr\u00e9sents.<\/p>\n\n\n\n<p>Une biblioth\u00e8que est install\u00e9e dans le hall.<\/p>\n\n\n\n<p>Les textes \u00e9crits le vendredi sont lus \u00e0 haute voix sur la sc\u00e8ne du Petit Th\u00e9\u00e2tre, entrecoup\u00e9s d\u2019interm\u00e8des chant\u00e9s et jou\u00e9s.<\/p>\n\n\n\n<p>Un repas sur le pouce r\u00e9unit tous les participants.<\/p>\n\n\n\n<p>Une d\u00e9dicace musicale cl\u00f4t la manifestation.<\/p>\n\n\n\n<div style=\"height:30px\" aria-hidden=\"true\" class=\"wp-block-spacer\"><\/div>\n\n\n\n<p>Tout est gratuit et libre d\u2019acc\u00e8s. <\/p>\n\n\n\n<p>Pas besoin de s&#8217;inscrire, sauf pour le pique-nique de dimanche. <a rel=\"noreferrer noopener\" href=\"http:\/\/www.assocardan.org\/Leitura_Furiosa\/LF2024\/invit%20LF%202024.pdf\" target=\"_blank\">Cliquez sur ce lien<\/a> et retourner le coupon r\u00e9ponse au Cardan.<\/p>\n\n\n\n<div style=\"height:10px\" aria-hidden=\"true\" class=\"wp-block-spacer\"><\/div>\n\n\n\n<p>On vous attend.<\/p>\n\n\n\n<div style=\"height:40px\" aria-hidden=\"true\" class=\"wp-block-spacer\"><\/div>\n\n\n\n<div class=\"wp-block-columns is-layout-flex wp-container-core-columns-is-layout-9d6595d7 wp-block-columns-is-layout-flex\">\n<div class=\"wp-block-column is-layout-flow wp-block-column-is-layout-flow\">\n<div class=\"wp-block-image\"><figure class=\"aligncenter size-large is-resized\"><a href=\"https:\/\/www.assocardan.org\/wp-content\/uploads\/2024\/05\/LF2024_ouverture.jpg\" target=\"_blank\" rel=\"noopener\"><img loading=\"lazy\" decoding=\"async\" src=\"http:\/\/www.assocardan.org\/wp-content\/uploads\/2024\/05\/LF2024_ouverture.jpg\" alt=\"\" class=\"wp-image-9639\" width=\"294\" height=\"265\" srcset=\"https:\/\/www.assocardan.org\/wp-content\/uploads\/2024\/05\/LF2024_ouverture.jpg 902w, https:\/\/www.assocardan.org\/wp-content\/uploads\/2024\/05\/LF2024_ouverture-750x679.jpg 750w, https:\/\/www.assocardan.org\/wp-content\/uploads\/2024\/05\/LF2024_ouverture-400x362.jpg 400w, https:\/\/www.assocardan.org\/wp-content\/uploads\/2024\/05\/LF2024_ouverture-430x389.jpg 430w, https:\/\/www.assocardan.org\/wp-content\/uploads\/2024\/05\/LF2024_ouverture-150x136.jpg 150w, https:\/\/www.assocardan.org\/wp-content\/uploads\/2024\/05\/LF2024_ouverture-100x91.jpg 100w\" sizes=\"auto, (max-width: 294px) 100vw, 294px\" \/><\/a><\/figure><\/div>\n<\/div>\n\n\n\n<div class=\"wp-block-column is-vertically-aligned-center is-layout-flow wp-block-column-is-layout-flow\" style=\"flex-basis:40%\">\n<img loading=\"lazy\" decoding=\"async\" src=\"http:\/\/www.assocardan.org\/Leitura_Furiosa\/LF2024\/Animation_LF2024.gif\" alt=\"Leitura Furiosa 2024\" width=\"200\" height=\"250\"\/>\n<\/div>\n<\/div>\n\n\n\n<p><\/p>\n","protected":false},"excerpt":{"rendered":"<p>Y\u2019a de quoi lire, visiter, voyager, d\u00e9couvrir, grandir, se d\u00e9velopper, apprendre, reprendre, \u00e9changer\u2026 Nourrir le corps et l\u2019esprit : \u00ab des mets, les mots ! \u00bb<\/p>\n","protected":false},"author":1,"featured_media":9638,"comment_status":"closed","ping_status":"closed","sticky":false,"template":"","format":"standard","meta":{"footnotes":""},"categories":[204,483],"tags":[421,44,484,58],"class_list":["post-9606","post","type-post","status-publish","format-standard","has-post-thumbnail","hentry","category-leitura-furiosa","category-leitura-furiosa-2024","tag-cardan","tag-leitura-furiosa","tag-leitura-furiosa-2024","tag-maison-de-la-culture"],"_links":{"self":[{"href":"https:\/\/www.assocardan.org\/index.php?rest_route=\/wp\/v2\/posts\/9606","targetHints":{"allow":["GET"]}}],"collection":[{"href":"https:\/\/www.assocardan.org\/index.php?rest_route=\/wp\/v2\/posts"}],"about":[{"href":"https:\/\/www.assocardan.org\/index.php?rest_route=\/wp\/v2\/types\/post"}],"author":[{"embeddable":true,"href":"https:\/\/www.assocardan.org\/index.php?rest_route=\/wp\/v2\/users\/1"}],"replies":[{"embeddable":true,"href":"https:\/\/www.assocardan.org\/index.php?rest_route=%2Fwp%2Fv2%2Fcomments&post=9606"}],"version-history":[{"count":39,"href":"https:\/\/www.assocardan.org\/index.php?rest_route=\/wp\/v2\/posts\/9606\/revisions"}],"predecessor-version":[{"id":9651,"href":"https:\/\/www.assocardan.org\/index.php?rest_route=\/wp\/v2\/posts\/9606\/revisions\/9651"}],"wp:featuredmedia":[{"embeddable":true,"href":"https:\/\/www.assocardan.org\/index.php?rest_route=\/wp\/v2\/media\/9638"}],"wp:attachment":[{"href":"https:\/\/www.assocardan.org\/index.php?rest_route=%2Fwp%2Fv2%2Fmedia&parent=9606"}],"wp:term":[{"taxonomy":"category","embeddable":true,"href":"https:\/\/www.assocardan.org\/index.php?rest_route=%2Fwp%2Fv2%2Fcategories&post=9606"},{"taxonomy":"post_tag","embeddable":true,"href":"https:\/\/www.assocardan.org\/index.php?rest_route=%2Fwp%2Fv2%2Ftags&post=9606"}],"curies":[{"name":"wp","href":"https:\/\/api.w.org\/{rel}","templated":true}]}}