{"id":9653,"date":"2024-05-23T17:55:05","date_gmt":"2024-05-23T15:55:05","guid":{"rendered":"https:\/\/www.assocardan.org\/?p=9653"},"modified":"2024-05-23T17:55:06","modified_gmt":"2024-05-23T15:55:06","slug":"leitura-furiosa-la-fureur-de-dire","status":"publish","type":"post","link":"https:\/\/www.assocardan.org\/?p=9653","title":{"rendered":"Leitura Furiosa, la fureur de dire"},"content":{"rendered":"\n<p>Voici un article publi\u00e9 par Amiens M\u00e9tropole, le 21 mai 2024, \u00e0 l&#8217;occasion de la 31\u00e8me \u00e9dition de LEITURA FURIOSA.<\/p>\n\n\n\n<!--more-->\n\n\n\n<div style=\"height:10px\" aria-hidden=\"true\" class=\"wp-block-spacer\"><\/div>\n\n\n\n<div style=\"height:20px\" aria-hidden=\"true\" class=\"wp-block-spacer\"><\/div>\n\n\n\n<p><em>Cliquez sur l\u2019image ci-dessous pour lire l\u2019article.<\/em><\/p>\n\n\n\n<div class=\"wp-block-image\"><figure class=\"aligncenter size-large is-resized\"><a href=\"https:\/\/www.amiens.fr\/Liens-utiles\/JDA\/Les-plus-du-JDA\/articles\/Leitura-Furiosa-la-fureur-de-dire\" target=\"_blank\" rel=\"noopener\"><img loading=\"lazy\" decoding=\"async\" src=\"http:\/\/www.assocardan.org\/wp-content\/uploads\/2024\/05\/LF2024-JDA-21-05-24.png\" alt=\"\" class=\"wp-image-9654\" width=\"590\" height=\"586\" srcset=\"https:\/\/www.assocardan.org\/wp-content\/uploads\/2024\/05\/LF2024-JDA-21-05-24.png 828w, https:\/\/www.assocardan.org\/wp-content\/uploads\/2024\/05\/LF2024-JDA-21-05-24-300x298.png 300w, https:\/\/www.assocardan.org\/wp-content\/uploads\/2024\/05\/LF2024-JDA-21-05-24-150x149.png 150w, https:\/\/www.assocardan.org\/wp-content\/uploads\/2024\/05\/LF2024-JDA-21-05-24-750x745.png 750w, https:\/\/www.assocardan.org\/wp-content\/uploads\/2024\/05\/LF2024-JDA-21-05-24-400x397.png 400w, https:\/\/www.assocardan.org\/wp-content\/uploads\/2024\/05\/LF2024-JDA-21-05-24-430x427.png 430w, https:\/\/www.assocardan.org\/wp-content\/uploads\/2024\/05\/LF2024-JDA-21-05-24-100x99.png 100w\" sizes=\"auto, (max-width: 590px) 100vw, 590px\" \/><\/a><\/figure><\/div>\n\n\n\n<div style=\"height:10px\" aria-hidden=\"true\" class=\"wp-block-spacer\"><\/div>\n\n\n\n<p>Leitura Furiosa a lieu cette semaine <strong>jusqu&#8217;au 26 mai<\/strong>. Pour plus de d\u00e9tails sur le programme, <strong><a rel=\"noreferrer noopener\" href=\"https:\/\/www.assocardan.org\/?p=9606\" target=\"_blank\">cliquez ici<\/a><\/strong>.<\/p>\n","protected":false},"excerpt":{"rendered":"<p>Voici un article publi\u00e9 par Amiens M\u00e9tropole, le 21 mai 2024, \u00e0 l&#8217;occasion de la 31\u00e8me \u00e9dition de LEITURA FURIOSA.<\/p>\n","protected":false},"author":1,"featured_media":9654,"comment_status":"closed","ping_status":"closed","sticky":false,"template":"","format":"standard","meta":{"footnotes":""},"categories":[204,483,90],"tags":[126,334,44,484,58],"class_list":["post-9653","post","type-post","status-publish","format-standard","has-post-thumbnail","hentry","category-leitura-furiosa","category-leitura-furiosa-2024","category-revue-de-presse","tag-amiens","tag-jda","tag-leitura-furiosa","tag-leitura-furiosa-2024","tag-maison-de-la-culture"],"_links":{"self":[{"href":"https:\/\/www.assocardan.org\/index.php?rest_route=\/wp\/v2\/posts\/9653","targetHints":{"allow":["GET"]}}],"collection":[{"href":"https:\/\/www.assocardan.org\/index.php?rest_route=\/wp\/v2\/posts"}],"about":[{"href":"https:\/\/www.assocardan.org\/index.php?rest_route=\/wp\/v2\/types\/post"}],"author":[{"embeddable":true,"href":"https:\/\/www.assocardan.org\/index.php?rest_route=\/wp\/v2\/users\/1"}],"replies":[{"embeddable":true,"href":"https:\/\/www.assocardan.org\/index.php?rest_route=%2Fwp%2Fv2%2Fcomments&post=9653"}],"version-history":[{"count":5,"href":"https:\/\/www.assocardan.org\/index.php?rest_route=\/wp\/v2\/posts\/9653\/revisions"}],"predecessor-version":[{"id":9659,"href":"https:\/\/www.assocardan.org\/index.php?rest_route=\/wp\/v2\/posts\/9653\/revisions\/9659"}],"wp:featuredmedia":[{"embeddable":true,"href":"https:\/\/www.assocardan.org\/index.php?rest_route=\/wp\/v2\/media\/9654"}],"wp:attachment":[{"href":"https:\/\/www.assocardan.org\/index.php?rest_route=%2Fwp%2Fv2%2Fmedia&parent=9653"}],"wp:term":[{"taxonomy":"category","embeddable":true,"href":"https:\/\/www.assocardan.org\/index.php?rest_route=%2Fwp%2Fv2%2Fcategories&post=9653"},{"taxonomy":"post_tag","embeddable":true,"href":"https:\/\/www.assocardan.org\/index.php?rest_route=%2Fwp%2Fv2%2Ftags&post=9653"}],"curies":[{"name":"wp","href":"https:\/\/api.w.org\/{rel}","templated":true}]}}