{"id":9692,"date":"2024-05-28T17:51:47","date_gmt":"2024-05-28T15:51:47","guid":{"rendered":"https:\/\/www.assocardan.org\/?p=9692"},"modified":"2024-06-07T19:10:29","modified_gmt":"2024-06-07T17:10:29","slug":"leitura-furiosa-2024-les-mensonges-quest-ce-que-ca-peut-nous-faire","status":"publish","type":"post","link":"https:\/\/www.assocardan.org\/?p=9692","title":{"rendered":"[Leitura Furiosa 2024] \u2013 Les mensonges, Qu&#8217;est ce que \u00e7a peut nous faire ?"},"content":{"rendered":"\n<p>Un texte de Sophie Ch\u00e9rer avec Silya Alphatehi, Mila de Bosquille, Lisa Bovelli, Pauline Delanchy, Insequet\u00e9, Solana Jacquemin, Onix, Noam Langlet, Abiga\u00ebl Levert, Irisa Lisbonne, Brandon Mille, Laura Nana, Raino, Suzanne Ravenez, Lorenzo Suiveng.<\/p>\n\n\n\n<!--more-->\n\n\n\n<div style=\"height:40px\" aria-hidden=\"true\" class=\"wp-block-spacer\"><\/div>\n\n\n\n<p><u>\u00c9coutez le texte<\/u> :<\/p>\n\n\n\n<figure class=\"wp-block-audio\"><audio controls src=\"http:\/\/www.assocardan.org\/Leitura_Furiosa\/LF2024\/Lectures-audio\/Les%20mensonges%20qu%27est-ce%20que%20%C3%A7a%20peut%20nous%20faire.mp3\" preload=\"none\"><\/audio><\/figure>\n\n\n\n<div style=\"height:20px\" aria-hidden=\"true\" class=\"wp-block-spacer\"><\/div>\n\n\n\n<p><u>Lisez le texte<\/u> :<\/p>\n\n\n\n<p>En cas de probl\u00e8me d\u2019affichage du texte, vous pouvez <strong><a href=\"http:\/\/www.assocardan.org\/Leitura_Furiosa\/LF2024\/Textes_LF2024\/Affiches_LF24-Cherer.pdf\" target=\"_blank\" rel=\"noreferrer noopener\">t\u00e9l\u00e9charger le fichier PDF<\/a><\/strong>.<\/p>\n\n\n<iframe src=\"\/\/docs.google.com\/viewer?url=http%3A%2F%2Fwww.assocardan.org%2FLeitura_Furiosa%2FLF2024%2FTextes_LF2024%2FAffiches_LF24-Cherer.pdf&hl=fr&embedded=true\" class=\"gde-frame\" style=\"width:100%; height:500px; border: none;\" scrolling=\"no\"><\/iframe>\n<p class=\"gde-text\"><a href=\"http:\/\/www.assocardan.org\/Leitura_Furiosa\/LF2024\/Textes_LF2024\/Affiches_LF24-Cherer.pdf\" class=\"gde-link\">T\u00e9l\u00e9charger (PDF, 770KB)<\/a><\/p>\n","protected":false},"excerpt":{"rendered":"<p>Un texte de Sophie Ch\u00e9rer avec Silya Alphatehi, Mila de Bosquille, Lisa Bovelli, Pauline Delanchy, Insequet\u00e9, Solana Jacquemin, Onix, Noam Langlet, Abiga\u00ebl Levert, Irisa Lisbonne, Brandon Mille, Laura Nana, Raino, [&hellip;]<\/p>\n","protected":false},"author":1,"featured_media":9695,"comment_status":"closed","ping_status":"closed","sticky":false,"template":"","format":"standard","meta":{"footnotes":""},"categories":[204,483],"tags":[126,421,44,484,58,487],"class_list":["post-9692","post","type-post","status-publish","format-standard","has-post-thumbnail","hentry","category-leitura-furiosa","category-leitura-furiosa-2024","tag-amiens","tag-cardan","tag-leitura-furiosa","tag-leitura-furiosa-2024","tag-maison-de-la-culture","tag-sophie-cherer"],"_links":{"self":[{"href":"https:\/\/www.assocardan.org\/index.php?rest_route=\/wp\/v2\/posts\/9692","targetHints":{"allow":["GET"]}}],"collection":[{"href":"https:\/\/www.assocardan.org\/index.php?rest_route=\/wp\/v2\/posts"}],"about":[{"href":"https:\/\/www.assocardan.org\/index.php?rest_route=\/wp\/v2\/types\/post"}],"author":[{"embeddable":true,"href":"https:\/\/www.assocardan.org\/index.php?rest_route=\/wp\/v2\/users\/1"}],"replies":[{"embeddable":true,"href":"https:\/\/www.assocardan.org\/index.php?rest_route=%2Fwp%2Fv2%2Fcomments&post=9692"}],"version-history":[{"count":4,"href":"https:\/\/www.assocardan.org\/index.php?rest_route=\/wp\/v2\/posts\/9692\/revisions"}],"predecessor-version":[{"id":9785,"href":"https:\/\/www.assocardan.org\/index.php?rest_route=\/wp\/v2\/posts\/9692\/revisions\/9785"}],"wp:featuredmedia":[{"embeddable":true,"href":"https:\/\/www.assocardan.org\/index.php?rest_route=\/wp\/v2\/media\/9695"}],"wp:attachment":[{"href":"https:\/\/www.assocardan.org\/index.php?rest_route=%2Fwp%2Fv2%2Fmedia&parent=9692"}],"wp:term":[{"taxonomy":"category","embeddable":true,"href":"https:\/\/www.assocardan.org\/index.php?rest_route=%2Fwp%2Fv2%2Fcategories&post=9692"},{"taxonomy":"post_tag","embeddable":true,"href":"https:\/\/www.assocardan.org\/index.php?rest_route=%2Fwp%2Fv2%2Ftags&post=9692"}],"curies":[{"name":"wp","href":"https:\/\/api.w.org\/{rel}","templated":true}]}}