{"id":9739,"date":"2024-05-28T19:29:12","date_gmt":"2024-05-28T17:29:12","guid":{"rendered":"https:\/\/www.assocardan.org\/?p=9739"},"modified":"2024-06-07T18:47:26","modified_gmt":"2024-06-07T16:47:26","slug":"leitura-furiosa-2024-copropriete","status":"publish","type":"post","link":"https:\/\/www.assocardan.org\/?p=9739","title":{"rendered":"[Leitura Furiosa 2024] \u2013 Copropri\u00e9t\u00e9"},"content":{"rendered":"\n<p>Un texte de Rui Manuel Amaral avec Adilson Garcia, Ant\u00f3nio Martins, Avelino Silva, Em\u00edlio Costa, Hilquias Oliveira, Joaquim Jorge, Khaled Ouchtati, Rida Zeggaf, R\u00faben Pinto et Bruno Borges \u00e0 Casa da Rua Traduction de Amarante Abramovici Police d\u2019Arnaud.<\/p>\n\n\n\n<!--more-->\n\n\n\n<div style=\"height:40px\" aria-hidden=\"true\" class=\"wp-block-spacer\"><\/div>\n\n\n\n<p><u>Lisez le texte<\/u> :<\/p>\n\n\n\n<figure class=\"wp-block-audio\"><audio controls src=\"http:\/\/www.assocardan.org\/Leitura_Furiosa\/LF2024\/Lectures-audio\/Copropri%C3%A9t%C3%A9.mp3\" preload=\"none\"><\/audio><\/figure>\n\n\n\n<div style=\"height:20px\" aria-hidden=\"true\" class=\"wp-block-spacer\"><\/div>\n\n\n\n<p><u>\u00c9coutez le texte<\/u> :<\/p>\n\n\n\n<p>En cas de probl\u00e8me d\u2019affichage du texte, vous pouvez <strong><a href=\"http:\/\/www.assocardan.org\/Leitura_Furiosa\/LF2024\/Textes_LF2024\/Affiches_LF24-Amaral.pdf\" target=\"_blank\" rel=\"noreferrer noopener\">t\u00e9l\u00e9charger le fichier PDF<\/a><\/strong>.<\/p>\n\n\n<iframe src=\"\/\/docs.google.com\/viewer?url=http%3A%2F%2Fwww.assocardan.org%2FLeitura_Furiosa%2FLF2024%2FTextes_LF2024%2FAffiches_LF24-Amaral.pdf&hl=fr&embedded=true\" class=\"gde-frame\" style=\"width:100%; height:500px; border: none;\" scrolling=\"no\"><\/iframe>\n<p class=\"gde-text\"><a href=\"http:\/\/www.assocardan.org\/Leitura_Furiosa\/LF2024\/Textes_LF2024\/Affiches_LF24-Amaral.pdf\" class=\"gde-link\">T\u00e9l\u00e9charger (PDF, 376KB)<\/a><\/p>\n\n\n\n<p><\/p>\n","protected":false},"excerpt":{"rendered":"<p>Un texte de Rui Manuel Amaral avec Adilson Garcia, Ant\u00f3nio Martins, Avelino Silva, Em\u00edlio Costa, Hilquias Oliveira, Joaquim Jorge, Khaled Ouchtati, Rida Zeggaf, R\u00faben Pinto et Bruno Borges \u00e0 Casa [&hellip;]<\/p>\n","protected":false},"author":1,"featured_media":9740,"comment_status":"closed","ping_status":"closed","sticky":false,"template":"","format":"standard","meta":{"footnotes":""},"categories":[204,483],"tags":[126,421,44,484,58,493],"class_list":["post-9739","post","type-post","status-publish","format-standard","has-post-thumbnail","hentry","category-leitura-furiosa","category-leitura-furiosa-2024","tag-amiens","tag-cardan","tag-leitura-furiosa","tag-leitura-furiosa-2024","tag-maison-de-la-culture","tag-rui-manuel-amaral"],"_links":{"self":[{"href":"https:\/\/www.assocardan.org\/index.php?rest_route=\/wp\/v2\/posts\/9739","targetHints":{"allow":["GET"]}}],"collection":[{"href":"https:\/\/www.assocardan.org\/index.php?rest_route=\/wp\/v2\/posts"}],"about":[{"href":"https:\/\/www.assocardan.org\/index.php?rest_route=\/wp\/v2\/types\/post"}],"author":[{"embeddable":true,"href":"https:\/\/www.assocardan.org\/index.php?rest_route=\/wp\/v2\/users\/1"}],"replies":[{"embeddable":true,"href":"https:\/\/www.assocardan.org\/index.php?rest_route=%2Fwp%2Fv2%2Fcomments&post=9739"}],"version-history":[{"count":3,"href":"https:\/\/www.assocardan.org\/index.php?rest_route=\/wp\/v2\/posts\/9739\/revisions"}],"predecessor-version":[{"id":9767,"href":"https:\/\/www.assocardan.org\/index.php?rest_route=\/wp\/v2\/posts\/9739\/revisions\/9767"}],"wp:featuredmedia":[{"embeddable":true,"href":"https:\/\/www.assocardan.org\/index.php?rest_route=\/wp\/v2\/media\/9740"}],"wp:attachment":[{"href":"https:\/\/www.assocardan.org\/index.php?rest_route=%2Fwp%2Fv2%2Fmedia&parent=9739"}],"wp:term":[{"taxonomy":"category","embeddable":true,"href":"https:\/\/www.assocardan.org\/index.php?rest_route=%2Fwp%2Fv2%2Fcategories&post=9739"},{"taxonomy":"post_tag","embeddable":true,"href":"https:\/\/www.assocardan.org\/index.php?rest_route=%2Fwp%2Fv2%2Ftags&post=9739"}],"curies":[{"name":"wp","href":"https:\/\/api.w.org\/{rel}","templated":true}]}}