{"id":9836,"date":"2024-09-20T17:10:14","date_gmt":"2024-09-20T15:10:14","guid":{"rendered":"https:\/\/www.assocardan.org\/?p=9836"},"modified":"2024-09-20T17:10:49","modified_gmt":"2024-09-20T15:10:49","slug":"france-bleue-une-association-amienoise-lutte-contre-lilletrisme","status":"publish","type":"post","link":"https:\/\/www.assocardan.org\/?p=9836","title":{"rendered":"France Bleue &#8211; Une association ami\u00e9noise lutte contre l&#8217;illettrisme"},"content":{"rendered":"\n<p>Voici une interview, r\u00e9alis\u00e9e par <strong><a href=\"https:\/\/www.francebleu.fr\/emissions\/le-choix-de-la-redaction\" target=\"_blank\" rel=\"noreferrer noopener\">France Bleue<\/a><\/strong>, de Jean-Christophe Iriarte Arriola, Coordinateur de Cardan, \u00e0 l&#8217;occasion des <strong>Journ\u00e9es Nationales d&#8217;Actions contre l&#8217;Illettrisme<\/strong> (#JNAI2024) qui ont eu lieu du 8 au 15 septembre 2024.<\/p>\n\n\n\n<!--more-->\n\n\n\n<div style=\"height:20px\" aria-hidden=\"true\" class=\"wp-block-spacer\"><\/div>\n\n\n\n<figure class=\"wp-block-audio\"><audio controls src=\"https:\/\/www.assocardan.org\/wp-content\/uploads\/2024\/09\/France_Bleue_-_Une_association_amienoise_lutte_contre_lillettrisme.mp3\"><\/audio><\/figure>\n\n\n\n<div style=\"height:30px\" aria-hidden=\"true\" class=\"wp-block-spacer\"><\/div>\n\n\n\n<p>Vous pouvez visiter le site <strong><a rel=\"noreferrer noopener\" href=\"https:\/\/www.illettrisme-journees.fr\/\" target=\"_blank\">illettrisme-journees.fr<\/a><\/strong>, afin de conna\u00eetre les actions propos\u00e9es pour lutter contre l&#8217;illettrisme.<\/p>\n","protected":false},"excerpt":{"rendered":"<p>Voici une interview, r\u00e9alis\u00e9e par France Bleue, de Jean-Christophe Iriarte Arriola, Coordinateur de Cardan, \u00e0 l&#8217;occasion des Journ\u00e9es Nationales d&#8217;Actions contre l&#8217;Illettrisme (#JNAI2024) qui ont eu lieu du 8 au [&hellip;]<\/p>\n","protected":false},"author":1,"featured_media":0,"comment_status":"closed","ping_status":"closed","sticky":false,"template":"","format":"standard","meta":{"footnotes":""},"categories":[90],"tags":[126,421,494,366,480],"class_list":["post-9836","post","type-post","status-publish","format-standard","hentry","category-revue-de-presse","tag-amiens","tag-cardan","tag-france-bleue","tag-illettrisme","tag-jnai"],"_links":{"self":[{"href":"https:\/\/www.assocardan.org\/index.php?rest_route=\/wp\/v2\/posts\/9836","targetHints":{"allow":["GET"]}}],"collection":[{"href":"https:\/\/www.assocardan.org\/index.php?rest_route=\/wp\/v2\/posts"}],"about":[{"href":"https:\/\/www.assocardan.org\/index.php?rest_route=\/wp\/v2\/types\/post"}],"author":[{"embeddable":true,"href":"https:\/\/www.assocardan.org\/index.php?rest_route=\/wp\/v2\/users\/1"}],"replies":[{"embeddable":true,"href":"https:\/\/www.assocardan.org\/index.php?rest_route=%2Fwp%2Fv2%2Fcomments&post=9836"}],"version-history":[{"count":9,"href":"https:\/\/www.assocardan.org\/index.php?rest_route=\/wp\/v2\/posts\/9836\/revisions"}],"predecessor-version":[{"id":9847,"href":"https:\/\/www.assocardan.org\/index.php?rest_route=\/wp\/v2\/posts\/9836\/revisions\/9847"}],"wp:attachment":[{"href":"https:\/\/www.assocardan.org\/index.php?rest_route=%2Fwp%2Fv2%2Fmedia&parent=9836"}],"wp:term":[{"taxonomy":"category","embeddable":true,"href":"https:\/\/www.assocardan.org\/index.php?rest_route=%2Fwp%2Fv2%2Fcategories&post=9836"},{"taxonomy":"post_tag","embeddable":true,"href":"https:\/\/www.assocardan.org\/index.php?rest_route=%2Fwp%2Fv2%2Ftags&post=9836"}],"curies":[{"name":"wp","href":"https:\/\/api.w.org\/{rel}","templated":true}]}}