{"id":9882,"date":"2025-04-10T17:50:00","date_gmt":"2025-04-10T15:50:00","guid":{"rendered":"https:\/\/www.assocardan.org\/?p=9882"},"modified":"2025-04-10T17:50:18","modified_gmt":"2025-04-10T15:50:18","slug":"diagnostic-territorial-consacre-a-la-lutte-contre-lillettrisme-et-lillectronisme","status":"publish","type":"post","link":"https:\/\/www.assocardan.org\/?p=9882","title":{"rendered":"Diagnostic territorial du d\u00e9partement de la Somme consacr\u00e9 \u00e0 la lutte contre l\u2019illettrisme et l\u2019illectronisme"},"content":{"rendered":"\n<p>En 2024, la pr\u00e9fecture de r\u00e9gion des Hauts-de-France, dans le cadre de la \u00ab Strat\u00e9gie Grande Pauvret\u00e9 \u00bb, avait lanc\u00e9 un appel \u00e0 projets visant \u00e0 la r\u00e9alisation de diagnostics territoriaux consacr\u00e9s \u00e0 la lutte contre l\u2019illettrisme et l\u2019illectronisme \u00e0 l\u2019\u00e9chelle des EPCI (communaut\u00e9s de communes) ou des d\u00e9partements.<\/p>\n\n\n\n<p>Cardan avait \u00e9t\u00e9 contact\u00e9 par la Communaut\u00e9 de Communes du Vimeu pour un accompagnement de leur diagnostic. Et le CCAS d\u2019Amiens avait \u00e9t\u00e9 retenu pour r\u00e9aliser le diagnostic sur le territoire d\u2019Amiens M\u00e9tropole. Cardan a donc travaill\u00e9 principalement sur les autres territoires du d\u00e9partement (en particulier, la Communaut\u00e9 de Communes du Val de Somme, la Communaut\u00e9 de Communes Ni\u00e8vre et Somme, la Communaut\u00e9 d\u2019Agglom\u00e9ration de la Baie de Somme, la Communaut\u00e9 de Communes de l\u2019Est de la Somme).<\/p>\n\n\n\n<p>En partenariat avec la Communaut\u00e9 de Communes du Vimeu (sur son territoire) et le CCAS d\u2019Amiens (sur le territoire d\u2019Amiens M\u00e9tropole) et de fason ind\u00e9pendante sur le reste du d\u00e9partement, les \u00e9quipes de Cardan ont contribu\u00e9 \u00e0 la r\u00e9alisation de 3 \u00e9tudes-diagnostics.<\/p>\n\n\n\n<p>Le livrable de Cardan est bas\u00e9 sur l\u2019expertise et l\u2019histoire de l\u2019association. \u00c9clair\u00e9 par des focus de territoire et de particularisme (travail avec les r\u00e9seaux lecture et attention particuli\u00e8re aux salari\u00e9.e.s d\u2019ESAT), il prend appui sur les donn\u00e9es statistiques et \u00e9tatiques, plusieurs questionnaires et des entretiens individuels avec des acteurs de la lutte contre l\u2019illettrisme.<\/p>\n\n\n\n<p>Il a \u00e9t\u00e9 pr\u00e9sent\u00e9 aux services de l\u2019\u00c9tat et vise \u00e0 enclencher une s\u00e9rie d\u2019actions en direction des personnes en situation d\u2019illettrisme dans le d\u00e9partement. Il pr\u00e9conise en particulier de stabiliser la proposition \u00e0 Amiens et permettre la mise en place d\u2019un r\u00e9seau d\u2019acteurs dans le d\u00e9partement (rassemblement de forces, d\u2019initiatives, d\u2019envies et de besoins).<\/p>\n\n\n\n<div style=\"height:10px\" aria-hidden=\"true\" class=\"wp-block-spacer\"><\/div>\n\n\n\n<p><strong>Vous pouvez lire le diagnostic en <a rel=\"noreferrer noopener\" href=\"http:\/\/www.assocardan.org\/PDF\/diag-mep-cardan-15_01_25.pdf\" target=\"_blank\">cliquant sur ce lien<\/a>.<\/strong><\/p>\n\n\n\n<div style=\"height:20px\" aria-hidden=\"true\" class=\"wp-block-spacer\"><\/div>\n\n\n\n<h2 class=\"wp-block-heading\">Facteurs de risque au regard de l\u2019illettrisme<\/h2>\n\n\n\n<div style=\"height:10px\" aria-hidden=\"true\" class=\"wp-block-spacer\"><\/div>\n\n\n\n<p>Une \u00e9tude exp\u00e9rimentale \u00ab&nbsp;in\u00e9dite&nbsp;\u00bb financ\u00e9e par la Pr\u00e9fecture de la r\u00e9gion Hauts-de-France a \u00e9t\u00e9 pr\u00e9sent\u00e9e en conf\u00e9rence de presse \u00e0 la bouquinerie du Sart \u00e0 Villeneuve d\u2019Ascq. Cette \u00e9tude est le fruit d\u2019un partenariat entre Insee Hauts de France et l&#8217; Agence Nationale de Lutte Contre l&#8217;Illettrisme (ANLCI). Elle a \u00e9t\u00e9 men\u00e9e en partenariat avec Le Centre R\u00e9gional de Ressources pour les Professionnels (C2RP), la Direction r\u00e9gionale de l&#8217;\u00e9conomie, de l&#8217;emploi, du travail et des solidarit\u00e9s (Dreets), France Travail, la R\u00e9gion Hauts de France et la R\u00e9gion acad\u00e9mique.&nbsp;<\/p>\n\n\n\n<div style=\"height:10px\" aria-hidden=\"true\" class=\"wp-block-spacer\"><\/div>\n\n\n\n<p><strong>Vous pouvez lire cette \u00e9tude en <a rel=\"noreferrer noopener\" href=\"http:\/\/www.assocardan.org\/PDF\/np_ina_190.pdf\" target=\"_blank\">cliquant sur ce lien<\/a>.<\/strong><\/p>\n\n\n\n<div style=\"height:20px\" aria-hidden=\"true\" class=\"wp-block-spacer\"><\/div>\n\n\n\n<h2 class=\"wp-block-heading\">Ann\u00e9e Jules Verne \u00e0 Amiens : un paradoxe dans une ville toujours touch\u00e9e par l&#8217;illettrisme pour l&#8217;association Le Cardan<\/h2>\n\n\n\n<div style=\"height:10px\" aria-hidden=\"true\" class=\"wp-block-spacer\"><\/div>\n\n\n\n<p>Alors que Cardan f\u00eate ses 47 ans d&#8217;existence \u00e0 Amiens, les derniers chiffres de l&#8217;Insee montrent que les Hauts-de-France restent particuli\u00e8rement expos\u00e9s au risque d&#8217;illettrisme. L&#8217;association s&#8217;interroge sur l&#8217;implication des collectivit\u00e9s locales.<\/p>\n\n\n\n<p>ICI Picardie a diffus\u00e9 mardi 8 avril 2025, un sujet qu\u2019ils \u00e9taient venus faire le jour de notre assembl\u00e9e g\u00e9n\u00e9rale.<\/p>\n\n\n\n<div style=\"height:10px\" aria-hidden=\"true\" class=\"wp-block-spacer\"><\/div>\n\n\n\n<p><strong>Pour lire le sujet, <a rel=\"noreferrer noopener\" href=\"https:\/\/www.francebleu.fr\/infos\/societe\/annee-jules-verne-a-amiens-un-paradoxe-dans-une-ville-toujours-touchee-par-l-illettrisme-pour-l-association-le-cardan-2837411\" target=\"_blank\">cliquez sur ce lien<\/a>.<\/strong><\/p>\n\n\n\n<div style=\"height:20px\" aria-hidden=\"true\" class=\"wp-block-spacer\"><\/div>\n\n\n\n<p>Les actions existantes dans le d\u00e9partement sont tr\u00e8s peu nombreuses (si l\u2019on s\u2019int\u00e9resse uniquement \u00e0 l\u2019illettrisme). Cardan accueille quelques dizaines de personnes habitant principalement Amiens, nous avons mis en place une action en partenariat avec le r\u00e9seau lecture du Val de Somme, il existe l\u2019atelier \u00ab Arcade \u00bb anim\u00e9 par Aude Lemari\u00e9 dans les locaux de la biblioth\u00e8que Robert Mallet \u00e0 Abbeville et le Centre Hospitalier de Ham.<\/p>\n\n\n\n<p>Dans la Communaut\u00e9 de Communes du Vimeu, malgr\u00e9 l\u2019implication de Didier Petit, responsable de l\u2019action et d\u2019Ang\u00e9lique Gardin, m\u00e9diatrice du livre de la CC, aucune ressource n\u2019a pu \u00eatre mobilis\u00e9e pour impulser un d\u00e9but de r\u00e9ponse \u00ab concr\u00e8te \u00bb aux constats dress\u00e9s.<\/p>\n\n\n\n<p>\u00c0 l\u2019\u00e9chelle d\u2019Amiens M\u00e9tropole, le CCAS d\u2019Amiens a obtenu un soutien financier de la pr\u00e9fecture de R\u00e9gion. Le caract\u00e8re \u00ab prioritaire \u00bb du territoire a \u00e9t\u00e9 soulign\u00e9 par Sabri- na Vidal, charg\u00e9e de mission de l\u2019ANLCI dans les Hauts-de-France. Le CCAS a mis en place une conciergerie solidaire qui pr\u00e9voit de recenser les besoins des usagers et les propositions de b\u00e9n\u00e9volat. Pour le moment, peu de personnes ont \u00e9t\u00e9 orient\u00e9es vers les actions de Cardan, hormis celles qui s\u2019inscrivaient dans une d\u00e9marche de soutien au financement du permis de conduire en \u00e9change de \u00ab b\u00e9n\u00e9volat \u00bb.<\/p>\n\n\n\n<p>Dans les autres territoires de la Somme, malgr\u00e9 le diagnostic pos\u00e9 et la pr\u00e9sence de personnes \u00ab en situation d\u2019illettrisme \u00bb dans l\u2019ensemble des EPCI, nous n\u2019avons pas r\u00e9ussi \u00e0 mobiliser les collectivit\u00e9s en dehors de la Communaut\u00e9 de Communes du Val de Somme.<\/p>\n","protected":false},"excerpt":{"rendered":"<p>En 2024, la pr\u00e9fecture de r\u00e9gion des Hauts-de-France, dans le cadre de la \u00ab Strat\u00e9gie Grande Pauvret\u00e9 \u00bb, avait lanc\u00e9 un appel \u00e0 projets visant \u00e0 la r\u00e9alisation de diagnostics [&hellip;]<\/p>\n","protected":false},"author":1,"featured_media":9899,"comment_status":"closed","ping_status":"closed","sticky":false,"template":"","format":"standard","meta":{"footnotes":""},"categories":[10],"tags":[496,495,366],"class_list":["post-9882","post","type-post","status-publish","format-standard","has-post-thumbnail","hentry","category-cardan","tag-hauts-de-france","tag-illectronisme","tag-illettrisme"],"_links":{"self":[{"href":"https:\/\/www.assocardan.org\/index.php?rest_route=\/wp\/v2\/posts\/9882","targetHints":{"allow":["GET"]}}],"collection":[{"href":"https:\/\/www.assocardan.org\/index.php?rest_route=\/wp\/v2\/posts"}],"about":[{"href":"https:\/\/www.assocardan.org\/index.php?rest_route=\/wp\/v2\/types\/post"}],"author":[{"embeddable":true,"href":"https:\/\/www.assocardan.org\/index.php?rest_route=\/wp\/v2\/users\/1"}],"replies":[{"embeddable":true,"href":"https:\/\/www.assocardan.org\/index.php?rest_route=%2Fwp%2Fv2%2Fcomments&post=9882"}],"version-history":[{"count":8,"href":"https:\/\/www.assocardan.org\/index.php?rest_route=\/wp\/v2\/posts\/9882\/revisions"}],"predecessor-version":[{"id":9910,"href":"https:\/\/www.assocardan.org\/index.php?rest_route=\/wp\/v2\/posts\/9882\/revisions\/9910"}],"wp:featuredmedia":[{"embeddable":true,"href":"https:\/\/www.assocardan.org\/index.php?rest_route=\/wp\/v2\/media\/9899"}],"wp:attachment":[{"href":"https:\/\/www.assocardan.org\/index.php?rest_route=%2Fwp%2Fv2%2Fmedia&parent=9882"}],"wp:term":[{"taxonomy":"category","embeddable":true,"href":"https:\/\/www.assocardan.org\/index.php?rest_route=%2Fwp%2Fv2%2Fcategories&post=9882"},{"taxonomy":"post_tag","embeddable":true,"href":"https:\/\/www.assocardan.org\/index.php?rest_route=%2Fwp%2Fv2%2Ftags&post=9882"}],"curies":[{"name":"wp","href":"https:\/\/api.w.org\/{rel}","templated":true}]}}